{"id":8164,"date":"2024-06-10T14:48:32","date_gmt":"2024-06-10T12:48:32","guid":{"rendered":"https:\/\/pasaenmendoza.com\/?p=8164"},"modified":"2024-06-10T14:48:34","modified_gmt":"2024-06-10T12:48:34","slug":"los-15-cheques-que-podrian-salvar-o-hundir-a-los-directivos-de-fecovita","status":"publish","type":"post","link":"https:\/\/pasaenmendoza.com\/?p=8164","title":{"rendered":"Los 15 cheques que podr\u00edan salvar (o hundir) a los directivos de Fecovita"},"content":{"rendered":"\n<p>La batalla judicial entre\u00a0<strong>Fecovita<\/strong>\u00a0y sus antiguos socios de\u00a0<strong>Iberte<\/strong>, que reclaman a la federaci\u00f3n una\u00a0deuda aproximada de 50 millones de d\u00f3lares, tuvo un nuevo cap\u00edtulo vinculado a la\u00a0<strong>causa penal por balances falsos<\/strong>, en la que est\u00e1n imputados actuales y antiguos directivos por ocultar pasivos en los\u00a0<strong>ejercicios<\/strong>\u00a0<strong>2021<\/strong>\u00a0y\u00a0<strong>2022<\/strong>. La novedad es que para evitar la imputaci\u00f3n por el balance 2023, Fecovita afirm\u00f3 que\u00a0<strong>parte de las obligaciones con los espa\u00f1oles hab\u00eda sido pagada a trav\u00e9s de 15 cheques<\/strong>\u00a0por\u00a0<strong>$1.878 millones,<\/strong>\u00a0lo que la convertir\u00eda en una &#8220;deuda litigiosa&#8221;, por lo que tendr\u00edan argumentos para no incluirla entre los pasivos. Sin embargo,\u00a0<strong>esta versi\u00f3n no ser\u00eda avalada<\/strong>\u00a0por el expresidente de la entidad,\u00a0<strong>Eduardo Sancho.<\/strong><\/p>\n\n\n\n<p>La&nbsp;<strong>aprobaci\u00f3n del balance 2023<\/strong>&nbsp;tuvo lugar en la asamblea que&nbsp;<strong>Fecovita<\/strong>&nbsp;realiz\u00f3 el<strong>&nbsp;30 de abril<\/strong>&nbsp;pasado. All\u00ed, los integrantes de la federaci\u00f3n ratificaron la continuidad del presidente&nbsp;<strong>Rub\u00e9n Panella<\/strong>, imputado por balances falsos, y avalaron la rendici\u00f3n de cuentas del a\u00f1o pasado, en la que tambi\u00e9n&nbsp;<strong>eliminaron de los pasivos la deuda con los socios espa\u00f1oles<\/strong>. Esa deuda es por incumplimiento de los pagos previstos en el acuerdo de disoluci\u00f3n de la sociedad, firmado el 13 de octubre de 2022.<\/p>\n\n\n\n<p>La novedad es que para el ejercicio&nbsp;<strong>2023<\/strong>&nbsp;<strong>Fecovita justific\u00f3 la eliminaci\u00f3n de esa deuda de los pasivos<\/strong>&nbsp;afirmando que&nbsp;<strong>hab\u00edan pagado parcialmente<\/strong>&nbsp;el acuerdo del 13 de octubre de 2022&nbsp;<strong>a trav\u00e9s de 15 cheques<\/strong>&nbsp;de id\u00e9ntico valor:&nbsp;<strong>$125.200.000 cada uno<\/strong>, haciendo un total de$1.878 millones.&nbsp;Esto les permit\u00eda considerar&nbsp;que<strong>&nbsp;es una &#8220;deuda litigiosa&#8221;<\/strong>&nbsp;y, de esta manera,&nbsp;<strong>tener argumentos para eliminarla de los balances<\/strong>.<\/p>\n\n\n\n<p>Ante esto,\u00a0<strong>los abogados de Iberte<\/strong>, los mendocinos<strong>\u00a0Santiago Pontis Day y Carlos Aguinaga<\/strong>, plantearon que en realidad esos<strong>\u00a015 cheques<\/strong>\u00a0bajo ning\u00fan concepto fueron entregados para cancelar la deuda que se hab\u00eda generado por la disoluci\u00f3n de Evisa, la sociedad que confirmaban Fecovita e Iberte. Por el contrario, indicaron que\u00a0<strong>ese pago de casi $2.000 millones &#8220;correspond\u00eda al contrato de suministro celebrado el 23 de junio de 2022<\/strong>, donde se establecieron cantidades de producto de vino y mosto o la posibilidad de reemplazar la entrega por el equivalente en dinero, y\u00a0<strong>no ten\u00eda nada que ver con los acordado el 13 de octubre de 2022<\/strong>&#8220;, explic\u00f3 el abogado\u00a0<strong>Pontis Day<\/strong><\/p>\n\n\n\n<p>Uno de los factores que echar\u00eda por tierra la versi\u00f3n de los directivos de Fecovita, es que en el<strong>&nbsp;contrato de suministro del 23 de junio de 2022&nbsp;<\/strong>se especificaron los pagos a realizar y coinciden con los primeros ocho cheques. &#8220;<strong>Los primeros 8 cheques del anexo<\/strong>, por un total de&nbsp;<strong>$ 1.001.600.000<\/strong>, tienen&nbsp;<strong>origen indubitable en la adenda al contrato de suministro<\/strong>&nbsp;suscripta el&nbsp;<strong>23 de junio de 2022<\/strong>&#8220;, destac\u00f3 un informe contable que encarg\u00f3 Iberte. Y agreg\u00f3: &#8220;Los restantes 7 cheques que completan el total de $1.878.000.000, fueron librados entre el 7 de julio y el 4 del agosto por los mismos importantes de los anteriores 125.200.000&#8221;.<\/p>\n\n\n\n<p>Adem\u00e1s, insistieron en que\u00a0<strong>si Fecovita hubiese usado ese dinero para cancelar lo acordado el 13 de octubre<\/strong>\u00a0-es decir, para recomprar parte de los 17 millones de litros de vino y 6.600 toneladas de mosto-\u00a0<strong>deber\u00eda haber entregado &#8220;pagar\u00e9s burs\u00e1tiles avalados bancariamente&#8221;<\/strong>, tal como se hab\u00eda acordado, y no cheques.<\/p>\n\n\n\n<p>La versi\u00f3n de Eduardo Sancho complicar\u00eda a la actual mesa directiva<\/p>\n\n\n\n<p>Los representantes legales de Iberte en Argentina presentar\u00edan una\u00a0<strong>ampliaci\u00f3n de denuncia en la fiscal\u00eda de Delitos Econ\u00f3micos para que se ampl\u00ede la imputaci\u00f3n por balances falsos tambi\u00e9n al ejercicio 2023<\/strong>. Y para\u00a0<strong>echar por tierra la versi\u00f3n de Fecovita<\/strong>\u00a0de que los\u00a0<strong>15 cheques<\/strong>\u00a0eran para pagar parte de la deuda que surgi\u00f3 el 13 de octubre de 2022 y as\u00ed justificar el hecho de no incluirla en los balances, los abogados tambi\u00e9n tienen en su poder una carta documento de Eduardo Sancho, en la que ratifica que ese dinero fue para pagar compromisos previos, surgidos el 23 de junio de 2022.<\/p>\n\n\n\n<p>En primer lugar, entre los imputados en la causa por balances falsos contra directivos de Fecovita est\u00e1n su presidente,&nbsp;<strong>Rub\u00e9n Panella<\/strong>, el secretario&nbsp;<strong>Marcelo Federici<\/strong>, el director general&nbsp;<strong>Juan Rodr\u00edguez<\/strong>, algunos s\u00edndicos, pero tambi\u00e9n algunos exintegrantes de la mesa directiva, como el extesorero&nbsp;<strong>Jorge Ira\u00f1eta<\/strong>&nbsp;y el expresidente&nbsp;<strong>Eduardo Sancho, quien podr\u00eda complicar la &#8220;coartada&#8221; de los cheques.<\/strong><\/p>\n\n\n\n<p><strong>Sancho era presidente de Fecovita el 23 de junio de 2022<\/strong>, cuando se firm\u00f3 el contrato de suministro, y fue removido por sus pares antes del 13 de octubre, cuando la federaci\u00f3n firm\u00f3 el acuerdo de disoluci\u00f3n de la sociedad (Evisa) con Iberte.\u00a0<\/p>\n\n\n\n<p>Intimado por sus antiguos socios,<strong>\u00a0Sancho respondi\u00f3 en una carta documento del 3 de junio pasado<\/strong>\u00a0que los cheques que llevan su firma se usaron en cumplimiento del contrato de suministro del 23 de junio de 2022. &#8220;Los primeros ocho cheques detallados en la notificaci\u00f3n, librados en fecha 23 de junio de 2022 y firmados por m\u00ed, como presidente de Fecovita,\u00a0<strong>se entregaron en cumplimiento del contrato de suministro celebrado entre Fecovita y Evisa, en fecha 23 de junio de 2022&#8243;<\/strong>. Y agreg\u00f3: &#8220;Los siete cheques restantes, que habr\u00edan sido librados entre el 7 de julio de 2022 y el 4 de agosto de 2022, podr\u00edan corresponder a los pagos faltantes del contrato de suministro. Pero, como son posteriores a mi gesti\u00f3n como presidente de Fecovita (01\/07\/2022), no puedo afirmar ni descartar que se vinculen con ese contrato&#8221;.<\/p>\n\n\n\n<p>En la misma l\u00ednea, los empresarios espa\u00f1oles presentar\u00edan en fiscal\u00eda un correo electr\u00f3nico certificado por escribano, correspondiente a Pablo Blas, exgerente general de Fecovita. &#8220;<strong>Reconozco que los 15 cheques mencionados en vuestra notificaci\u00f3n fueron entregados por Fecovita C.L. a Exportadora Vitivin\u00edcola S.A. en virtud del contrato de suministro de fecha de junio de 2022<\/strong>&#8220;, dice el email.<\/p>\n\n\n\n<p>La deuda de casi U$S 50 millones<\/p>\n\n\n\n<p>Sea cual fuese la salida de Fecovita, desde la empresa Iberte, que se asoci\u00f3 con Fecovita para armar Exportadora Vitivin\u00edcola S.A. (Evisa), ratificaron que la deuda es de\u00a0<strong>U$S 23 millones\u00a0<\/strong>por falta de entrega de productos (vino y mosto) acordada en el acuerdo de disoluci\u00f3n de la sociedad (Evisa) del\u00a0<strong>13 de octubre de 2022<\/strong>, y hay otros\u00a0<strong>U$S 26 millones<\/strong>\u00a0por el ejercicio &#8220;irrevocable&#8221; de la opci\u00f3n de venta de las acciones de Evisa a Fecovita, lo que estar\u00edan en condiciones de ejecutar.<\/p>\n\n\n\n<p>FUENTE: Mendozapost.<\/p>\n","protected":false},"excerpt":{"rendered":"<p>La batalla judicial entre\u00a0Fecovita\u00a0y sus antiguos socios de\u00a0Iberte, que reclaman a la federaci\u00f3n una\u00a0deuda aproximada de 50 millones de d\u00f3lares, tuvo un nuevo cap\u00edtulo vinculado a la\u00a0causa penal por balances falsos, en la que est\u00e1n imputados actuales y antiguos directivos por ocultar pasivos en los\u00a0ejercicios\u00a02021\u00a0y\u00a02022. La novedad es que para evitar la imputaci\u00f3n por el [&hellip;]<\/p>\n","protected":false},"author":2,"featured_media":8165,"comment_status":"open","ping_status":"open","sticky":true,"template":"","format":"standard","meta":[],"categories":[47],"tags":[],"_links":{"self":[{"href":"https:\/\/pasaenmendoza.com\/index.php?rest_route=\/wp\/v2\/posts\/8164"}],"collection":[{"href":"https:\/\/pasaenmendoza.com\/index.php?rest_route=\/wp\/v2\/posts"}],"about":[{"href":"https:\/\/pasaenmendoza.com\/index.php?rest_route=\/wp\/v2\/types\/post"}],"author":[{"embeddable":true,"href":"https:\/\/pasaenmendoza.com\/index.php?rest_route=\/wp\/v2\/users\/2"}],"replies":[{"embeddable":true,"href":"https:\/\/pasaenmendoza.com\/index.php?rest_route=%2Fwp%2Fv2%2Fcomments&post=8164"}],"version-history":[{"count":1,"href":"https:\/\/pasaenmendoza.com\/index.php?rest_route=\/wp\/v2\/posts\/8164\/revisions"}],"predecessor-version":[{"id":8166,"href":"https:\/\/pasaenmendoza.com\/index.php?rest_route=\/wp\/v2\/posts\/8164\/revisions\/8166"}],"wp:featuredmedia":[{"embeddable":true,"href":"https:\/\/pasaenmendoza.com\/index.php?rest_route=\/wp\/v2\/media\/8165"}],"wp:attachment":[{"href":"https:\/\/pasaenmendoza.com\/index.php?rest_route=%2Fwp%2Fv2%2Fmedia&parent=8164"}],"wp:term":[{"taxonomy":"category","embeddable":true,"href":"https:\/\/pasaenmendoza.com\/index.php?rest_route=%2Fwp%2Fv2%2Fcategories&post=8164"},{"taxonomy":"post_tag","embeddable":true,"href":"https:\/\/pasaenmendoza.com\/index.php?rest_route=%2Fwp%2Fv2%2Ftags&post=8164"}],"curies":[{"name":"wp","href":"https:\/\/api.w.org\/{rel}","templated":true}]}}