{"id":8167,"date":"2024-06-10T14:54:18","date_gmt":"2024-06-10T12:54:18","guid":{"rendered":"https:\/\/pasaenmendoza.com\/?p=8167"},"modified":"2024-06-10T14:54:19","modified_gmt":"2024-06-10T12:54:19","slug":"calvente-firmo-un-acuerdo-con-asinmet-y-capacitaran-a-40-mujeres-en-metalmecanica","status":"publish","type":"post","link":"https:\/\/pasaenmendoza.com\/?p=8167","title":{"rendered":"Calvente firm\u00f3 un acuerdo con Asinmet y capacitar\u00e1n a 40 mujeres en metalmec\u00e1nica"},"content":{"rendered":"\n<p>Las inscripciones comienzan este lunes 10 de junio y las capacitaciones el 24. En el cursado, las participantes recibir\u00e1n\u00a0<strong>un incentivo mensual de $35.000<\/strong><\/p>\n\n\n\n<p>La Asociaci\u00f3n de Industriales Metal\u00fargicos (<strong>Asinmet<\/strong>)\u00a0<strong>formar\u00e1 a 40 mujeres en oficios metalmec\u00e1nicos\u00a0<\/strong>en un ciclo denominado &#8220;Mujeres de Acero&#8221;. Durante el cursado, cuyas\u00a0<strong>inscripciones comienzan este lunes 10 de junio<\/strong>, las estudiantes recibir\u00e1n un<strong>\u00a0vi\u00e1tico de $35.000 mensuales\u00a0<\/strong>y, posteriormente, tendr\u00e1n la oportunidad de insertarse en el mercado laboral.<\/p>\n\n\n\n<p>Las inscritas cursar\u00e1n&nbsp;<strong>1 m\u00f3dulo de operaria metal\u00fargica y 3 m\u00f3dulos en diferentes tipos de soldadura.<\/strong><\/p>\n\n\n\n<p>Para ello,&nbsp;<strong>Asinmet se comprometi\u00f3 a proporcionar el espacio f\u00edsico, la log\u00edstica y la administraci\u00f3n del curso<\/strong>, adem\u00e1s del equipo necesario como electrodos, discos de corte, hojas de sierra, y puntas de rayar y marcar, entre otros.<\/p>\n\n\n\n<p>La Subsecretar\u00eda de Empleo y Capacitaci\u00f3n cubrir\u00e1 el costo de las horas docentes, mientras que la\u00a0<strong>Municipalidad de Guaymall\u00e9n<\/strong>\u00a0aportar\u00e1 los elementos de protecci\u00f3n personal para las beneficiarias del programa.<\/p>\n\n\n\n<h2 class=\"wp-block-heading\">Buscar\u00e1n generar recurso humano en oficios relacionados al acero<\/h2>\n\n\n\n<p>El ministro de Producci\u00f3n,&nbsp;<strong>Rodolfo Vargas Arizu<\/strong>, afirm\u00f3 que en Mendoza hay potencial inversor y est\u00e1n&nbsp;<strong>buscando que tambi\u00e9n haya recurso humano capacitado, para encontrar nuevas oportunidades de crecimiento.<\/strong><\/p>\n\n\n\n<p>&#8220;Es por eso que hoy, especialmente con la parte metalmec\u00e1nica, estamos acercando la tecnolog\u00eda necesaria y la pr\u00e1ctica, para que las mujeres se sumen al rubro con los conocimientos para tener \u00e9xito en ese \u00e1mbito laboral&#8221;, continu\u00f3.<\/p>\n\n\n\n<p>Al terminar el curso las soldadoras calificadas -explic\u00f3 el gerente de Asinmet-, podr\u00e1n formar parte de las empresas que ya existen o, incluso, conformar sus propios emprendimientos.<\/p>\n\n\n\n<h2 class=\"wp-block-heading\">Las palabras del intendente de Guaymall\u00e9n<\/h2>\n\n\n\n<p>Al respecto,<strong>\u00a0el intendente de Guaymall\u00e9n, Marcos Calvente,<\/strong>\u00a0se\u00f1al\u00f3:<strong>\u00a0\u201cestamos supliendo un d\u00e9ficit que tiene la industria<\/strong>, la Metalmec\u00e1nica es de mano de obra intensiva, pero requiere de personal capacitado, y si planteamos una recuperaci\u00f3n econ\u00f3mica a partir del sector privado, con empresas que trabajen cada vez en m\u00e1s y mejores proyectos,<strong>\u00a0tenemos que avanzar en capacitaciones que sirvan para ese futuro de reactivaci\u00f3n\u201d.<\/strong><\/p>\n\n\n\n<p>\u201cNosotros en Guaymall\u00e9n queremos generar instancias de capacitaci\u00f3n, pero pensando en la posibilidad de que los y las vecinas encuentren luego<strong>&nbsp;fuentes de trabajo genuinas<\/strong>&nbsp;y que les permitan crecer en lo individual y tambi\u00e9n generar una sinergia positiva en todo el departamento.<strong>&nbsp;Agradecemos esta participaci\u00f3n del sector privado, con Asinmet y Adimra, y del Gobierno de la provincia<\/strong>, para avanzar en ese sentido y sobre todo porque se ha tenido en cuenta la participaci\u00f3n de las mujeres, que muchas veces son el motor de sus familias y con esto se puede generar un cambio positivo para ellas y para las pr\u00f3ximas generaciones y buscar una igualdad de oportunidades real\u201d, agreg\u00f3 el jefe comunal.<\/p>\n\n\n\n<p><strong>\u201cSabemos que la metalmec\u00e1nica es fuerte en Guaymall\u00e9n, tenemos alrededor de 70 pymes del rubro y queremos potenciar eso tambi\u00e9n desde las capacitaciones para convertirnos en un verdadero polo que atraiga inversores\u201d,&nbsp;<\/strong>cerr\u00f3 Calvente.<\/p>\n\n\n\n<h2 class=\"wp-block-heading\"><strong>\u00bfA qui\u00e9nes est\u00e1 dirigido el ciclo &#8220;Mujeres de Acero&#8221;?<\/strong><\/h2>\n\n\n\n<p>La&nbsp;<strong>subsecretaria de Empleo y Capacitaci\u00f3n de la Provincia, Emilce Vega Espinoza,<\/strong>&nbsp;cont\u00f3 los detalles del programa&nbsp;<strong>Mujeres de Acero<\/strong>, e invit\u00f3 a todas las guaymallinas en particular y mendocinas en general a sumarse al desaf\u00edo.<\/p>\n\n\n\n<p>\u201cA partir del lunes 10 vas a poder inscribirte a\u00a0<strong>\u2018Mujeres de Acero\u2019,<\/strong>\u00a0donde\u00a0<strong>mujeres de entre 18 y 55 a\u00f1os de edad<\/strong>\u00a0que se encuentren desocupadas van a poder acceder a\u00a0<strong>una capacitaci\u00f3n para vincularse con el mundo laboral de la metalmec\u00e1nica<\/strong>. Las invito a que cada vez estemos m\u00e1s ocupando lugares que hoy est\u00e1n sumamente masculinizados\u201d, indic\u00f3.<\/p>\n\n\n\n<p>As\u00ed, se espera que\u00a0<strong>a partir del 24 de junio, 40 mujeres inicien la capacitaci\u00f3n y la terminen al cabo de 6 meses.<\/strong>\u00a0El programa incluye una parte te\u00f3rica y una parte pr\u00e1ctica, y las inscriptas recibir\u00e1n<strong>\u00a0un incentivo de $35.000 por mes<\/strong>\u00a0para garantizar que inicien y finalicen el cursado para luego integrarse a empresas del sector.<\/p>\n\n\n\n<p>En una segunda etapa, Vega Espinoza se\u00f1al\u00f3 que las mujeres -ya capacitadas- podr\u00e1n ingresar en las empresas del rubro tambi\u00e9n con otros programas de apoyo al empleo, que\u00a0<strong>son parte de las l\u00edneas Activas del Ministerio de Producci\u00f3n, tales como Enlazados,\u00a0<\/strong>por el que el Gobierno cubre un monto mensual equivalente al 100% del salario m\u00ednimo vital y m\u00f3vil por cada uno de los empleados nuevos que incorpore una empresa, y esta, a su vez, debe completar la diferencia (hasta alcanzar el sueldo de convenio).<\/p>\n\n\n\n<p>FUENTE: Diariouno.com.ar <\/p>\n","protected":false},"excerpt":{"rendered":"<p>Las inscripciones comienzan este lunes 10 de junio y las capacitaciones el 24. En el cursado, las participantes recibir\u00e1n\u00a0un incentivo mensual de $35.000 La Asociaci\u00f3n de Industriales Metal\u00fargicos (Asinmet)\u00a0formar\u00e1 a 40 mujeres en oficios metalmec\u00e1nicos\u00a0en un ciclo denominado &#8220;Mujeres de Acero&#8221;. Durante el cursado, cuyas\u00a0inscripciones comienzan este lunes 10 de junio, las estudiantes recibir\u00e1n un\u00a0vi\u00e1tico [&hellip;]<\/p>\n","protected":false},"author":2,"featured_media":8168,"comment_status":"open","ping_status":"open","sticky":true,"template":"","format":"standard","meta":[],"categories":[47],"tags":[],"_links":{"self":[{"href":"https:\/\/pasaenmendoza.com\/index.php?rest_route=\/wp\/v2\/posts\/8167"}],"collection":[{"href":"https:\/\/pasaenmendoza.com\/index.php?rest_route=\/wp\/v2\/posts"}],"about":[{"href":"https:\/\/pasaenmendoza.com\/index.php?rest_route=\/wp\/v2\/types\/post"}],"author":[{"embeddable":true,"href":"https:\/\/pasaenmendoza.com\/index.php?rest_route=\/wp\/v2\/users\/2"}],"replies":[{"embeddable":true,"href":"https:\/\/pasaenmendoza.com\/index.php?rest_route=%2Fwp%2Fv2%2Fcomments&post=8167"}],"version-history":[{"count":1,"href":"https:\/\/pasaenmendoza.com\/index.php?rest_route=\/wp\/v2\/posts\/8167\/revisions"}],"predecessor-version":[{"id":8169,"href":"https:\/\/pasaenmendoza.com\/index.php?rest_route=\/wp\/v2\/posts\/8167\/revisions\/8169"}],"wp:featuredmedia":[{"embeddable":true,"href":"https:\/\/pasaenmendoza.com\/index.php?rest_route=\/wp\/v2\/media\/8168"}],"wp:attachment":[{"href":"https:\/\/pasaenmendoza.com\/index.php?rest_route=%2Fwp%2Fv2%2Fmedia&parent=8167"}],"wp:term":[{"taxonomy":"category","embeddable":true,"href":"https:\/\/pasaenmendoza.com\/index.php?rest_route=%2Fwp%2Fv2%2Fcategories&post=8167"},{"taxonomy":"post_tag","embeddable":true,"href":"https:\/\/pasaenmendoza.com\/index.php?rest_route=%2Fwp%2Fv2%2Ftags&post=8167"}],"curies":[{"name":"wp","href":"https:\/\/api.w.org\/{rel}","templated":true}]}}