{"id":8170,"date":"2024-06-11T00:32:25","date_gmt":"2024-06-10T22:32:25","guid":{"rendered":"https:\/\/pasaenmendoza.com\/?p=8170"},"modified":"2024-06-11T00:32:27","modified_gmt":"2024-06-10T22:32:27","slug":"atentos-conductores-nuevo-e-importante-cambio-en-la-calle-moron-de-ciudad","status":"publish","type":"post","link":"https:\/\/pasaenmendoza.com\/?p=8170","title":{"rendered":"Atentos conductores: nuevo e importante cambio en la calle Mor\u00f3n de Ciudad"},"content":{"rendered":"\n<p>La Municipalidad de la\u00a0<strong>Ciudad de Mendoza<\/strong>\u00a0inform\u00f3 que a partir de este martes 11 de junio\u00a0el\u00a0doble sentido de circulaci\u00f3n de\u00a0calle\u00a0<strong>Mor\u00f3n\u00a0<\/strong>se\u00a0extender\u00e1\u00a0de manera transitoria en el tramo de\u00a0Lisandro\u00a0de la Torre a Rioja. D\u00edas atr\u00e1s, la comuna capitalina hab\u00eda comunicado que Mor\u00f3n pasaba a ser &#8220;doble mano&#8221; de forma temporal. Ahora, informaron que la doble circulaci\u00f3n se extiende unos metros m\u00e1s.\u00a0<\/p>\n\n\n\n<p>La Capital explic\u00f3 que esto&nbsp;&#8220;se debe a que por razones que se relacionan con la&nbsp;obra&nbsp;de&nbsp;Aysam&nbsp;en la zona, se hace necesario modificar esta&nbsp;doble mano,&nbsp;que&nbsp;originalmente&nbsp;comprend\u00eda desde San Mart\u00edn a Lisandro de la Torre, y extenderla de&nbsp;San Mart\u00edn a Rioja,&nbsp;con el fin de darle&nbsp;mayor fluidez al tr\u00e1nsito&nbsp;y brindar a los&nbsp;conductores mas v\u00edas alternativas&#8221;.&nbsp;<\/p>\n\n\n\n<p>Luego, desde este punto se retoma la&nbsp;circulaci\u00f3n habitual&nbsp;de&nbsp;oeste a este, desde&nbsp;Rioja a Costanera.&nbsp;Con esta modificaci\u00f3n provisoria, se pretende darle mayor fluidez al tr\u00e1nsito instando a los conductores a utilizar v\u00edas alternativas de circulaci\u00f3n para no incurrir en demoras.<\/p>\n\n\n\n<p>Desde la comuna de la Ciudad explicaron que &#8220;adem\u00e1s, que desde este lunes 10 de junio y por unos d\u00edas, se producir\u00e1 un\u00a0corte total en calle Juli\u00e1n Barraquero en intersecci\u00f3n con San Juan\u00a0y tambi\u00e9n a la altura de Costanera. De esta forma, queda como alternativa en esta zona el ingreso a\u00a0Ciudad por calle Formosa\u00a0al\u00a0oeste\u00a0y luego\u00a0Lisandro de la Torre al norte\u00a0hasta\u00a0Mor\u00f3n\u00a0para llegar a\u00a0San Mart\u00edn, como tambi\u00e9n puede ser el ingreso por calle Vicente Zapata&#8221;.<\/p>\n\n\n\n<p><strong>Fuente: www.mdzol.com<\/strong><\/p>\n","protected":false},"excerpt":{"rendered":"<p>La Municipalidad de la\u00a0Ciudad de Mendoza\u00a0inform\u00f3 que a partir de este martes 11 de junio\u00a0el\u00a0doble sentido de circulaci\u00f3n de\u00a0calle\u00a0Mor\u00f3n\u00a0se\u00a0extender\u00e1\u00a0de manera transitoria en el tramo de\u00a0Lisandro\u00a0de la Torre a Rioja. D\u00edas atr\u00e1s, la comuna capitalina hab\u00eda comunicado que Mor\u00f3n pasaba a ser &#8220;doble mano&#8221; de forma temporal. Ahora, informaron que la doble circulaci\u00f3n se extiende unos [&hellip;]<\/p>\n","protected":false},"author":2,"featured_media":8171,"comment_status":"open","ping_status":"open","sticky":false,"template":"","format":"standard","meta":[],"categories":[50],"tags":[],"_links":{"self":[{"href":"https:\/\/pasaenmendoza.com\/index.php?rest_route=\/wp\/v2\/posts\/8170"}],"collection":[{"href":"https:\/\/pasaenmendoza.com\/index.php?rest_route=\/wp\/v2\/posts"}],"about":[{"href":"https:\/\/pasaenmendoza.com\/index.php?rest_route=\/wp\/v2\/types\/post"}],"author":[{"embeddable":true,"href":"https:\/\/pasaenmendoza.com\/index.php?rest_route=\/wp\/v2\/users\/2"}],"replies":[{"embeddable":true,"href":"https:\/\/pasaenmendoza.com\/index.php?rest_route=%2Fwp%2Fv2%2Fcomments&post=8170"}],"version-history":[{"count":1,"href":"https:\/\/pasaenmendoza.com\/index.php?rest_route=\/wp\/v2\/posts\/8170\/revisions"}],"predecessor-version":[{"id":8172,"href":"https:\/\/pasaenmendoza.com\/index.php?rest_route=\/wp\/v2\/posts\/8170\/revisions\/8172"}],"wp:featuredmedia":[{"embeddable":true,"href":"https:\/\/pasaenmendoza.com\/index.php?rest_route=\/wp\/v2\/media\/8171"}],"wp:attachment":[{"href":"https:\/\/pasaenmendoza.com\/index.php?rest_route=%2Fwp%2Fv2%2Fmedia&parent=8170"}],"wp:term":[{"taxonomy":"category","embeddable":true,"href":"https:\/\/pasaenmendoza.com\/index.php?rest_route=%2Fwp%2Fv2%2Fcategories&post=8170"},{"taxonomy":"post_tag","embeddable":true,"href":"https:\/\/pasaenmendoza.com\/index.php?rest_route=%2Fwp%2Fv2%2Ftags&post=8170"}],"curies":[{"name":"wp","href":"https:\/\/api.w.org\/{rel}","templated":true}]}}