{"id":8176,"date":"2024-06-11T00:52:16","date_gmt":"2024-06-10T22:52:16","guid":{"rendered":"https:\/\/pasaenmendoza.com\/?p=8176"},"modified":"2024-06-11T00:53:50","modified_gmt":"2024-06-10T22:53:50","slug":"ciudad-adelanto-que-en-octubre-se-subastaran-terrenos-del-distrito-estacion-mendoza-para-vivienda-y-comercios","status":"publish","type":"post","link":"https:\/\/pasaenmendoza.com\/?p=8176","title":{"rendered":"Ciudad adelant\u00f3 que en octubre se subastar\u00e1n terrenos del Distrito Estaci\u00f3n Mendoza para vivienda y comercios"},"content":{"rendered":"\n<p><strong>Ciudad<\/strong>&nbsp;tiene previsto&nbsp;<strong>subastar la primera fracci\u00f3n de tierras<\/strong>&nbsp;para el ambicioso proyecto urban\u00edstico&nbsp;<strong>Distrito Saludable Estaci\u00f3n Mendoza<\/strong>&nbsp;en el segundo semestre de este a\u00f1o. Esta iniciativa apunta a la construcci\u00f3n de viviendas y un \u00e1rea comercial en terrenos fiscales que pertenecen a la Agencia de Administraci\u00f3n de Bienes del Estado (AABE).<\/p>\n\n\n\n<p>El predio se encuentra ubicado entre las calles Suipacha\/Coronel Plaza, Per\u00fa, Las Heras\/Juan B. Justo y Tiburcio Benegas. Consta de&nbsp;<strong>23 hect\u00e1reas<\/strong>, en las cuales se priorizar\u00e1 un parque p\u00fablico en gran parte de su superficie, as\u00ed como el desarrollo habitacional y comercial, entre otros espacios.&nbsp;<strong>Cualquier ciudadano podr\u00e1 participar de la subasta desde la plataforma de AABE.<\/strong><\/p>\n\n\n\n<p>Seg\u00fan indicaron desde capital, los desarrolladores podr\u00e1n participar de estas subastas, que tendr\u00e1n<strong>&nbsp;un valor en base a una serie de indicadores<\/strong>. Hubo varias reuniones para atraer a los inversores de la provincia y de otras partes del pa\u00eds, quienes construir\u00e1n y luego podr\u00e1n vender viviendas o locales comerciales.<\/p>\n\n\n\n<p>Municipalidad de Mendoza<\/p>\n\n\n\n<p>El secretario de Ambiente y Desarrollo Urbano,&nbsp;<strong>Sebasti\u00e1n Fermani<\/strong>, asegur\u00f3 que directamente es el gobierno nacional el que promover\u00e1 la subasta y la primera ser\u00e1 la fracci\u00f3n de calle Per\u00fa.&nbsp;<strong>Se realizar\u00e1 entre octubre y noviembre de este a\u00f1o<\/strong>.<\/p>\n\n\n\n<p>&#8220;Hay mucho inter\u00e9s de los desarrolladores locales, pero tambi\u00e9n de otras provincias los que podr\u00e1n ejecutar sus proyectos en base a una serie de&nbsp;<strong>criterios de sustentabilidad<\/strong>, conservando una importante \u00e1rea para un pulm\u00f3n verde&#8221;, se\u00f1al\u00f3 Fermani.<\/p>\n\n\n\n<p>&#8220;Hay un potencial comercial muy importante, porque en esa \u00e1rea est\u00e1 un barrio del Procrear, lo que le dar\u00e1 mayores servicios a la zona que ahora es un vac\u00edo urbano. Es un excelente aprovechamiento con privilegiada ubicaci\u00f3n&#8221;, manifest\u00f3.<\/p>\n\n\n\n<h2 class=\"wp-block-heading\"><strong>El impacto social del Distrito Estaci\u00f3n Mendoza<\/strong><\/h2>\n\n\n\n<p>Fermani recalc\u00f3 que el proyecto -que se basa en una articulaci\u00f3n p\u00fablico\/privada- generar\u00e1&nbsp;<strong>7.000 puestos de trabajo directos<\/strong>&nbsp;cuando comience la construcci\u00f3n, pero adem\u00e1s analiz\u00f3 que implica un desarrollo urban\u00edstico que&nbsp;<strong>&#8220;hace d\u00e9cadas no se ve\u00eda&#8221;.<\/strong><\/p>\n\n\n\n<p>En ese sentido, el intendente&nbsp;<strong>Ulpiano Suarez<\/strong>&nbsp;advirti\u00f3 en varias ocasiones que estas oportunidades permiten que por proximidad haya<strong>&nbsp;mendocinos que eligen vivir e invertir en la Ciudad de Mendoza<\/strong>&nbsp;y no se vayan a otros departamentos del \u00e1rea metropolitana.<\/p>\n\n\n\n<p>En la presentaci\u00f3n del proyecto a inversiones se destacaron los indicadores ambientales y sociales, como de servicios que hacen atractivas las apuestas, con&nbsp;<strong>un fuerte impulso de la comuna en la atracci\u00f3n de estos recursos econ\u00f3micos<\/strong>.<\/p>\n\n\n\n<p>Municipalidad de Mendoza<\/p>\n\n\n\n<p>El mes pasado estuvo en la provincia el director de Proyectos de Gesti\u00f3n Inmobiliaria de la AABE,&nbsp;<strong>Juan Diego Lazzaro<\/strong>, quien manifest\u00f3 que&nbsp;<strong>Distrito Saludable Estaci\u00f3n Mendoza<\/strong>&nbsp;tiene como objetivo &#8220;<strong>crear nuevos centros urbanos&nbsp;<\/strong>densos de condici\u00f3n&nbsp;<strong>sustentable<\/strong>&nbsp;y que permitan apalancar el&nbsp;<strong>crecimiento&nbsp;<\/strong>de las ciudades del pa\u00eds. Tambi\u00e9n consiste en traer&nbsp;<strong>modelos exitosos,<\/strong>&nbsp;que tienen que ver con&nbsp;<strong>nuevos usos,&nbsp;<\/strong>nuevos servicios,&nbsp;<strong>mejores formas de habitar,&nbsp;<\/strong>ciudades m\u00e1s conectadas, ciudades con&nbsp;<strong>usos mixtos&nbsp;<\/strong>y pensarlo como&nbsp;<strong>motores del desarrollo&#8221;.<\/strong><\/p>\n\n\n\n<p>El proyecto&nbsp;<strong>Distrito Sustentable Estaci\u00f3n Mendoza<\/strong>&nbsp;contempla \u00e1reas de generaci\u00f3n de espacios p\u00fablicos, de desarrollo habitacional y de servicios, desarrollo comercial y la&nbsp;<strong>puesta en valor<\/strong>&nbsp;de gran cantidad de galpones. A su vez, implica la&nbsp;<strong>apertura de calle Godoy Cruz<\/strong>&nbsp;y su&nbsp;<strong>conexi\u00f3n&nbsp;<\/strong>con&nbsp;<strong>Roque S\u00e1enz Pe\u00f1a.<\/strong><\/p>\n\n\n\n<h2 class=\"wp-block-heading\"><strong>Construcci\u00f3n de viviendas en el Parque Central<\/strong><\/h2>\n\n\n\n<p>Otro de los proyectos de gran envergadura que tienen la participaci\u00f3n de la Ciudad de Mendoza es&nbsp;<strong>Distrito Parque Central<\/strong>&nbsp;con la asociaci\u00f3n de la empresa CRIBA, el cual se encuentra en revisi\u00f3n para su desarrollo. Con una extensi\u00f3n de<strong>&nbsp;58.473 metros cuadrados<\/strong>, est\u00e1 ubicado en calle Espa\u00f1a, frente a la Nave Cultural.<\/p>\n\n\n\n<p>&#8220;Aqu\u00ed se da una combinaci\u00f3n muy interesante porque el municipio aport\u00f3 el terreno y es&nbsp;<strong>CRIBA&nbsp;<\/strong>la encargada de realizar la construcci\u00f3n de&nbsp;<strong>456 viviendas<\/strong>&#8220;, detall\u00f3 Fermani.<\/p>\n\n\n\n<p>En esta propuesta se est\u00e1 analizando la curva de inversi\u00f3n y hasta el momento no hay precisiones de cu\u00e1ndo comenzar\u00e1 la obra.<\/p>\n\n\n\n<p>&#8220;Ahora hay un ejercicio financiero por parte del privado de la curva de inversi\u00f3n. El terreno ya est\u00e1 todo cerrado pero se est\u00e1 estudiando la compra de unidades. Eso es lo que est\u00e1 en revisi\u00f3n&#8221;, precis\u00f3.<\/p>\n\n\n\n<p>Municipalidad de Mendoza<\/p>\n\n\n\n<p>El proyecto consta de&nbsp;<strong>seis edificios<\/strong>&nbsp;(41.000m\u00b2 cubiertos y semicubiertos) con capacidad para&nbsp;<strong>456 unidades habitacionales<\/strong>&nbsp;(1, 2 y 3 dormitorios), con una ejecuci\u00f3n planteada en tres etapas. Se llevar\u00e1 adelante la construcci\u00f3n de tres edificios placa, proyectados con una planta baja y cinco niveles cada uno; y tres edificios torre, los cuales constan de una planta baja y 16 niveles.<\/p>\n\n\n\n<p>Adem\u00e1s, tendr\u00e1 un nivel de subsuelo de 13.200 m\u00b2 para cocheras (algunas de ellas con conexi\u00f3n para carga de veh\u00edculos el\u00e9ctricos), bicicleteros y sala de m\u00e1quinas. Tambi\u00e9n,<strong>&nbsp;cada edificio contar\u00e1 con SUM<\/strong>, piletas, juegos para ni\u00f1os, quincho y parrilla. La inversi\u00f3n ser\u00e1 de unos 15 millones de d\u00f3lares en cada una de las etapas de construcci\u00f3n. Implica un desembolso de&nbsp;<strong>45 millones de d\u00f3lares.<\/strong><\/p>\n\n\n\n<p>Este proyecto p\u00fablico-privado de revitalizaci\u00f3n urbana permitir\u00e1 potenciar la zona de los alrededores del&nbsp;<strong>Parque Central<\/strong>&nbsp;y la&nbsp;<strong>Nave Cultural<\/strong>, revalorizando un \u00e1rea de antiguas infraestructuras ferroviarias desactivadas y generando al mismo tiempo, por la envergadura de la obra, m\u00faltiples posibilidades laborales para un amplio n\u00famero de personas. Por el momento, la iniciativa est\u00e1 en revisi\u00f3n.<\/p>\n\n\n\n<p>Esta pensado para la clase media y va a tener amenities y un \u00e1rea con un \u00e1rea comercial.<\/p>\n\n\n\n<h2 class=\"wp-block-heading\"><strong>La apuesta de CRIBA a Mendoza<\/strong><\/h2>\n\n\n\n<p>CRIBA tiene otro proyecto en Mendoza: la construcci\u00f3n del&nbsp;<strong>Edificio Vesta<\/strong>, ubicado en la calle Boulogne Sur Mer, apuntando al sector de&nbsp;<strong>alta gama<\/strong>. Son 60 residencias en ejecuci\u00f3n y una superficie total aprobada de 10.872 metros cuadrados.<\/p>\n\n\n\n<p>El director comercial de CRIBA,&nbsp;<strong>Manuel Valdez<\/strong>, coment\u00f3 sobre el esp\u00edritu de esta inversi\u00f3n: &#8220;Mendoza es una plaza que la est\u00e1bamos observando bastante en el plan de expansi\u00f3n de la compa\u00f1\u00eda y&nbsp;<strong>vimos que hab\u00eda un d\u00e9fict de viviendas de alta gama, especialmente departamentos en la Ciudad de Mendoza<\/strong>. Adem\u00e1s es una provincia que favorece las inversiones&#8221;.<\/p>\n\n\n\n<p><strong>Fuente: www.diariouno.com.ar<\/strong><\/p>\n","protected":false},"excerpt":{"rendered":"<p>Ciudad&nbsp;tiene previsto&nbsp;subastar la primera fracci\u00f3n de tierras&nbsp;para el ambicioso proyecto urban\u00edstico&nbsp;Distrito Saludable Estaci\u00f3n Mendoza&nbsp;en el segundo semestre de este a\u00f1o. Esta iniciativa apunta a la construcci\u00f3n de viviendas y un \u00e1rea comercial en terrenos fiscales que pertenecen a la Agencia de Administraci\u00f3n de Bienes del Estado (AABE). El predio se encuentra ubicado entre las calles [&hellip;]<\/p>\n","protected":false},"author":2,"featured_media":8177,"comment_status":"open","ping_status":"open","sticky":false,"template":"","format":"standard","meta":[],"categories":[50],"tags":[],"_links":{"self":[{"href":"https:\/\/pasaenmendoza.com\/index.php?rest_route=\/wp\/v2\/posts\/8176"}],"collection":[{"href":"https:\/\/pasaenmendoza.com\/index.php?rest_route=\/wp\/v2\/posts"}],"about":[{"href":"https:\/\/pasaenmendoza.com\/index.php?rest_route=\/wp\/v2\/types\/post"}],"author":[{"embeddable":true,"href":"https:\/\/pasaenmendoza.com\/index.php?rest_route=\/wp\/v2\/users\/2"}],"replies":[{"embeddable":true,"href":"https:\/\/pasaenmendoza.com\/index.php?rest_route=%2Fwp%2Fv2%2Fcomments&post=8176"}],"version-history":[{"count":2,"href":"https:\/\/pasaenmendoza.com\/index.php?rest_route=\/wp\/v2\/posts\/8176\/revisions"}],"predecessor-version":[{"id":8179,"href":"https:\/\/pasaenmendoza.com\/index.php?rest_route=\/wp\/v2\/posts\/8176\/revisions\/8179"}],"wp:featuredmedia":[{"embeddable":true,"href":"https:\/\/pasaenmendoza.com\/index.php?rest_route=\/wp\/v2\/media\/8177"}],"wp:attachment":[{"href":"https:\/\/pasaenmendoza.com\/index.php?rest_route=%2Fwp%2Fv2%2Fmedia&parent=8176"}],"wp:term":[{"taxonomy":"category","embeddable":true,"href":"https:\/\/pasaenmendoza.com\/index.php?rest_route=%2Fwp%2Fv2%2Fcategories&post=8176"},{"taxonomy":"post_tag","embeddable":true,"href":"https:\/\/pasaenmendoza.com\/index.php?rest_route=%2Fwp%2Fv2%2Ftags&post=8176"}],"curies":[{"name":"wp","href":"https:\/\/api.w.org\/{rel}","templated":true}]}}