{"id":8180,"date":"2024-06-11T01:04:06","date_gmt":"2024-06-10T23:04:06","guid":{"rendered":"https:\/\/pasaenmendoza.com\/?p=8180"},"modified":"2024-06-11T01:04:08","modified_gmt":"2024-06-10T23:04:08","slug":"asi-fue-la-llegada-de-las-nuevas-duplas-del-metrotranvia-que-permitiran-la-extension-a-lujan-de-cuyo-y-al-aeropuerto","status":"publish","type":"post","link":"https:\/\/pasaenmendoza.com\/?p=8180","title":{"rendered":"As\u00ed fue la llegada de las nuevas duplas del Metrotranv\u00eda que permitir\u00e1n la extensi\u00f3n a Luj\u00e1n de Cuyo y al aeropuerto"},"content":{"rendered":"\n<p>Tres nuevas duplas del\u00a0<strong>Metrotranv\u00eda\u00a0<\/strong>llegaron este lunes a la provincia de Mendoza, provenientes desde California, Estados Unidos. Las mismas fueron donadas hace\u00a0dos a\u00f1os por el sistema de transporte de la Ciudad de San Diego a la Sociedad de Transporte de Mendoza (STM). El costo del operativo fue de $660 millones y estuvo a cargo del Gobierno local.\u00a0<\/p>\n\n\n\n<p>Desde el Gobierno indicaron que con esta incorporaci\u00f3n se cuadriplica la flota del\u00a0<strong>Metrotranv\u00eda\u00a0<\/strong>en la provincia. Desde la segunda mitad de 2022 hasta la fecha, se han sumado al sistema 12 duplas operativas en el servicio p\u00fablico de transporte. Todas las unidades tienen\u00a0tienen un largo de 25 metros por dupla, 8 puertas para ascenso y descenso, rampa para discapacitados y una capacidad de 64 asientos.<\/p>\n\n\n\n<p>La incorporaci\u00f3n de nuevas duplas para el\u00a0<strong>Metrotranv\u00eda\u00a0<\/strong>permitir\u00e1 la extensi\u00f3n de la traza del servicio desde Godoy Cruz a Luj\u00e1n, con una variante a Chacras de Coria, y desde Las Heras al aeropuerto. En el norte se realizar\u00e1 la continuaci\u00f3n de 6 kil\u00f3metros desde la estaci\u00f3n Avellaneda de Panquehua (inaugurada en mayo del 2019) hasta el Aeropuerto Francisco\u00a0Gabrielli.\u00a0Las obras para la extensi\u00f3n hacia ambos lados ya est\u00e1n en marcha.<\/p>\n\n\n\n<p>A fines del mes de abril de 2024, la empresa p\u00fablica encargada de administrar el sistema de transporte p\u00fablico de la provincia (STM) solicit\u00f3 la transferencia de fondos para ser aplicados a la operaci\u00f3n de log\u00edstica, transporte y dem\u00e1s obligaciones relacionadas a la incorporaci\u00f3n de unidades.\u00a0A trav\u00e9s del decreto 719, publicado en el Bolet\u00edn Oficial,\u00a0el gobernador Alfredo Cornejo autoriz\u00f3 el gir\u00f3 de $660 millones a la STM en car\u00e1cter de \u201caporte irrevocable de capital\u201d, en base a lo establecido en el Presupuesto provincial 2024.<\/p>\n\n\n\n<p>En marzo de 2022, el Gobierno acept\u00f3 la donaci\u00f3n de 39 carros de riel largo (LRV) Siemens SD100 de 1995 usados, a ser trasladados en lotes y n\u00fameros de serie conforme al certificado de donaci\u00f3n, suscripto por Metropolitan Transit System.\u00a0Al momento de la firma del convenio se estableci\u00f3 que el traslado de las unidades se har\u00eda en 13 viajes distintos y que los gastos de log\u00edstica estar\u00edan a cargo de la provincia.\u00a0<\/p>\n\n\n\n<p><strong>Fuente: www.mdzol.com<\/strong><\/p>\n","protected":false},"excerpt":{"rendered":"<p>Tres nuevas duplas del\u00a0Metrotranv\u00eda\u00a0llegaron este lunes a la provincia de Mendoza, provenientes desde California, Estados Unidos. Las mismas fueron donadas hace\u00a0dos a\u00f1os por el sistema de transporte de la Ciudad de San Diego a la Sociedad de Transporte de Mendoza (STM). El costo del operativo fue de $660 millones y estuvo a cargo del Gobierno [&hellip;]<\/p>\n","protected":false},"author":2,"featured_media":8181,"comment_status":"open","ping_status":"open","sticky":false,"template":"","format":"standard","meta":[],"categories":[80],"tags":[],"_links":{"self":[{"href":"https:\/\/pasaenmendoza.com\/index.php?rest_route=\/wp\/v2\/posts\/8180"}],"collection":[{"href":"https:\/\/pasaenmendoza.com\/index.php?rest_route=\/wp\/v2\/posts"}],"about":[{"href":"https:\/\/pasaenmendoza.com\/index.php?rest_route=\/wp\/v2\/types\/post"}],"author":[{"embeddable":true,"href":"https:\/\/pasaenmendoza.com\/index.php?rest_route=\/wp\/v2\/users\/2"}],"replies":[{"embeddable":true,"href":"https:\/\/pasaenmendoza.com\/index.php?rest_route=%2Fwp%2Fv2%2Fcomments&post=8180"}],"version-history":[{"count":1,"href":"https:\/\/pasaenmendoza.com\/index.php?rest_route=\/wp\/v2\/posts\/8180\/revisions"}],"predecessor-version":[{"id":8182,"href":"https:\/\/pasaenmendoza.com\/index.php?rest_route=\/wp\/v2\/posts\/8180\/revisions\/8182"}],"wp:featuredmedia":[{"embeddable":true,"href":"https:\/\/pasaenmendoza.com\/index.php?rest_route=\/wp\/v2\/media\/8181"}],"wp:attachment":[{"href":"https:\/\/pasaenmendoza.com\/index.php?rest_route=%2Fwp%2Fv2%2Fmedia&parent=8180"}],"wp:term":[{"taxonomy":"category","embeddable":true,"href":"https:\/\/pasaenmendoza.com\/index.php?rest_route=%2Fwp%2Fv2%2Fcategories&post=8180"},{"taxonomy":"post_tag","embeddable":true,"href":"https:\/\/pasaenmendoza.com\/index.php?rest_route=%2Fwp%2Fv2%2Ftags&post=8180"}],"curies":[{"name":"wp","href":"https:\/\/api.w.org\/{rel}","templated":true}]}}