{"id":8183,"date":"2024-06-11T02:02:31","date_gmt":"2024-06-11T00:02:31","guid":{"rendered":"https:\/\/pasaenmendoza.com\/?p=8183"},"modified":"2024-06-11T02:02:34","modified_gmt":"2024-06-11T00:02:34","slug":"otro-ebrio-manejando-choque-de-frente-de-dos-camionetas-en-maipu","status":"publish","type":"post","link":"https:\/\/pasaenmendoza.com\/?p=8183","title":{"rendered":"Otro ebrio manejando: choque de frente de dos camionetas en Maip\u00fa"},"content":{"rendered":"\n<p>Ma\u00f1ana de lunes accidentada en&nbsp;<strong>Mendoza<\/strong>. En Rodeo del Medio, dos camionetas chocaron de frente. Aparentemente, uno de los conductores se qued\u00f3 dormido. Se confirm\u00f3 que iba borracho.<\/p>\n\n\n\n<p>Alrededor de la 8.00, una mujer iba a trabajar en una Ford F-100 color gris doble cabina por el puente de calle\u00a0<strong>Don Bosco\u00a0<\/strong>sobre el Acceso Este en el departamento de Maip\u00fa cuando fue impactada de frente por otra F-100 color bord\u00f3.<\/p>\n\n\n\n<p>El hermano de la mujer que estaba en el lugar del accidente cont\u00f3 a Canal 7 que el conductor de la camioneta bord\u00f3 se habr\u00eda quedado dormido, se cruz\u00f3 de carril y choc\u00f3 de frente al otro rodado.<\/p>\n\n\n\n<p>\u00a0&#8220;Ella iba sola hacia el Sur y se iba a trabajar a una bodega. En la otra camioneta iban dos personas, el conductor con una chica. Hay poca luz. Me parece que est\u00e1 alcoholizado el conductor de la camioneta bord\u00f3&#8221;, cont\u00f3 Emanuel.\u00a0\u00a0<\/p>\n\n\n\n<p>\u00a0Esto fue confirmado por el Ministerio de Seguridad de Mendoza ya que el control de alcoholemia le dio 1,51 gramos de alcohol en sangre, cuando lo permitido es 0,5.<\/p>\n\n\n\n<p><strong>Fuente: www.mendozapost.com<\/strong><\/p>\n","protected":false},"excerpt":{"rendered":"<p>Ma\u00f1ana de lunes accidentada en&nbsp;Mendoza. En Rodeo del Medio, dos camionetas chocaron de frente. Aparentemente, uno de los conductores se qued\u00f3 dormido. Se confirm\u00f3 que iba borracho. Alrededor de la 8.00, una mujer iba a trabajar en una Ford F-100 color gris doble cabina por el puente de calle\u00a0Don Bosco\u00a0sobre el Acceso Este en el [&hellip;]<\/p>\n","protected":false},"author":2,"featured_media":8184,"comment_status":"open","ping_status":"open","sticky":false,"template":"","format":"standard","meta":[],"categories":[48],"tags":[],"_links":{"self":[{"href":"https:\/\/pasaenmendoza.com\/index.php?rest_route=\/wp\/v2\/posts\/8183"}],"collection":[{"href":"https:\/\/pasaenmendoza.com\/index.php?rest_route=\/wp\/v2\/posts"}],"about":[{"href":"https:\/\/pasaenmendoza.com\/index.php?rest_route=\/wp\/v2\/types\/post"}],"author":[{"embeddable":true,"href":"https:\/\/pasaenmendoza.com\/index.php?rest_route=\/wp\/v2\/users\/2"}],"replies":[{"embeddable":true,"href":"https:\/\/pasaenmendoza.com\/index.php?rest_route=%2Fwp%2Fv2%2Fcomments&post=8183"}],"version-history":[{"count":1,"href":"https:\/\/pasaenmendoza.com\/index.php?rest_route=\/wp\/v2\/posts\/8183\/revisions"}],"predecessor-version":[{"id":8185,"href":"https:\/\/pasaenmendoza.com\/index.php?rest_route=\/wp\/v2\/posts\/8183\/revisions\/8185"}],"wp:featuredmedia":[{"embeddable":true,"href":"https:\/\/pasaenmendoza.com\/index.php?rest_route=\/wp\/v2\/media\/8184"}],"wp:attachment":[{"href":"https:\/\/pasaenmendoza.com\/index.php?rest_route=%2Fwp%2Fv2%2Fmedia&parent=8183"}],"wp:term":[{"taxonomy":"category","embeddable":true,"href":"https:\/\/pasaenmendoza.com\/index.php?rest_route=%2Fwp%2Fv2%2Fcategories&post=8183"},{"taxonomy":"post_tag","embeddable":true,"href":"https:\/\/pasaenmendoza.com\/index.php?rest_route=%2Fwp%2Fv2%2Ftags&post=8183"}],"curies":[{"name":"wp","href":"https:\/\/api.w.org\/{rel}","templated":true}]}}