{"id":8186,"date":"2024-06-11T02:06:33","date_gmt":"2024-06-11T00:06:33","guid":{"rendered":"https:\/\/pasaenmendoza.com\/?p=8186"},"modified":"2024-06-11T02:06:35","modified_gmt":"2024-06-11T00:06:35","slug":"se-incendio-una-panaderia-de-guaymallen-al-explotar-uno-de-los-hornos","status":"publish","type":"post","link":"https:\/\/pasaenmendoza.com\/?p=8186","title":{"rendered":"Se incendi\u00f3 una panader\u00eda de Guaymall\u00e9n al explotar uno de los hornos"},"content":{"rendered":"\n<p>Un\u00a0<strong>incendio<\/strong>\u00a0sorprendi\u00f3 este lunes por la madrugada a una\u00a0<strong>panader\u00eda<\/strong>\u00a0de\u00a0<strong>Guaymall\u00e9n<\/strong>. Las llamas habr\u00edan iniciado en un horno y llegaron a alcanzar el techo del comercio.<\/p>\n\n\n\n<p>De acuerdo a lo que relat\u00f3 la propietaria a la Polic\u00eda, los empleados estaban trabajando en la elaboraci\u00f3n del pan cuando uno de los hornos hizo una explosi\u00f3n. Esto sucedi\u00f3 aproximadamente a las 5 de la ma\u00f1ana.<\/p>\n\n\n\n<p>Un llamado al 911 alert\u00f3 a las autoridades. Polic\u00edas y bomberos del Cuartel Central se trasladaron a la\u00a0<strong>panader\u00eda<\/strong>, ubicada en el Barrio Cooperativa del Bermejo.\u00a0<\/p>\n\n\n\n<p>Los bomberos lograron contener el fuego y enfriar el comercio. Afortunadamente, no hubo que lamentar v\u00edctimas ni lesionados por el hecho.<\/p>\n\n\n\n<p><strong>Fuente: www.mendozapost.com<\/strong><\/p>\n","protected":false},"excerpt":{"rendered":"<p>Un\u00a0incendio\u00a0sorprendi\u00f3 este lunes por la madrugada a una\u00a0panader\u00eda\u00a0de\u00a0Guaymall\u00e9n. Las llamas habr\u00edan iniciado en un horno y llegaron a alcanzar el techo del comercio. De acuerdo a lo que relat\u00f3 la propietaria a la Polic\u00eda, los empleados estaban trabajando en la elaboraci\u00f3n del pan cuando uno de los hornos hizo una explosi\u00f3n. Esto sucedi\u00f3 aproximadamente a [&hellip;]<\/p>\n","protected":false},"author":2,"featured_media":8187,"comment_status":"open","ping_status":"open","sticky":false,"template":"","format":"standard","meta":[],"categories":[48],"tags":[],"_links":{"self":[{"href":"https:\/\/pasaenmendoza.com\/index.php?rest_route=\/wp\/v2\/posts\/8186"}],"collection":[{"href":"https:\/\/pasaenmendoza.com\/index.php?rest_route=\/wp\/v2\/posts"}],"about":[{"href":"https:\/\/pasaenmendoza.com\/index.php?rest_route=\/wp\/v2\/types\/post"}],"author":[{"embeddable":true,"href":"https:\/\/pasaenmendoza.com\/index.php?rest_route=\/wp\/v2\/users\/2"}],"replies":[{"embeddable":true,"href":"https:\/\/pasaenmendoza.com\/index.php?rest_route=%2Fwp%2Fv2%2Fcomments&post=8186"}],"version-history":[{"count":1,"href":"https:\/\/pasaenmendoza.com\/index.php?rest_route=\/wp\/v2\/posts\/8186\/revisions"}],"predecessor-version":[{"id":8188,"href":"https:\/\/pasaenmendoza.com\/index.php?rest_route=\/wp\/v2\/posts\/8186\/revisions\/8188"}],"wp:featuredmedia":[{"embeddable":true,"href":"https:\/\/pasaenmendoza.com\/index.php?rest_route=\/wp\/v2\/media\/8187"}],"wp:attachment":[{"href":"https:\/\/pasaenmendoza.com\/index.php?rest_route=%2Fwp%2Fv2%2Fmedia&parent=8186"}],"wp:term":[{"taxonomy":"category","embeddable":true,"href":"https:\/\/pasaenmendoza.com\/index.php?rest_route=%2Fwp%2Fv2%2Fcategories&post=8186"},{"taxonomy":"post_tag","embeddable":true,"href":"https:\/\/pasaenmendoza.com\/index.php?rest_route=%2Fwp%2Fv2%2Ftags&post=8186"}],"curies":[{"name":"wp","href":"https:\/\/api.w.org\/{rel}","templated":true}]}}