{"id":8189,"date":"2024-06-11T02:09:44","date_gmt":"2024-06-11T00:09:44","guid":{"rendered":"https:\/\/pasaenmendoza.com\/?p=8189"},"modified":"2024-06-11T02:09:45","modified_gmt":"2024-06-11T00:09:45","slug":"cayo-el-acusado-de-matar-a-un-chico-de-15-anos-en-las-heras","status":"publish","type":"post","link":"https:\/\/pasaenmendoza.com\/?p=8189","title":{"rendered":"Cay\u00f3 el acusado de matar a un chico de 15 a\u00f1os en Las Heras"},"content":{"rendered":"\n<p>Un hombre de 22 a\u00f1os fue detenido, acusado de matar a un adolescente de 15 a\u00f1os en Las Heras, en octubre de 2022.&nbsp;<\/p>\n\n\n\n<p>Lautaro Lasso ten\u00eda 15 a\u00f1os cuando recibi\u00f3 un tiro tras quedan en medio de una pelea entre bandas, en el barrio Colombia&nbsp; de Las Heras. La polic\u00eda realiz\u00f3 un allanamiento este fin de semana en el barrio Espejo de ese departamento e irrumpieron en una casa de calle Lagomaggiore donde detuvieron a Facundo Emanuel Ozan de 22, seg\u00fan informaci\u00f3n de Sitio Andino. El joven ya fue imputado por el delito de coautor de un&nbsp;<em>homicidio agravado por el uso de arma de fuego.<\/em><\/p>\n\n\n\n<p>Los uniformados tambi\u00e9n buscan a Agust\u00edn Guiraldes qui\u00e9n est\u00e1 se\u00f1alado como el autor material del hecho, aunque a\u00fan contin\u00faa pr\u00f3fugo.<\/p>\n\n\n\n<p><strong>El caso<\/strong><\/p>\n\n\n\n<p>Lautaro fue asesinado en la noche del 7 de octubre de 2022. Minutos antes de las 24, el adolescente se encontraba en el interior de la plaza del Barrio Colombia de este departamento.<\/p>\n\n\n\n<p>En un momento determinado apareci\u00f3 un auto del cual no se sabe ni marca, modelo o color y comenzaron a disparar hacia el interior del espacio verde. El joven fue llevado al Hospital Carrillo pero falleci\u00f3.<\/p>\n\n\n\n<p>Una de esas balas alcanz\u00f3 a Lautaro y fue herido en el t\u00f3rax por lo que inmediatamente fue trasladado en un veh\u00edculo particular al Hospital Carrillo.<\/p>\n\n\n\n<p>Desde el hospital informaron que el joven ten\u00eda una herida de arma de fuego en el t\u00f3rax con orifico de entrada y que le realizaron reanimaci\u00f3n cardio-respiratoria (RCP), pero lamentalemente falleci\u00f3.<\/p>\n\n\n\n<p>Seg\u00fan los testigos, solo escucharon los disparos provenientes de un auto que no fue identificado. Interviene e investiga la Oficina Fiscal N\u00famero 6 de la Comisar\u00eda 36\u00b0.<\/p>\n\n\n\n<p><strong>Fuente: www.mendozapost.com<\/strong><\/p>\n","protected":false},"excerpt":{"rendered":"<p>Un hombre de 22 a\u00f1os fue detenido, acusado de matar a un adolescente de 15 a\u00f1os en Las Heras, en octubre de 2022.&nbsp; Lautaro Lasso ten\u00eda 15 a\u00f1os cuando recibi\u00f3 un tiro tras quedan en medio de una pelea entre bandas, en el barrio Colombia&nbsp; de Las Heras. La polic\u00eda realiz\u00f3 un allanamiento este fin [&hellip;]<\/p>\n","protected":false},"author":2,"featured_media":8190,"comment_status":"open","ping_status":"open","sticky":false,"template":"","format":"standard","meta":[],"categories":[48],"tags":[],"_links":{"self":[{"href":"https:\/\/pasaenmendoza.com\/index.php?rest_route=\/wp\/v2\/posts\/8189"}],"collection":[{"href":"https:\/\/pasaenmendoza.com\/index.php?rest_route=\/wp\/v2\/posts"}],"about":[{"href":"https:\/\/pasaenmendoza.com\/index.php?rest_route=\/wp\/v2\/types\/post"}],"author":[{"embeddable":true,"href":"https:\/\/pasaenmendoza.com\/index.php?rest_route=\/wp\/v2\/users\/2"}],"replies":[{"embeddable":true,"href":"https:\/\/pasaenmendoza.com\/index.php?rest_route=%2Fwp%2Fv2%2Fcomments&post=8189"}],"version-history":[{"count":1,"href":"https:\/\/pasaenmendoza.com\/index.php?rest_route=\/wp\/v2\/posts\/8189\/revisions"}],"predecessor-version":[{"id":8191,"href":"https:\/\/pasaenmendoza.com\/index.php?rest_route=\/wp\/v2\/posts\/8189\/revisions\/8191"}],"wp:featuredmedia":[{"embeddable":true,"href":"https:\/\/pasaenmendoza.com\/index.php?rest_route=\/wp\/v2\/media\/8190"}],"wp:attachment":[{"href":"https:\/\/pasaenmendoza.com\/index.php?rest_route=%2Fwp%2Fv2%2Fmedia&parent=8189"}],"wp:term":[{"taxonomy":"category","embeddable":true,"href":"https:\/\/pasaenmendoza.com\/index.php?rest_route=%2Fwp%2Fv2%2Fcategories&post=8189"},{"taxonomy":"post_tag","embeddable":true,"href":"https:\/\/pasaenmendoza.com\/index.php?rest_route=%2Fwp%2Fv2%2Ftags&post=8189"}],"curies":[{"name":"wp","href":"https:\/\/api.w.org\/{rel}","templated":true}]}}