{"id":8193,"date":"2024-06-11T02:19:29","date_gmt":"2024-06-11T00:19:29","guid":{"rendered":"https:\/\/pasaenmendoza.com\/?p=8193"},"modified":"2024-06-11T02:19:31","modified_gmt":"2024-06-11T00:19:31","slug":"atraparon-al-segundo-acusado-de-asesinar-a-un-joven-piloto-de-motos-en-las-heras","status":"publish","type":"post","link":"https:\/\/pasaenmendoza.com\/?p=8193","title":{"rendered":"Atraparon al segundo acusado de asesinar a un joven piloto de motos en Las Heras"},"content":{"rendered":"\n<p>Efectivos de\u00a0<strong>Investigaciones\u00a0<\/strong>capturaron durante el fin de semana al segundo acusado de participar del\u00a0asesinato del joven piloto de motocicletas\u00a0<strong>Lautaro Iv\u00e1n Lazo<\/strong>,\u00a0<mark>el chico de 15 a\u00f1os que se encontraba con unos amigos en un ensayo de la hinchada del Club Hurac\u00e1n Las Heras en el barrio Colombia II en octubre del 2022<\/mark>\u00a0y se produjo una ri\u00f1a cuando se enfrentaron dos facciones.<\/p>\n\n\n\n<p>Se trata de\u00a0<strong>Facundo Emanuel Oz\u00e1n Soto<\/strong>, de 22 a\u00f1os, quien fue capturado durante un allanamiento en una vivienda de calle Lagomaggiore del barrio\u00a0<strong>Estaci\u00f3n Espejo,\u00a0<\/strong>conocido como\u00a0<strong>Cinco Mil Lotes<\/strong>, donde tiene domicilio.<\/p>\n\n\n\n<p>Los efectivos de Homicidios, a disposici\u00f3n del fiscal&nbsp;<strong>Gustavo Pirrello<\/strong>, tambi\u00e9n ingresaron a otro domicilio de esa calzada con el objetivo de capturar al tercer sospechoso que tiene la causa, pero no lo encontraron.<\/p>\n\n\n\n<p>De esta forma, el crimen del menor qued\u00f3 por el momento con dos detenidos imputados por homicidio agravado por el uso de arma de fuego. El primero de capturados, Mauro Tur, fue capturado poco tiempo despu\u00e9s del hecho de sangre.<\/p>\n\n\n\n<p>La reconstrucci\u00f3n del caso sostiene que Lazo no ten\u00eda nada que ver con el conflicto que hab\u00eda entre facciones de la barra de la instituci\u00f3n lasherina.\u00a0<mark>Qued\u00f3 en el medio de una ri\u00f1a entre el grupo del barrio Belgrano y los del Estaci\u00f3n Espejo y recibi\u00f3 dos balazos que le costaron la vida<\/mark>\u00a0la noche del viernes 7 de octubre del 2022.<\/p>\n\n\n\n<p><strong>Fuente: www.elsol.com.ar<\/strong><\/p>\n","protected":false},"excerpt":{"rendered":"<p>Efectivos de\u00a0Investigaciones\u00a0capturaron durante el fin de semana al segundo acusado de participar del\u00a0asesinato del joven piloto de motocicletas\u00a0Lautaro Iv\u00e1n Lazo,\u00a0el chico de 15 a\u00f1os que se encontraba con unos amigos en un ensayo de la hinchada del Club Hurac\u00e1n Las Heras en el barrio Colombia II en octubre del 2022\u00a0y se produjo una ri\u00f1a cuando [&hellip;]<\/p>\n","protected":false},"author":2,"featured_media":8194,"comment_status":"open","ping_status":"open","sticky":false,"template":"","format":"standard","meta":[],"categories":[48],"tags":[],"_links":{"self":[{"href":"https:\/\/pasaenmendoza.com\/index.php?rest_route=\/wp\/v2\/posts\/8193"}],"collection":[{"href":"https:\/\/pasaenmendoza.com\/index.php?rest_route=\/wp\/v2\/posts"}],"about":[{"href":"https:\/\/pasaenmendoza.com\/index.php?rest_route=\/wp\/v2\/types\/post"}],"author":[{"embeddable":true,"href":"https:\/\/pasaenmendoza.com\/index.php?rest_route=\/wp\/v2\/users\/2"}],"replies":[{"embeddable":true,"href":"https:\/\/pasaenmendoza.com\/index.php?rest_route=%2Fwp%2Fv2%2Fcomments&post=8193"}],"version-history":[{"count":1,"href":"https:\/\/pasaenmendoza.com\/index.php?rest_route=\/wp\/v2\/posts\/8193\/revisions"}],"predecessor-version":[{"id":8195,"href":"https:\/\/pasaenmendoza.com\/index.php?rest_route=\/wp\/v2\/posts\/8193\/revisions\/8195"}],"wp:featuredmedia":[{"embeddable":true,"href":"https:\/\/pasaenmendoza.com\/index.php?rest_route=\/wp\/v2\/media\/8194"}],"wp:attachment":[{"href":"https:\/\/pasaenmendoza.com\/index.php?rest_route=%2Fwp%2Fv2%2Fmedia&parent=8193"}],"wp:term":[{"taxonomy":"category","embeddable":true,"href":"https:\/\/pasaenmendoza.com\/index.php?rest_route=%2Fwp%2Fv2%2Fcategories&post=8193"},{"taxonomy":"post_tag","embeddable":true,"href":"https:\/\/pasaenmendoza.com\/index.php?rest_route=%2Fwp%2Fv2%2Ftags&post=8193"}],"curies":[{"name":"wp","href":"https:\/\/api.w.org\/{rel}","templated":true}]}}