{"id":8196,"date":"2024-06-11T14:22:46","date_gmt":"2024-06-11T12:22:46","guid":{"rendered":"https:\/\/pasaenmendoza.com\/?p=8196"},"modified":"2024-06-11T14:22:47","modified_gmt":"2024-06-11T12:22:47","slug":"los-funcionarios-y-dirigentes-conocidos-que-disputaran-cargos-tambien-en-la-uncuyo","status":"publish","type":"post","link":"https:\/\/pasaenmendoza.com\/?p=8196","title":{"rendered":"Los funcionarios y dirigentes &#8220;conocidos&#8221; que disputar\u00e1n cargos tambi\u00e9n en la UNCuyo"},"content":{"rendered":"\n<p>Este mi\u00e9rcoles 12 de junio la Universidad elige Consejeros. En las listas para los Consejos Directivos y el Superior figuran pol\u00edticos con cargos y trayectorias. Qui\u00e9nes son y qu\u00e9 se pone en juego.<\/p>\n\n\n\n<p>Hay funcionarios del Gobierno y de los municipios; tambi\u00e9n un senador y dirigentes conocidos. Es que la\u00a0<strong>UNCuyo<\/strong>\u00a0es tambi\u00e9n una cuna de formaci\u00f3n pol\u00edtica. Pero esta elecci\u00f3n, se hace a pulm\u00f3n y por pura vocaci\u00f3n para\u00a0ocupar un cargo para el que no se cobra absolutamente ninguna remuneraci\u00f3n. Este mi\u00e9rcoles 12 es\u00a0la elecci\u00f3n de los representantes\u00a0en\u00a0los Consejos Directivos (el poder legislativo) de las facultades y el Superior (que es uno s\u00f3lo para la\u00a0<strong>UNCuyo)<\/strong>\u00a0para\u00a0los distintos claustros.<\/p>\n\n\n\n<p>En los listados del Consejo Superior, en el claustro &#8220;egresados&#8221;, se encuentran cuatro listas. Una m\u00e1s ligada al radicalismo que es\u00a0Egresados por la Universidad P\u00fablica; al peronismo que se llama\u00a0Unidad;Independientes\u00a0<strong>UNCuyo<\/strong>\u00a0que tiene una variedad ideol\u00f3gica \u00a0entre los que figura un senador del PRO demarchista y la izquierda que se presenta con el frente Desde Abajo- FIT.\u00a0<\/p>\n\n\n\n<p>En la primera lista hay muchos dirigentes ligados a la UCR.\u00a0\u00a0Encabeza el listado la economista militante de\u00a0La Cantera\u00a0(una agrupaci\u00f3n radical)\u00a0Mercedes Fern\u00e1ndez Fraire. Fue asesora del Congreso de la Naci\u00f3n\u00a0cuando Laura Montero era senadora.Es docente y analista de la consultora Demokratia.<\/p>\n\n\n\n<p>En segundo lugar aparece el codefensor\u00a0oficial penal\u00a0Francisco Letizia,\u00a0quien trabaj\u00f3 en la secretar\u00eda de Graduados de la Facultad de Derecho en el pasado. En el tercer espacio, la exdiputada provincial y actual responsable de prensa del municipio de Las Heras, Paula Zelaya. Como suplentes del listado hay un funcionario de Ciudad de Mendoza y adem\u00e1s, est\u00e1 la subsecretaria de Salud de la provincia. El primero es Nicol\u00e1s Reynaga y la segunda es Carina Copparoni.\u00a0<\/p>\n\n\n\n<p>La lista Unidad est\u00e1 encabezada por Itat\u00ed Cruciani quien es abogada y es la secretaria general de la regional cuyo del\u00a0Sindicato de Trabajadores Judiciales de Argentina (SITRAJU RA). Es kirchnerista. En el listado\u00a0van docentes como titulares, pero en la de suplentes aparece\u00a0Pablo Portuso, quien fue tercero en la lista de candidatos a diputados nacionales por el peronismo el a\u00f1o pasado, en la que entr\u00f3 s\u00f3lo Mart\u00edn Aveiro\u00a0y es cercano al senador nacional F\u00e9lix Gonz\u00e1lez y la agrupaci\u00f3n kirchnerista La C\u00e1mpora. Adem\u00e1s, trabaj\u00f3 en el ministerio de Energ\u00eda e YPF.<\/p>\n\n\n\n<p>En la lista 19, figura un senador del PRO que reporta al dirigente Omar De Marchi (excandidato a gobernador por La Uni\u00f3n Mendocina y actual secretario de Relaciones Parlamentarias del Congreso Nacional). Se trata del maipucino\u00a0Valent\u00edn Gonz\u00e1lez,\u00a0quien aparece\u00a0tercero. Es contador. Primera en la lista est\u00e1\u00a0Milagros Zizz\u00edas Pujol quien es abogada y hace unos a\u00f1os fue incluida como suplente en una lista para concejal del Partido Federal cuando era la lista 8 que llevaba al empresario Carlos Iannizzotto.\u00a0<\/p>\n\n\n\n<p>En la lista de la izquierda,aparece primero el excandidato a intendente de Godoy Cruz por el FIT,\u00a0Juan Ignacio Rom\u00e1n,\u00a0y figura el abogado Mauricio Tomasselli.<\/p>\n\n\n\n<p>En los listado de egresados\u00a0para los Concejos Directivos de las distintas facultades tambi\u00e9n hay dirigentes conocidos. En la Facultad de Ciencias Pol\u00edticas y Sociales, en la lista de\u00a0Encuentro por la Universidad P\u00fablica, aparece Pablo Carrincondo, quien es peronista y ha sido funcionario provincial (director de\u00a0Asociativismo y Cooperativas de Mendoza) y candidato en varias oportunidades. El listado Graduadxs Reformistas est\u00e1 encabezado por el polit\u00f3logo\u00a0Ayrton David Olmedo,\u00a0quien present\u00f3 una tesis sobre la reforma constitucional el a\u00f1o pasado y cont\u00f3 con la colaboraci\u00f3n del exministro de Gobierno de Rodolfo Suarez, V\u00edctor Ib\u00e1\u00f1ez.\u00a0En esa boleta tambi\u00e9n est\u00e1 Gustavo Montoya, quien ha ocupado distintos cargos en la Universidad Nacional de Cuyo. Desde Abajo- FIT cuenta con la presencia del exconcejal Mart\u00edn Baigorria.\u00a0<\/p>\n\n\n\n<p>En la lista 1 de Ciencias Econ\u00f3micas, &#8220;Renovaci\u00f3n Profesional&#8221; &#8211; de color morado como la Franja- figura en egresados primero en la lista un funcionario del Gobierno provincial:\u00a0Julio Eluani,\u00a0quien es desde 2019 el Director de Contingencias clim\u00e1ticas. Es licenciado en Administraci\u00f3n p\u00fablica. Luego aparece Nadia Sof\u00eda Almonacid Russo, quien es parte del Consejo de Ciencias Econ\u00f3micas. Tercero, Eli\u00e1n Japaz, extitular del EPRE (Ente Provincial Regulador El\u00e9ctrico). Se trata de un listado que tiene vinculaci\u00f3n directa con el presidente de la C\u00e1mara de Diputados Andr\u00e9s Peti Lombardi, un dirigente egresado de la facultad de Econ\u00f3micas.\u00a0<\/p>\n\n\n\n<p>En esa misma facultad, encabeza otro listado, Iniciativa Econ\u00f3mica,\u00a0Agust\u00edn Bohm, quien est\u00e1 en Evita Mendoza y es de familia de dirigentes peronistas.\u00a0En Derecho, en la agrupaci\u00f3n Kair\u00f3s est\u00e1 primero Gabriel Sottile.un abogado quien es el coordinador provincial de Encuentro Mendoza y forma parte del PD. Apoy\u00f3 a Omar De Marchi como candidato a gobernador y a Javier Milei como presidente.\u00a0<\/p>\n\n\n\n<p>Seg\u00fan informaron desde la&nbsp;<strong>UNCuyo<\/strong>, ser\u00e1 la quinta vez en la historia de la&nbsp;Universidad que se realiza una&nbsp;elecci\u00f3n directa,&nbsp;obligatoria,&nbsp;secreta,&nbsp;simult\u00e1nea&nbsp;y por&nbsp;listas.Se denominan&nbsp;elecciones parciales&nbsp;o de&nbsp;medio t\u00e9rmino&nbsp;porque estos tres claustros duran dos a\u00f1os en sus funciones -quienes fueron elegidos en las elecciones generales de 2022-, que se cumplen el 16 de agosto de este a\u00f1o.<\/p>\n\n\n\n<p>Rectores y decanos duran cuatro a\u00f1os en sus funciones y pueden ser reelectos en el cargo por una vez. Por lo tanto no se eligen en esta oportunidad, como tampoco representantes por los docentes y por los auxiliares de docencia, que tambi\u00e9n duran cuatro a\u00f1os en sus funciones.<\/p>\n\n\n\n<p>El electorado est\u00e1 integrado por tres claustros y est\u00e1n en condiciones de sufragar un total de&nbsp;51.958&nbsp;personas. De ellas&nbsp;35.384 son egresados,&nbsp;15.119 estudiantes&nbsp;y&nbsp;1455 son nodocentes.<\/p>\n\n\n\n<p>Se vota en\u00a0133 mesas\u00a0habilitadas en todo el campus\u00a0y en las\u00a0sedes\u00a0de la\u00a0Universidad, distribuidas en\u00a013 secciones electorales:\u00a0Rectorado\u00a0(sedes Mendoza y Escuela de Agricultura de General Alvear) y las\u00a012 Facultades: Artes y Dise\u00f1o, Ciencias Agrarias, Ciencias Aplicadas a la Industria, Ciencias Econ\u00f3micas (sedes Mendoza, San Rafael y Jun\u00edn), Ciencias Exactas y Naturales (sedes Mendoza, San Mart\u00edn, Tupungato, General Alvear y Malarg\u00fce), Ciencias M\u00e9dicas, Ciencias Pol\u00edticas y Sociales, Derecho, Educaci\u00f3n, Filosof\u00eda y Letras, Ingenier\u00eda y Odontolog\u00eda.<\/p>\n\n\n\n<p>FUENTE: MDZonline.<\/p>\n","protected":false},"excerpt":{"rendered":"<p>Este mi\u00e9rcoles 12 de junio la Universidad elige Consejeros. En las listas para los Consejos Directivos y el Superior figuran pol\u00edticos con cargos y trayectorias. Qui\u00e9nes son y qu\u00e9 se pone en juego. Hay funcionarios del Gobierno y de los municipios; tambi\u00e9n un senador y dirigentes conocidos. Es que la\u00a0UNCuyo\u00a0es tambi\u00e9n una cuna de formaci\u00f3n [&hellip;]<\/p>\n","protected":false},"author":2,"featured_media":8197,"comment_status":"open","ping_status":"open","sticky":true,"template":"","format":"standard","meta":[],"categories":[47],"tags":[],"_links":{"self":[{"href":"https:\/\/pasaenmendoza.com\/index.php?rest_route=\/wp\/v2\/posts\/8196"}],"collection":[{"href":"https:\/\/pasaenmendoza.com\/index.php?rest_route=\/wp\/v2\/posts"}],"about":[{"href":"https:\/\/pasaenmendoza.com\/index.php?rest_route=\/wp\/v2\/types\/post"}],"author":[{"embeddable":true,"href":"https:\/\/pasaenmendoza.com\/index.php?rest_route=\/wp\/v2\/users\/2"}],"replies":[{"embeddable":true,"href":"https:\/\/pasaenmendoza.com\/index.php?rest_route=%2Fwp%2Fv2%2Fcomments&post=8196"}],"version-history":[{"count":1,"href":"https:\/\/pasaenmendoza.com\/index.php?rest_route=\/wp\/v2\/posts\/8196\/revisions"}],"predecessor-version":[{"id":8198,"href":"https:\/\/pasaenmendoza.com\/index.php?rest_route=\/wp\/v2\/posts\/8196\/revisions\/8198"}],"wp:featuredmedia":[{"embeddable":true,"href":"https:\/\/pasaenmendoza.com\/index.php?rest_route=\/wp\/v2\/media\/8197"}],"wp:attachment":[{"href":"https:\/\/pasaenmendoza.com\/index.php?rest_route=%2Fwp%2Fv2%2Fmedia&parent=8196"}],"wp:term":[{"taxonomy":"category","embeddable":true,"href":"https:\/\/pasaenmendoza.com\/index.php?rest_route=%2Fwp%2Fv2%2Fcategories&post=8196"},{"taxonomy":"post_tag","embeddable":true,"href":"https:\/\/pasaenmendoza.com\/index.php?rest_route=%2Fwp%2Fv2%2Ftags&post=8196"}],"curies":[{"name":"wp","href":"https:\/\/api.w.org\/{rel}","templated":true}]}}