{"id":8199,"date":"2024-06-11T14:26:19","date_gmt":"2024-06-11T12:26:19","guid":{"rendered":"https:\/\/pasaenmendoza.com\/?p=8199"},"modified":"2024-06-11T14:26:20","modified_gmt":"2024-06-11T12:26:20","slug":"supermartes-en-la-legislatura-el-senado-vota-dos-proyectos-claves-para-alfredo-cornejo","status":"publish","type":"post","link":"https:\/\/pasaenmendoza.com\/?p=8199","title":{"rendered":"Supermartes en la Legislatura: el Senado vota dos proyectos claves para Alfredo Cornejo"},"content":{"rendered":"\n<p>Cambia Mendoza cuenta con los votos necesarios para conseguir la sanci\u00f3n final de la adenda presidencial y del Paquete Fiscal. Los reparos de la oposici\u00f3n.<\/p>\n\n\n\n<p>El Senado tendr\u00e1 este martes una caliente sesi\u00f3n en la que tratar\u00e1n dos temas claves para el Gobierno de&nbsp;<strong>Alfredo Cornejo<\/strong>: la&nbsp;<strong>Adenda presidencial<\/strong>, que habilita el uso de los 1.023 millones de d\u00f3lares que estaban destinados a la construcci\u00f3n de Portezuelo del Viento, y el&nbsp;<strong>Paquete Fiscal<\/strong>&nbsp;presentado por el ministro de Hacienda, V\u00edctor Fayad.<\/p>\n\n\n\n<p>Ambos proyectos se aprueban con mayor\u00eda simple y el oficialismo cuenta con los votos necesarios para lograr la sanci\u00f3n final. Enfrente habr\u00e1 una oposici\u00f3n que marcar\u00e1 sus inquietudes. Un punto de conflicto ser\u00e1 la modificaci\u00f3n de la f\u00f3rmula de reparto de la&nbsp;<strong>coparticipaci\u00f3n municipal<\/strong>.<\/p>\n\n\n\n<p>Respecto a la Adenda, una vez que ya cuente con la luz verde, el documento deber\u00e1 ser enviado a Casa Rosada para que el presidente<strong>\u00a0Javier Milei<\/strong>\u00a0confirme esta decisi\u00f3n legislativa para que ya el Ejecutivo provincial pueda utilizar los fondos.<\/p>\n\n\n\n<p>Los 1.023 millones de d\u00f3lares podr\u00e1n ser destinados a obras que generen repagos o que implique un cambio en la matriz productiva de Mendoza. Esa fue la condici\u00f3n que impuso de Cornejo en su discurso en la apertura de Sesiones Ordinarias. Las iniciativas que env\u00eden los municipios deber\u00e1n ser cargados en un Banco de Proyectos que estar\u00e1 a cargo por la Secretar\u00eda de Infraestructura.<\/p>\n\n\n\n<p>Entre los reclamos de la oposici\u00f3n est\u00e1 la presunta falta de transparencia de la informaci\u00f3n de los proyectos presentados al Ejecutivo y en el criterio que tendr\u00e1 el mismo a la hora del reparto de las obras.&nbsp;<strong>La Uni\u00f3n Mendocina<\/strong>&nbsp;se\u00f1al\u00f3 que \u201c<em>pueden existir preferencias y discriminaciones<\/em>\u201d.<\/p>\n\n\n\n<p>En tanto, el Paquete Fiscal cuenta con 23 art\u00edculos divididos en tres cap\u00edtulos. Los primeros dos apuntan a la eficiencia y manejo de los recursos humano y material del Estado. Entre los puntos marcados por los bloques opositores est\u00e1n l<strong>a venta del Canal Acequia o de la caja de Seguros de la Provincia<\/strong>, como un mayor control en los&nbsp;<em>\u201ccertificados truchos\u201d&nbsp;<\/em>de empleados estatales.<\/p>\n\n\n\n<p>El tercer apartado se refiere a la modificaci\u00f3n del art\u00edculo 5 de la Ley Provincial de Coparticipaci\u00f3n, donde el Ejecutivo propone modificar el Coeficiente de Desarrollo Municipal. Seg\u00fan diferentes senadores provinciales, este ser\u00e1 el punto que \u201c<em>m\u00e1s discusi\u00f3n tendr\u00e1<\/em>\u201d durante la sesi\u00f3n.<\/p>\n\n\n\n<p>De lleno en los n\u00fameros,<strong>\u00a0Cambia Mendoza\u00a0<\/strong>cuenta con 19 votos asegurados y sumar\u00eda el apoyo de los senadores sure\u00f1os del peronismo (Mauricio Sat, Pedro Serra y Alejandro Barro). A estos se le sumar\u00eda la presidente del bloque Adriana Cano y Mercedes Derrache. Mientras que el legislador del<strong>\u00a0Partido Dem\u00f3crata<\/strong>, Armando Magistretti tambi\u00e9n dar\u00eda su aval. \u00a0<\/p>\n\n\n\n<p>FUENTE: Elsol.com.ar <\/p>\n","protected":false},"excerpt":{"rendered":"<p>Cambia Mendoza cuenta con los votos necesarios para conseguir la sanci\u00f3n final de la adenda presidencial y del Paquete Fiscal. Los reparos de la oposici\u00f3n. El Senado tendr\u00e1 este martes una caliente sesi\u00f3n en la que tratar\u00e1n dos temas claves para el Gobierno de&nbsp;Alfredo Cornejo: la&nbsp;Adenda presidencial, que habilita el uso de los 1.023 millones [&hellip;]<\/p>\n","protected":false},"author":2,"featured_media":8200,"comment_status":"open","ping_status":"open","sticky":true,"template":"","format":"standard","meta":[],"categories":[47],"tags":[],"_links":{"self":[{"href":"https:\/\/pasaenmendoza.com\/index.php?rest_route=\/wp\/v2\/posts\/8199"}],"collection":[{"href":"https:\/\/pasaenmendoza.com\/index.php?rest_route=\/wp\/v2\/posts"}],"about":[{"href":"https:\/\/pasaenmendoza.com\/index.php?rest_route=\/wp\/v2\/types\/post"}],"author":[{"embeddable":true,"href":"https:\/\/pasaenmendoza.com\/index.php?rest_route=\/wp\/v2\/users\/2"}],"replies":[{"embeddable":true,"href":"https:\/\/pasaenmendoza.com\/index.php?rest_route=%2Fwp%2Fv2%2Fcomments&post=8199"}],"version-history":[{"count":1,"href":"https:\/\/pasaenmendoza.com\/index.php?rest_route=\/wp\/v2\/posts\/8199\/revisions"}],"predecessor-version":[{"id":8201,"href":"https:\/\/pasaenmendoza.com\/index.php?rest_route=\/wp\/v2\/posts\/8199\/revisions\/8201"}],"wp:featuredmedia":[{"embeddable":true,"href":"https:\/\/pasaenmendoza.com\/index.php?rest_route=\/wp\/v2\/media\/8200"}],"wp:attachment":[{"href":"https:\/\/pasaenmendoza.com\/index.php?rest_route=%2Fwp%2Fv2%2Fmedia&parent=8199"}],"wp:term":[{"taxonomy":"category","embeddable":true,"href":"https:\/\/pasaenmendoza.com\/index.php?rest_route=%2Fwp%2Fv2%2Fcategories&post=8199"},{"taxonomy":"post_tag","embeddable":true,"href":"https:\/\/pasaenmendoza.com\/index.php?rest_route=%2Fwp%2Fv2%2Ftags&post=8199"}],"curies":[{"name":"wp","href":"https:\/\/api.w.org\/{rel}","templated":true}]}}