{"id":8202,"date":"2024-06-11T14:56:08","date_gmt":"2024-06-11T12:56:08","guid":{"rendered":"https:\/\/pasaenmendoza.com\/?p=8202"},"modified":"2024-06-11T14:56:09","modified_gmt":"2024-06-11T12:56:09","slug":"el-gobierno-aspira-a-que-el-senado-apruebe-la-adenda-por-portezuelo-y-el-paquete-fiscal","status":"publish","type":"post","link":"https:\/\/pasaenmendoza.com\/?p=8202","title":{"rendered":"El Gobierno aspira a que el Senado apruebe la adenda por Portezuelo y el paquete fiscal"},"content":{"rendered":"\n<p>Este martes estar\u00e1 en discusi\u00f3n la confirmaci\u00f3n del decreto para utilizar los fondos inicialmente destinados a\u00a0<strong>Portezuelo del Viento<\/strong>\u00a0y el paquete fiscal<\/p>\n\n\n\n<p>El\u00a0<strong>Senado\u00a0debatir\u00e1 este martes<\/strong>\u00a0si aprueba o no el<strong>\u00a0documento que firm\u00f3 Alfredo Cornejo<\/strong>\u00a0en Buenos Aires con el ministro de Econom\u00eda, Luis Caputo,\u00a0<strong>para ampliar el uso de los U$S 1.023 millones de Portezuelo del Viento<\/strong>\u00a0en otras obras p\u00fablicas. Tambi\u00e9n el\u00a0<strong>paquete fiscal.<\/strong><\/p>\n\n\n\n<p>El proyecto para utilizar los fondos que inicialmente correspond\u00edan a la megarepresa hidroel\u00e9ctrica en Malarg\u00fce lleg\u00f3 a manos de los senadores desde&nbsp;<strong>Diputados<\/strong>, donde&nbsp;<strong>obtuvo la media sanci\u00f3n con 32 votos afirmativos<\/strong>, 13 negativos -una parte del bloque del Partido Justicialista, Partido Verde y La Uni\u00f3n Mendocina- y 1 abstenci\u00f3n.<\/p>\n\n\n\n<p>En caso de repetir el resultado en la C\u00e1mara Alta este martes, a\u00fan no ser\u00eda el \u00faltimo paso. A la confirmaci\u00f3n del decreto que emiti\u00f3 el gobernador Alfredo Cornejo\u00a0<strong>le faltar\u00eda la ratificaci\u00f3n definitiva del presidente Javier Milei para disponer de los fondos<\/strong>.<\/p>\n\n\n\n<h2 class=\"wp-block-heading\">El Senado tratar\u00e1 este martes el paquete fiscal<\/h2>\n\n\n\n<p>El equipo del ministro de Hacienda, V\u00edctor Fayad, elabor\u00f3 un ambicioso proyecto con\u00a0<strong>23 art\u00edculos<\/strong>\u00a0que abarca desde cambios a la\u00a0<strong>modificaci\u00f3n del Coeficiente de Equilibrio del Desarrollo Municipal<\/strong>\u00a0hasta incorporar\u00a0<strong>la presentaci\u00f3n de certificados m\u00e9dicos falsos como causal de cesant\u00eda<\/strong>\u00a0para los empleados del sector p\u00fablico.<\/p>\n\n\n\n<p>En Diputados la iniciativa, en la votaci\u00f3n general, recibi\u00f3 el&nbsp;<strong>apoyo de 41 legisladores<\/strong>, 2 en contra y 3 abstenciones, con una&nbsp;<strong>fuerte cr\u00edtica<\/strong>&nbsp;por parte de los referentes de departamentos que se sienten perjudicados, como fue el caso de los maipucinos&nbsp;<strong>Juan Pablo Gulino (PJ)<\/strong>&nbsp;y&nbsp;<strong>Cintia G\u00f3mez (LUM)<\/strong>.<\/p>\n\n\n\n<p>Cuando se vot\u00f3 en&nbsp;<strong>particular&nbsp;<\/strong>el art\u00edculo que busca cambiar la forma en que se asigna una parte de los recursos a cada comuna, recibi\u00f3 el&nbsp;<strong>voto negativo de 4 diputados<\/strong>: Gustavo Cairo (LLA), Jimena Cogo (LUM) y los oficialistas Miguel Ronco y Mauricio Di C\u00e9sare.<\/p>\n\n\n\n<p>Uno de los cambios m\u00e1s importantes que el Gobierno quiere incluir con el paquete fiscal es\u00a0<strong>la reforma del mencionado coeficiente<\/strong>, pero no es el \u00fanico.<\/p>\n\n\n\n<p>En materia de&nbsp;<strong>recursos humanos<\/strong>, busca aprobar la cesant\u00eda inmediata por presentar&nbsp;<strong>certificados m\u00e9dicos falsos<\/strong>, un art\u00edculo que provoca que las indemnizaciones por incapacidad absoluta disminuyan a medida que un estatal adquiera mayor antig\u00fcedad y aumentar la antig\u00fcedad m\u00ednima requerida para solicitar una licencia sin goce de haberes.<\/p>\n\n\n\n<p>Adem\u00e1s, en busca de\u00a0<strong>mejorar el manejo de los activos<\/strong>, tambi\u00e9n present\u00f3 alternativas para mejorar la\u00a0<strong>gesti\u00f3n de cr\u00e9ditos del IPV<\/strong>, disponer de los materiales del medio p\u00fablico Acequia, incluir a municipios en la exenci\u00f3n del sellado que tiene la Provincia para contrataciones, ampliar el Fondo de Infraestructura Provincial para permitir su utilizaci\u00f3n en otras inversiones p\u00fablicas, y ampliar la gesti\u00f3n de inmuebles provinciales (DAABO) para agilizar la venta de bienes del Estado, entre otras medidas.<\/p>\n\n\n\n<h2 class=\"wp-block-heading\">El decreto que firm\u00f3 el Ejecutivo y que ahora tiene que confirmar el Senado de Mendoza<\/h2>\n\n\n\n<p>A pesar del reclamo de intendentes del sur provincial, el mandatario avanz\u00f3 con los fondos inicialmente asignados a la megarepresa hidroel\u00e9ctrica Portezuelo del Viento, en Malarg\u00fce. Mantuvo reuniones con c\u00e1maras empresariales y, hace un mes,\u00a0<strong>el 9 de mayo, firm\u00f3 el decreto que materializ\u00f3 la promesa hecha durante la Asamblea Legislativa<\/strong>, cuando revel\u00f3 el acuerdo suscrito en Buenos Aires con Caputo y el Jefe de Gabinete, Guillermo Francos.<\/p>\n\n\n\n<p>La norma emitida por Cornejo, y suscrita tambi\u00e9n por miembros de su gabinete, indic\u00f3 que&nbsp;<strong>los fondos ser\u00e1n utilizados para &#8220;financiar obras de infraestructura necesarias para el desarrollo provincial&#8221;<\/strong>&nbsp;y proh\u00edbe su uso para gastos corrientes.<\/p>\n\n\n\n<p>Este enfoque gener\u00f3&nbsp;<strong>controversia en la C\u00e1mara de Diputados<\/strong>, donde algunos legisladores advirtieron que ser\u00eda un &#8220;cheque en blanco&#8221; aprobarlo sin tener la n\u00f3mina de las obras.<\/p>\n\n\n\n<p>En caso de aprobarse el proyecto, paso necesario para confirmar cualquier decreto, el Ejecutivo deber\u00e1, por un lado,\u00a0<strong>aguardar la ratificaci\u00f3n de Milei<\/strong>\u00a0y, por otro,\u00a0<strong>convencer a los legisladores de aprobar la n\u00f3mina que confeccione detallando en qu\u00e9 obras se utilizar\u00e1n.<\/strong><\/p>\n\n\n\n<p>FUENTE: Diariouno.com.ar <\/p>\n","protected":false},"excerpt":{"rendered":"<p>Este martes estar\u00e1 en discusi\u00f3n la confirmaci\u00f3n del decreto para utilizar los fondos inicialmente destinados a\u00a0Portezuelo del Viento\u00a0y el paquete fiscal El\u00a0Senado\u00a0debatir\u00e1 este martes\u00a0si aprueba o no el\u00a0documento que firm\u00f3 Alfredo Cornejo\u00a0en Buenos Aires con el ministro de Econom\u00eda, Luis Caputo,\u00a0para ampliar el uso de los U$S 1.023 millones de Portezuelo del Viento\u00a0en otras obras [&hellip;]<\/p>\n","protected":false},"author":2,"featured_media":8203,"comment_status":"open","ping_status":"open","sticky":true,"template":"","format":"standard","meta":[],"categories":[47],"tags":[],"_links":{"self":[{"href":"https:\/\/pasaenmendoza.com\/index.php?rest_route=\/wp\/v2\/posts\/8202"}],"collection":[{"href":"https:\/\/pasaenmendoza.com\/index.php?rest_route=\/wp\/v2\/posts"}],"about":[{"href":"https:\/\/pasaenmendoza.com\/index.php?rest_route=\/wp\/v2\/types\/post"}],"author":[{"embeddable":true,"href":"https:\/\/pasaenmendoza.com\/index.php?rest_route=\/wp\/v2\/users\/2"}],"replies":[{"embeddable":true,"href":"https:\/\/pasaenmendoza.com\/index.php?rest_route=%2Fwp%2Fv2%2Fcomments&post=8202"}],"version-history":[{"count":1,"href":"https:\/\/pasaenmendoza.com\/index.php?rest_route=\/wp\/v2\/posts\/8202\/revisions"}],"predecessor-version":[{"id":8204,"href":"https:\/\/pasaenmendoza.com\/index.php?rest_route=\/wp\/v2\/posts\/8202\/revisions\/8204"}],"wp:featuredmedia":[{"embeddable":true,"href":"https:\/\/pasaenmendoza.com\/index.php?rest_route=\/wp\/v2\/media\/8203"}],"wp:attachment":[{"href":"https:\/\/pasaenmendoza.com\/index.php?rest_route=%2Fwp%2Fv2%2Fmedia&parent=8202"}],"wp:term":[{"taxonomy":"category","embeddable":true,"href":"https:\/\/pasaenmendoza.com\/index.php?rest_route=%2Fwp%2Fv2%2Fcategories&post=8202"},{"taxonomy":"post_tag","embeddable":true,"href":"https:\/\/pasaenmendoza.com\/index.php?rest_route=%2Fwp%2Fv2%2Ftags&post=8202"}],"curies":[{"name":"wp","href":"https:\/\/api.w.org\/{rel}","templated":true}]}}