{"id":8205,"date":"2024-06-11T15:00:38","date_gmt":"2024-06-11T13:00:38","guid":{"rendered":"https:\/\/pasaenmendoza.com\/?p=8205"},"modified":"2024-06-11T15:00:40","modified_gmt":"2024-06-11T13:00:40","slug":"anabel-fernandez-sagasti-considero-escandalosa-a-la-ley-bases-y-trabajara-para-que-no-salga","status":"publish","type":"post","link":"https:\/\/pasaenmendoza.com\/?p=8205","title":{"rendered":"Anabel Fern\u00e1ndez Sagasti consider\u00f3 escandalosa a la Ley Bases y trabajar\u00e1 para que no salga"},"content":{"rendered":"\n<p>La senadora nacional\u00a0<strong>Anabel Fern\u00e1ndez Sagasti<\/strong>\u00a0dijo que su espacio pedir\u00e1 al oficialismo que el Presidente mande ley por ley al Congreso para hacer aportes<\/p>\n\n\n\n<p>La senadora nacional kirchnerista<strong>\u00a0Anabel Fern\u00e1ndez Sagasti\u00a0<\/strong>ratific\u00f3 su posici\u00f3n en contra de la\u00a0<strong>Ley Bases,<\/strong>\u00a0pero tambi\u00e9n asegur\u00f3 que si esa iniciativa se desmenuza en distintos proyectos, el peronismo est\u00e1 dispuesto a hacer aportes. Igualmente ratific\u00f3 que su espacio trabajar\u00e1 para que la norma propuesta por el presidente Javier Miei no avance.<\/p>\n\n\n\n<p>La legisladora hizo estas declaraciones durante la presentaci\u00f3n del&nbsp;<strong>Centro de Estudios y An\u00e1lisis de Seguridad de Mendoza,&nbsp;<\/strong>que encabeza la ex diputada provincial peronista Marisa Garnica. Este organismo fue anunciado como &#8220;un observatorio conformado por ciudadanos organizados para estudiar el flagelo de la inseguridad creciente y planificar c\u00f3mo combatirla&#8221;.<\/p>\n\n\n\n<p>Sobre este instituto, Anabel destac\u00f3 que la seguridad es una de las mayores preocupaciones de los mendocinos y que la idea de conformarlo es para colaborar con el Gobierno.\u00a0<strong>&#8220;Esperamos ser escuchados&#8221;,<\/strong>\u00a0anhel\u00f3.<\/p>\n\n\n\n<p>A su vez, desde el&nbsp;<strong>radicalismo<\/strong>&nbsp;cuestionaron la creaci\u00f3n de esa entidad, criticando el rol que tuvo Garnica en la&nbsp;<strong>Unidad Ejecutiva de Seguridad Vial (UESV)<\/strong>.<\/p>\n\n\n\n<p>&#8220;No pudo implementar la licencia nacional de conducir en toda Mendoza. No hab\u00eda estad\u00edsticas. Dejo 5 alcohol\u00edmetros funcionando. Sin radares. Firm\u00f3 convenios y no los implement\u00f3&#8221;, arremeti\u00f3, por ejemplo, el concejal sanrafaelino&nbsp;<strong>Leonardo Yapur<\/strong>.<\/p>\n\n\n\n<p>Lo cierto es que, m\u00e1s all\u00e1 de los efectos concretos que se viven en los barrios,\u00a0<strong>la Seguridad sigue siendo un punto de conflicto entre el oficialismo y la oposici\u00f3n<\/strong>. La Comisi\u00f3n Bicameral de Seguridad estuvo m\u00e1s de un a\u00f1o sin funcionar a causa de estos chispazos y ahora el tema sigue en agenda, por lo que probablemente habr\u00e1 nuevos choques.<\/p>\n\n\n\n<h2 class=\"wp-block-heading\">&#8220;La Ley Bases&#8221; es un esc\u00e1ndalo, dijo Anabel Fern\u00e1ndez Sagasti<\/h2>\n\n\n\n<p>Fern\u00e1ndez Sagasti se\u00f1al\u00f3 este lunes: &#8220;Tenemos expectativa de\u00a0<strong>seguir trabajando para que la ley no salga<\/strong>\u00a0y, a la vez, invitar al Poder Ejecutivo Nacional para que en lugar de insistir con una ley \u00f3mnibus, con muchos temas adentro,\u00a0<strong>lo haga por partes<\/strong>. De ese modo podemos hacer aportes para tratar de que lo que se apruebe sea beneficioso para todos los argentinos&#8221;.<\/p>\n\n\n\n<p>En tono cr\u00edtico, la senadora mendocina dijo que &#8220;lo que ha sucedido es escandaloso.<strong>&nbsp;Y cuando una ley es escandalosa en su cierre es porque hay gato encerrado y algo sucio huele contra los derechos de la mayor\u00eda de los argentinos&#8221;.<\/strong><\/p>\n\n\n\n<p>Sagasti record\u00f3: &#8220;Cuando termin\u00f3 el tratamiento en comisi\u00f3n al oficialismo le faltaban tres firmas. Vino el jefe de Gabinete (por Guillermo Francos), que es de otro poder, y se encerr\u00f3 con tres senadores. Entonces sali\u00f3 el despacho al proyecto Ley Bases. Ya sabemos que a una le ofrecieron la embajada en Par\u00eds de la Unesco. Vaya a saber lo que les ofrecieron a los otros.&nbsp;<strong>Cuando la cosa huele mal, es porque est\u00e1 mal para la mayor\u00eda de los argentinos&#8221;.<\/strong><\/p>\n\n\n\n<p>Del tratamiento de la Ley Bases que se viene en el Senado, cont\u00f3 que<strong>\u00a0&#8220;vamos a tratar de que definan los votos dudosos y que no salga la ley. Repito: queremos pedirle al Ejecutivo que mande ley por ley<\/strong>, porque hay aspectos que se pueden mejorar y ser beneficiosos para los argentinos, pero no de esta manera, con trampas, con cosas que huelen feo. S\u00ed, trabajando en leyes que puedan cambiarle la vida a la poblaci\u00f3n en los pr\u00f3ximos 30 a\u00f1os&#8221;.<\/p>\n\n\n\n<p>Para Fern\u00e1ndez Sagasti, &#8220;si el&nbsp;<strong>RIGI (R\u00e9gimen de Incentivo a las Grandes Inversiones)<\/strong>&nbsp;sale como est\u00e1, las mineras o las petroleras quedar\u00e1n por en encima de cualquier derecho de los mendocinos. Por ejemplo, si a vos te falta agua y a las mineras tambi\u00e9n, la prioridad la tendr\u00e1n las mineras.&nbsp;<strong>Tambi\u00e9n le saca recursos a Mendoza con la eliminaci\u00f3n o baja del Impuesto a los Bienes Personales&#8221;.<\/strong><\/p>\n\n\n\n<p>Por \u00faltimo, la&nbsp;<strong>ex presidenta del PJ de Mendoza<\/strong>&nbsp;aludi\u00f3 a ley de movilidad jubilatoria aprobada en Diputados y que espera su tr\u00e1mite en Senadores: &#8220;Hay una cuenta que no se ha hecho. Lo que insume la movilidad jubilatoria que propuso Diputados es lo mismo que insume el Impuesto a los Bienes Personales.&nbsp;<strong>Es decir: si se deja Bienes Personales se va a poder pagar el aumento a los jubilados porque es el mismo porcentaje&#8221;.<\/strong><\/p>\n\n\n\n<p>Y cerr\u00f3: &#8220;No es que no hay de d\u00f3nde sacar los fondos.\u00a0<strong>O se est\u00e1 con la mayor\u00eda de los jubilados que est\u00e1n por encima de la l\u00ednea de la indigencia o se est\u00e1n con las 800 personas m\u00e1s ricas del pa\u00eds&#8221;.<\/strong><\/p>\n\n\n\n<p>FUENTE: Diariouno.com.ar <\/p>\n\n\n\n<p><\/p>\n","protected":false},"excerpt":{"rendered":"<p>La senadora nacional\u00a0Anabel Fern\u00e1ndez Sagasti\u00a0dijo que su espacio pedir\u00e1 al oficialismo que el Presidente mande ley por ley al Congreso para hacer aportes La senadora nacional kirchnerista\u00a0Anabel Fern\u00e1ndez Sagasti\u00a0ratific\u00f3 su posici\u00f3n en contra de la\u00a0Ley Bases,\u00a0pero tambi\u00e9n asegur\u00f3 que si esa iniciativa se desmenuza en distintos proyectos, el peronismo est\u00e1 dispuesto a hacer aportes. Igualmente [&hellip;]<\/p>\n","protected":false},"author":2,"featured_media":8206,"comment_status":"open","ping_status":"open","sticky":true,"template":"","format":"standard","meta":[],"categories":[47],"tags":[],"_links":{"self":[{"href":"https:\/\/pasaenmendoza.com\/index.php?rest_route=\/wp\/v2\/posts\/8205"}],"collection":[{"href":"https:\/\/pasaenmendoza.com\/index.php?rest_route=\/wp\/v2\/posts"}],"about":[{"href":"https:\/\/pasaenmendoza.com\/index.php?rest_route=\/wp\/v2\/types\/post"}],"author":[{"embeddable":true,"href":"https:\/\/pasaenmendoza.com\/index.php?rest_route=\/wp\/v2\/users\/2"}],"replies":[{"embeddable":true,"href":"https:\/\/pasaenmendoza.com\/index.php?rest_route=%2Fwp%2Fv2%2Fcomments&post=8205"}],"version-history":[{"count":1,"href":"https:\/\/pasaenmendoza.com\/index.php?rest_route=\/wp\/v2\/posts\/8205\/revisions"}],"predecessor-version":[{"id":8207,"href":"https:\/\/pasaenmendoza.com\/index.php?rest_route=\/wp\/v2\/posts\/8205\/revisions\/8207"}],"wp:featuredmedia":[{"embeddable":true,"href":"https:\/\/pasaenmendoza.com\/index.php?rest_route=\/wp\/v2\/media\/8206"}],"wp:attachment":[{"href":"https:\/\/pasaenmendoza.com\/index.php?rest_route=%2Fwp%2Fv2%2Fmedia&parent=8205"}],"wp:term":[{"taxonomy":"category","embeddable":true,"href":"https:\/\/pasaenmendoza.com\/index.php?rest_route=%2Fwp%2Fv2%2Fcategories&post=8205"},{"taxonomy":"post_tag","embeddable":true,"href":"https:\/\/pasaenmendoza.com\/index.php?rest_route=%2Fwp%2Fv2%2Ftags&post=8205"}],"curies":[{"name":"wp","href":"https:\/\/api.w.org\/{rel}","templated":true}]}}