{"id":8211,"date":"2024-06-12T00:12:19","date_gmt":"2024-06-11T22:12:19","guid":{"rendered":"https:\/\/pasaenmendoza.com\/?p=8211"},"modified":"2024-06-12T00:13:03","modified_gmt":"2024-06-11T22:13:03","slug":"conin-informo-que-ya-repartio-13-toneladas-de-leche-en-mendoza-y-espera-por-otras-90","status":"publish","type":"post","link":"https:\/\/pasaenmendoza.com\/?p=8211","title":{"rendered":"CONIN inform\u00f3 que ya reparti\u00f3 13 toneladas de leche en Mendoza y espera por otras 90"},"content":{"rendered":"\n<p>&#8220;Lleg\u00f3 una parte y en los pr\u00f3ximos d\u00edas estar\u00e1 llegando el resto&#8221;, confirm\u00f3&nbsp;<strong>Gabriela Sabio, directora m\u00e9dica de la Fundaci\u00f3n CONIN<\/strong>, respecto de las 140 toneladas de leche en polvo que el Ministerio de Capital Humano enviar\u00e1 a Mendoza, a trav\u00e9s del Ej\u00e9rcito Argentino.<\/p>\n\n\n\n<p>Se trata de una parte de la leche que estaba almacenada, sin distribuir, en dos dep\u00f3sitos, uno en Villa Martelli, Buenos Aires, y otro en Taf\u00ed Viejo, Tucum\u00e1n.<\/p>\n\n\n\n<p>Seg\u00fan la&nbsp;informaci\u00f3n que Capital Humano entreg\u00f3 a la Justicia Federal &#8211; que forz\u00f3 el reparto-, del total de leche en polvo, 30 mil kilos vencen el 7 de julio y m\u00e1s de 300 mil kilos vencen a fines de ese mes. Los otros 466 kilos, que est\u00e1n en Tucum\u00e1n, vencen tambi\u00e9n a fin de julio.<\/p>\n\n\n\n<h2 class=\"wp-block-heading\">CONIN recibi\u00f3 la primera tanda de leche en polvo<\/h2>\n\n\n\n<p>Miembros del&nbsp;<strong>Ej\u00e9rcito Argentino hicieron entrega el domingo por la noche de aproximadamente 13.000 kilos de leche en polvo a CONIN<\/strong>. Los mismos llegaron en camiones al centro principal de la Fundaci\u00f3n, que se encuentra en Las Heras.<\/p>\n\n\n\n<p>Apenas llegaron, comenz\u00f3 el operativo reparto y de esos kilos de leche en polvo ya no queda nada. Con esa mercader\u00eda<strong>&nbsp;se asistir\u00e1 a unos 12.000 ni\u00f1os de diversos comedores,<\/strong>&nbsp;informaron desde CONIN sin mayores precisiones.<\/p>\n\n\n\n<p><strong>La Fundaci\u00f3n espera que entre mi\u00e9rcoles y jueves lleguen otros 90.000 kilos al centro CONIN de Las Heras<\/strong>. La mayor\u00eda de esos ser\u00e1n repartidos por la Fundaci\u00f3n, con su log\u00edstica, y para el resto colaborar\u00e1 el Gobierno de Mendoza.<\/p>\n\n\n\n<p>Adem\u00e1s, tambi\u00e9n se esperan toneladas de leche a los centros de San Mart\u00edn, San Rafael y General Alvear.<\/p>\n\n\n\n<p>En total, seg\u00fan aport\u00f3 el director ejecutivo de la Fundaci\u00f3n&nbsp;<strong>Diego \u00c1lvarez, la operaci\u00f3n beneficiar\u00e1 a unos 25.000 ni\u00f1os en Mendoza<\/strong>.<\/p>\n\n\n\n<p><strong>Fuente: www.diariouno.com.ar<\/strong><\/p>\n","protected":false},"excerpt":{"rendered":"<p>&#8220;Lleg\u00f3 una parte y en los pr\u00f3ximos d\u00edas estar\u00e1 llegando el resto&#8221;, confirm\u00f3&nbsp;Gabriela Sabio, directora m\u00e9dica de la Fundaci\u00f3n CONIN, respecto de las 140 toneladas de leche en polvo que el Ministerio de Capital Humano enviar\u00e1 a Mendoza, a trav\u00e9s del Ej\u00e9rcito Argentino. Se trata de una parte de la leche que estaba almacenada, sin [&hellip;]<\/p>\n","protected":false},"author":2,"featured_media":8212,"comment_status":"open","ping_status":"open","sticky":false,"template":"","format":"standard","meta":[],"categories":[50],"tags":[],"_links":{"self":[{"href":"https:\/\/pasaenmendoza.com\/index.php?rest_route=\/wp\/v2\/posts\/8211"}],"collection":[{"href":"https:\/\/pasaenmendoza.com\/index.php?rest_route=\/wp\/v2\/posts"}],"about":[{"href":"https:\/\/pasaenmendoza.com\/index.php?rest_route=\/wp\/v2\/types\/post"}],"author":[{"embeddable":true,"href":"https:\/\/pasaenmendoza.com\/index.php?rest_route=\/wp\/v2\/users\/2"}],"replies":[{"embeddable":true,"href":"https:\/\/pasaenmendoza.com\/index.php?rest_route=%2Fwp%2Fv2%2Fcomments&post=8211"}],"version-history":[{"count":2,"href":"https:\/\/pasaenmendoza.com\/index.php?rest_route=\/wp\/v2\/posts\/8211\/revisions"}],"predecessor-version":[{"id":8215,"href":"https:\/\/pasaenmendoza.com\/index.php?rest_route=\/wp\/v2\/posts\/8211\/revisions\/8215"}],"wp:featuredmedia":[{"embeddable":true,"href":"https:\/\/pasaenmendoza.com\/index.php?rest_route=\/wp\/v2\/media\/8212"}],"wp:attachment":[{"href":"https:\/\/pasaenmendoza.com\/index.php?rest_route=%2Fwp%2Fv2%2Fmedia&parent=8211"}],"wp:term":[{"taxonomy":"category","embeddable":true,"href":"https:\/\/pasaenmendoza.com\/index.php?rest_route=%2Fwp%2Fv2%2Fcategories&post=8211"},{"taxonomy":"post_tag","embeddable":true,"href":"https:\/\/pasaenmendoza.com\/index.php?rest_route=%2Fwp%2Fv2%2Ftags&post=8211"}],"curies":[{"name":"wp","href":"https:\/\/api.w.org\/{rel}","templated":true}]}}