{"id":8216,"date":"2024-06-12T00:16:15","date_gmt":"2024-06-11T22:16:15","guid":{"rendered":"https:\/\/pasaenmendoza.com\/?p=8216"},"modified":"2024-06-12T00:16:16","modified_gmt":"2024-06-11T22:16:16","slug":"la-nacion-dio-marcha-atras-y-los-seguros-de-auto-seguiran-con-el-servicio-de-gruas-y-auxilio-mecanico","status":"publish","type":"post","link":"https:\/\/pasaenmendoza.com\/?p=8216","title":{"rendered":"La Naci\u00f3n dio marcha atr\u00e1s y los seguros de auto seguir\u00e1n con el servicio de gr\u00faas y auxilio mec\u00e1nico"},"content":{"rendered":"\n<p>Se oficializ\u00f3 que\u00a0<strong>qued\u00f3 anulada la norma\u00a0<\/strong>que eliminaba la obligatoriedad de las aseguradoras de incluir servicios de gr\u00faa y asistencia mec\u00e1nica.<\/p>\n\n\n\n<p>Por medio de la Resoluci\u00f3n de la Superintendencia de Seguros de la Naci\u00f3n (SSN)\u00a0<strong>se oficializ\u00f3 que qued\u00f3 anulada la norma<\/strong>\u00a0<strong>que\u00a0<\/strong>deb\u00eda aplicarse a partir del 1\u00b0 de julio y\u00a0<strong>eliminaba la obligatoriedad de las\u00a0empresas de seguros\u00a0de incluir servicios de gr\u00faa y asistencia mec\u00e1nica\u00a0<\/strong>en sus p\u00f3lizas de autos.<\/p>\n\n\n\n<p>De esta forma el Gobierno revoc\u00f3\u00a0<strong>una medida que hab\u00eda generado controversia y cr\u00edticas<\/strong>. Incluso, el vocero presidencial,\u00a0<strong>Manuel Adorni<\/strong>, hab\u00eda confirmado que no se revertir\u00eda la decisi\u00f3n de modificar el servicio de gr\u00faas ofrecido por las compa\u00f1\u00edas aseguradoras en todo el pa\u00eds.<\/p>\n\n\n\n<p>A finales de abril la\u00a0<strong>SSN<\/strong>, a cargo de Guillermo Plate, hab\u00eda anunciado que las empresas de seguros de autos\u00a0<strong>pod\u00edan excluir los servicios de gr\u00faas o remolques y asistencia mec\u00e1nica en todo el pa\u00eds<\/strong>. Sin embargo, la SNN confirm\u00f3 la firma de la resoluci\u00f3n 269\/2024, que\u00a0<strong>revierte la medida<\/strong>.<\/p>\n\n\n\n<p>La misma iba a regir desde el 24 de julio. La Resoluci\u00f3n 217\/2024, publicada en el Bolet\u00edn Oficial, hab\u00eda planteado el objetivo de desregular el sector, &#8220;proteger al ciudadano&#8221; y aumentar la competencia. Algunas compa\u00f1\u00edas de seguros<strong>&nbsp;ya hab\u00edan empezado a enviar a sus clientes cartas con la notificaci\u00f3n de este cambio en el servicio prestado<\/strong>.<\/p>\n\n\n\n<h2 class=\"wp-block-heading\">Seguros y auxilio mec\u00e1nico: partes y contrapartes<\/h2>\n\n\n\n<p>La<strong>&nbsp;Asociaci\u00f3n de Consumidores y Usuarios de la Argentina (ACUDA)&nbsp;<\/strong>hab\u00eda tomado una decisi\u00f3n el 28 de mayo: una acci\u00f3n colectiva en defensa de los derechos de los consumidores.<\/p>\n\n\n\n<p>Buscaban obtener la nulidad del art\u00edculo 2\u00b0 de la Resoluci\u00f3n, que impon\u00eda &#8220;modificaciones que afectan directamente las condiciones del servicio de remolques,&nbsp;<strong>privando a los consumidores de un beneficio que previamente estaba incluido en sus p\u00f3lizas de seguro<\/strong>&#8220;.<\/p>\n\n\n\n<p>Desde las aseguradoras explicaron que:&nbsp;<strong>&#8220;No es el esp\u00edritu de la p\u00f3liza la asistencia mec\u00e1nica. Los clientes adem\u00e1s han abusado durante mucho tiempo de estos servicios, encareciendo fuertemente los costos de las compa\u00f1\u00edas de seguros.&nbsp;<\/strong>Es algo de lo que se viene hablando hace tiempo, en alg\u00fan momento iba a suceder. Es una buena noticia para las aseguradoras\u201d.<\/p>\n\n\n\n<p>Durante a\u00f1os,<strong>\u00a0las aseguradoras se han visto obligadas a destinar parte sustancial de la recaudaci\u00f3n de las primas a brindar un servicio que adem\u00e1s de muy costoso, es tercerizado,\u00a0<\/strong>lo que genera problemas de otra \u00edndole a las compa\u00f1\u00edas, que terminan distrayendo recursos y tiempo a atender temas que no le son propios, exponi\u00e9ndose adem\u00e1s a un desgaste de imagen con sus clientes.<\/p>\n\n\n\n<p><strong>Fuente: www.diariouno.com.ar<\/strong><\/p>\n","protected":false},"excerpt":{"rendered":"<p>Se oficializ\u00f3 que\u00a0qued\u00f3 anulada la norma\u00a0que eliminaba la obligatoriedad de las aseguradoras de incluir servicios de gr\u00faa y asistencia mec\u00e1nica. Por medio de la Resoluci\u00f3n de la Superintendencia de Seguros de la Naci\u00f3n (SSN)\u00a0se oficializ\u00f3 que qued\u00f3 anulada la norma\u00a0que\u00a0deb\u00eda aplicarse a partir del 1\u00b0 de julio y\u00a0eliminaba la obligatoriedad de las\u00a0empresas de seguros\u00a0de incluir [&hellip;]<\/p>\n","protected":false},"author":2,"featured_media":8217,"comment_status":"open","ping_status":"open","sticky":false,"template":"","format":"standard","meta":[],"categories":[50],"tags":[],"_links":{"self":[{"href":"https:\/\/pasaenmendoza.com\/index.php?rest_route=\/wp\/v2\/posts\/8216"}],"collection":[{"href":"https:\/\/pasaenmendoza.com\/index.php?rest_route=\/wp\/v2\/posts"}],"about":[{"href":"https:\/\/pasaenmendoza.com\/index.php?rest_route=\/wp\/v2\/types\/post"}],"author":[{"embeddable":true,"href":"https:\/\/pasaenmendoza.com\/index.php?rest_route=\/wp\/v2\/users\/2"}],"replies":[{"embeddable":true,"href":"https:\/\/pasaenmendoza.com\/index.php?rest_route=%2Fwp%2Fv2%2Fcomments&post=8216"}],"version-history":[{"count":1,"href":"https:\/\/pasaenmendoza.com\/index.php?rest_route=\/wp\/v2\/posts\/8216\/revisions"}],"predecessor-version":[{"id":8218,"href":"https:\/\/pasaenmendoza.com\/index.php?rest_route=\/wp\/v2\/posts\/8216\/revisions\/8218"}],"wp:featuredmedia":[{"embeddable":true,"href":"https:\/\/pasaenmendoza.com\/index.php?rest_route=\/wp\/v2\/media\/8217"}],"wp:attachment":[{"href":"https:\/\/pasaenmendoza.com\/index.php?rest_route=%2Fwp%2Fv2%2Fmedia&parent=8216"}],"wp:term":[{"taxonomy":"category","embeddable":true,"href":"https:\/\/pasaenmendoza.com\/index.php?rest_route=%2Fwp%2Fv2%2Fcategories&post=8216"},{"taxonomy":"post_tag","embeddable":true,"href":"https:\/\/pasaenmendoza.com\/index.php?rest_route=%2Fwp%2Fv2%2Ftags&post=8216"}],"curies":[{"name":"wp","href":"https:\/\/api.w.org\/{rel}","templated":true}]}}