{"id":8219,"date":"2024-06-12T00:21:42","date_gmt":"2024-06-11T22:21:42","guid":{"rendered":"https:\/\/pasaenmendoza.com\/?p=8219"},"modified":"2024-06-12T00:21:43","modified_gmt":"2024-06-11T22:21:43","slug":"se-complico-la-situacion-de-los-mendocinos-varados-en-chile-porque-los-desalojaron-del-regimiento-militar","status":"publish","type":"post","link":"https:\/\/pasaenmendoza.com\/?p=8219","title":{"rendered":"Se complic\u00f3 la situaci\u00f3n de los mendocinos varados en Chile porque los desalojaron del regimiento militar"},"content":{"rendered":"\n<p>La situaci\u00f3n para los\u00a0<strong>mendocinos varados en Chile<\/strong>\u00a0se complic\u00f3 la tarde de este martes cuando Carabineros les inform\u00f3 que no pod\u00edan seguir alojados en el complejo militar donde hab\u00edan estado durmiendo, comiendo y ase\u00e1ndose. A las 15 (hora chilena) fueron escoltados hacia la ruta 60.<\/p>\n\n\n\n<p>Desde hace 5 d\u00edas que est\u00e1n varados en la ruta. Reci\u00e9n el domingo a la noche los recibi\u00f3 el personal del Ej\u00e9rcito de Chile, hasta este martes cuando las autoridades les pidieron que se retiren del lugar.<\/p>\n\n\n\n<p>En un principio iban a ir hasta el Consulado argentino en Chile pero advirtieron que ya se hab\u00edan comunicado con las autoridades argentinas y no les hab\u00edan dado soluci\u00f3n. Es por ello que emprendieron camino hacia el\u00a0<strong>paso de Pino Hachado<\/strong>,\u00a0<strong>en Neuqu\u00e9n,<\/strong>\u00a0que seg\u00fan les informaron, est\u00e1 abierto.<\/p>\n\n\n\n<p>&#8220;La situaci\u00f3n est\u00e1 complicada,\u00a0<strong>no tenemos ni pan ni agua<\/strong>, la gente est\u00e1 desesperada, ya\u00a0<strong>se est\u00e1 peleando entre s\u00ed<\/strong>&#8220;, explic\u00f3 Silvia Prado, una de las coordinadoras de un grupo varado desde hace 5 d\u00edas. Tambi\u00e9n inform\u00f3 que son 150 personas, entre ellas dos menores de edad y tres adultos mayores.<\/p>\n\n\n\n<p>&#8220;El Municipio de Los Andes y la gente nos estaban dando comida hasta hoy (por este martes), pero ya no nos queda nada y nos quedamos sin dinero&#8221;, continu\u00f3 Prado, preocupada porque, seg\u00fan sus palabras, la embajada de Argentina en Chile no les ha dado soluciones hasta el momento.<\/p>\n\n\n\n<p>&#8220;<strong>En Santiago ya hablamos, pero no se van a hacer cargo de nada<\/strong>&#8220;, afirm\u00f3.<a href=\"https:\/\/www.diariouno.com.ar\/sociedad\/continua-cerrado-el-paso-chile-el-mal-tiempo-alta-montana-y-las-nevadas-n1324888\" class=\"\"><\/a><\/p>\n\n\n\n<h2 class=\"wp-block-heading\">La alternativa es ir por Neuqu\u00e9n<\/h2>\n\n\n\n<p>Los automovilistas particulares comenzaron a correr el domingo la informaci\u00f3n de que el Paso d<strong>e Pino Hachado<\/strong>,\u00a0<strong>en Neuqu\u00e9n,\u00a0<\/strong>estaba abierto. Y as\u00ed lograron pasar cientos de personas que estaban varadas en Guardia Vieja. Seg\u00fan inform\u00f3 uno de los que logr\u00f3 utilizar este camino, el trayecto hasta Mendoza es de 3.000 km.<\/p>\n\n\n\n<p>&#8220;La gente se gast\u00f3 su plata porque al tour de compra viene gente que no tiene trabajo, tiene sus monedas para comprar, no s\u00e9, medias, y llevar y vender medias. Y ac\u00e1 no tenemos plata. Nadie tiene nada de plata&#8221;, asegur\u00f3 una mendocina varada.<\/p>\n\n\n\n<p>&#8220;El Consulado argentino no se quiere hacer responsable, el chileno respondi\u00f3 hasta donde pudo, no pueden hacer m\u00e1s. Las autoridades de Argentina se lavaron las manos'&#8221;, explic\u00f3 una mujer en un audio que se viraliz\u00f3 por WhatsApp.<\/p>\n\n\n\n<h2 class=\"wp-block-heading\">El pron\u00f3stico marca mal tiempo hasta el s\u00e1bado 15<\/h2>\n\n\n\n<p>La posibilidad de que el tiempo mejore en el Paso Los Libertadores en los pr\u00f3ximos d\u00edas es pr\u00e1cticamente nula, seg\u00fan informaron meteor\u00f3logos, y explicaron que el pron\u00f3stico indica ca\u00edda de nieve pesada hasta el viernes incluido.<\/p>\n\n\n\n<figure class=\"wp-block-image\"><img decoding=\"async\" src=\"https:\/\/media.diariouno.com.ar\/p\/af783f46155fca4da396ee76b4485434\/adjuntos\/298\/imagenes\/009\/351\/0009351715\/1200x0\/smart\/whatsapp-image-2024-06-11-at-164001jpeg.jpeg\" alt=\"\" title=\"\"\/><\/figure>\n\n\n\n<p><strong>Fuente: www.diariouno.com.ar<\/strong><\/p>\n","protected":false},"excerpt":{"rendered":"<p>La situaci\u00f3n para los\u00a0mendocinos varados en Chile\u00a0se complic\u00f3 la tarde de este martes cuando Carabineros les inform\u00f3 que no pod\u00edan seguir alojados en el complejo militar donde hab\u00edan estado durmiendo, comiendo y ase\u00e1ndose. A las 15 (hora chilena) fueron escoltados hacia la ruta 60. Desde hace 5 d\u00edas que est\u00e1n varados en la ruta. Reci\u00e9n [&hellip;]<\/p>\n","protected":false},"author":2,"featured_media":8220,"comment_status":"open","ping_status":"open","sticky":false,"template":"","format":"standard","meta":[],"categories":[50],"tags":[],"_links":{"self":[{"href":"https:\/\/pasaenmendoza.com\/index.php?rest_route=\/wp\/v2\/posts\/8219"}],"collection":[{"href":"https:\/\/pasaenmendoza.com\/index.php?rest_route=\/wp\/v2\/posts"}],"about":[{"href":"https:\/\/pasaenmendoza.com\/index.php?rest_route=\/wp\/v2\/types\/post"}],"author":[{"embeddable":true,"href":"https:\/\/pasaenmendoza.com\/index.php?rest_route=\/wp\/v2\/users\/2"}],"replies":[{"embeddable":true,"href":"https:\/\/pasaenmendoza.com\/index.php?rest_route=%2Fwp%2Fv2%2Fcomments&post=8219"}],"version-history":[{"count":1,"href":"https:\/\/pasaenmendoza.com\/index.php?rest_route=\/wp\/v2\/posts\/8219\/revisions"}],"predecessor-version":[{"id":8221,"href":"https:\/\/pasaenmendoza.com\/index.php?rest_route=\/wp\/v2\/posts\/8219\/revisions\/8221"}],"wp:featuredmedia":[{"embeddable":true,"href":"https:\/\/pasaenmendoza.com\/index.php?rest_route=\/wp\/v2\/media\/8220"}],"wp:attachment":[{"href":"https:\/\/pasaenmendoza.com\/index.php?rest_route=%2Fwp%2Fv2%2Fmedia&parent=8219"}],"wp:term":[{"taxonomy":"category","embeddable":true,"href":"https:\/\/pasaenmendoza.com\/index.php?rest_route=%2Fwp%2Fv2%2Fcategories&post=8219"},{"taxonomy":"post_tag","embeddable":true,"href":"https:\/\/pasaenmendoza.com\/index.php?rest_route=%2Fwp%2Fv2%2Ftags&post=8219"}],"curies":[{"name":"wp","href":"https:\/\/api.w.org\/{rel}","templated":true}]}}