{"id":8222,"date":"2024-06-12T13:51:10","date_gmt":"2024-06-12T11:51:10","guid":{"rendered":"https:\/\/pasaenmendoza.com\/?p=8222"},"modified":"2024-06-12T13:51:12","modified_gmt":"2024-06-12T11:51:12","slug":"la-interna-libertaria-se-recrudece-y-hay-expectativas-por-lugares-en-el-pami","status":"publish","type":"post","link":"https:\/\/pasaenmendoza.com\/?p=8222","title":{"rendered":"La interna libertaria se recrudece y hay expectativas por lugares en el PAMI"},"content":{"rendered":"\n<p>Lourdes Arrieta cont\u00f3 que hubo &#8220;picard\u00edas&#8221; por parte de su entorno para los avales de su partido en Mendoza. Por otro lado, este lunes asumi\u00f3 el nuevo titular del PAMI y se ocupar\u00e1n nuevos cargos.<\/p>\n\n\n\n<p>En Mendoza, la diputada nacional\u00a0<strong>Lourdes Arrieta\u00a0<\/strong>es una\u00a0figura que,\u00a0por distintas razones,\u00a0protagoniza\u00a0todo el nuevo armado pol\u00edtico vinculado al\u00a0presidente<strong>\u00a0Javier Milei<\/strong>. En primer lugar, porque su hermana Karina\u00a0le encomend\u00f3 la organizaci\u00f3n formal del\u00a0partido\u00a0<strong>La Libertad Avanza<\/strong>\u00a0y, en ese sentido, este lunes\u00a010\u00a0revel\u00f3 que la habr\u00edan enga\u00f1ado desde el entorno libertario con los avales para constituir la fuerza, algo que varios libertarios niegan ante la consulta\u00a0<\/p>\n\n\n\n<p>Pero adem\u00e1s, ese mismo d\u00eda asumi\u00f3 en total hermetismo el nuevo titular del\u00a0<strong>PAMI Mendoza<\/strong>, que\u00a0es asesor de la legisladora, para reemplazar a un excolaborador que por diferencias, fue reemplazado por<strong>\u00a0Arrieta.\u00a0<\/strong>Ahora, se viene una nueva estructura en el organismo con sede en la provincia, donde quedar\u00e1n espacios con poder de decisi\u00f3n por nombrar.<\/p>\n\n\n\n<p>Para conformar el partido,\u00a0<strong>Arrieta<\/strong>\u00a0present\u00f3 avales en la Justicia Electoral y\u00a0consigui\u00f3 el sello provisorio de la<strong>\u00a0Libertad Avanza Mendoza<\/strong>.\u00a0Pero sali\u00f3 a la luz que muchas firmas eran truchas,\u00a0porque se trataba de dirigentes y personalidades muy conocidas que no hab\u00edan presentado su aval, adem\u00e1s de dirigentes fallecidos, todos de un padr\u00f3n pasado del PRO. Entre ellas, el presidente del bloque de Diputados de Cambia Mendoza, Enrique Thomas, quien es del PRO y un hombre muy cercano a la ministra de Seguridad de la Naci\u00f3n, Patricia Bullrich.\u00a0\u00a0El legislador se enoj\u00f3 mucho por la situaci\u00f3n y dijo p\u00fablicamente que analizaba realizar una denuncia contra\u00a0<strong>Arrieta<\/strong>,<strong>\u00a0<\/strong>pero ayer dio marcha atr\u00e1s.<\/p>\n\n\n\n<p>Este lunes 10<strong>\u00a0Arrieta<\/strong>\u00a0y su hermano Mart\u00edn, quien es su\u00a0estrecho colaborador y certific\u00f3 la firma, fueron a visitarlo a Thomas a su oficina y le explicaron lo que hab\u00eda pasado. Luego, el diputado provincial acept\u00f3 las disculpas de ambos libertarios y explic\u00f3 mediante un comunicado algo que devela la interna por la que est\u00e1n pasando la\u00a0<strong>Libertad Avanza\u00a0<\/strong>y la pelea que existe por ser la cara visible de Milei en<strong>\u00a0Mendoza.\u00a0<\/strong><\/p>\n\n\n\n<p>&#8220;La oportuna visita de la diputada nacional\u00a0<strong>Lourdes Arrieta\u00a0<\/strong>junto a su hermano Mart\u00edn (verificador de la firma en cuesti\u00f3n), permiti\u00f3 aclarar las circunstancias por las que se hab\u00eda llegado a esta desafortunada instancia. Lo comprend\u00ed de inmediato ya que, quienes tenemos algunos a\u00f1os en pr\u00e1cticas partidarias, sabemos que algunos &#8216;colaboradores&#8217;\u00a0suelen hacer su trabajo con algunas picard\u00edas&#8221;,\u00a0sostuvo Thomas mediante un comunicado.\u00a0<\/p>\n\n\n\n<p>Cuando dice &#8220;picard\u00edas&#8221; lo que sospechan es que hubo gente ligada a otros sectores del\u00a0<strong>Frente la Libertad Avanza<\/strong>, que intencionalmente presentaron estos papeles para perjudicar a la joven e inexperta legisladora nacional. Es decir que alguien les habr\u00eda hecho &#8220;pisar el palito&#8221; a los\u00a0<strong>Arrieta.\u00a0<\/strong>Aunque\u00a0hay libertarios supuestamente aludidos que lo niegan rotundamente. Esas suspicacias descubren la interna que existe en todo el espectro libertario y que tambi\u00e9n est\u00e1 vinculado a las alianzas que vienen en la que algunos sectores podr\u00edan quedar inc\u00f3modos, si es que se suman un sector del PRO y la UCR a la\u00a0<strong>Libertad Avanza<\/strong>\u00a0el a\u00f1o pr\u00f3ximo.\u00a0<\/p>\n\n\n\n<p>Thomas responde a Bullrich, y la ministra busca un acercamiento entre el PRO y LLA para que en las elecciones legislativas del 2025 se materialice en una alianza. De hecho hace diez d\u00edas, cuando la ministra reuni\u00f3 a su sector de Cuyo en la provincia de Mendoza les dijo que el a\u00f1o que viene habr\u00e1 dos &#8220;autopistas&#8221;, es decir dos sectores, como cont\u00f3 Thomas, y que habr\u00e1 que elegir si subirse al &#8220;cambio&#8221; o al &#8220;pasado&#8221;, seg\u00fan refiri\u00f3 la funcionaria de Milei.&nbsp;<\/p>\n\n\n\n<p>Pero este punto no es el \u00fanico en el que queda&nbsp;<strong>Arrieta<\/strong>&nbsp;en el centro. Por orden de Karina Milei y de Mart\u00edn Menem, el presidente de la C\u00e1mara de Diputados de la Naci\u00f3n,&nbsp;<strong>Arrieta&nbsp;<\/strong>se hizo cargo pol\u00edticamente del PAMI Mendoza a comienzos de marzo. Nombr\u00f3 a quien era un estrecho colaborador: Carlos Sola Vacas, al frente del organismo. Este lunes 10 fue reemplazado por otro asesor, David Litvinchuk, quien se hizo cargo del ente en total hermetismo y sin ning\u00fan acto de asunci\u00f3n.&nbsp;<\/p>\n\n\n\n<p>Soloa Vacas se fue, echado, luego de m\u00e1s de un mes de tensi\u00f3n con la legisladora nacional a quien acus\u00f3 p\u00fablicamente la semana pasada de\u00a0&#8220;caprichosa&#8221; y haberlo incitado a echar gente sin raz\u00f3n, a lo\u00a0que \u00e9l no obedeci\u00f3 y termin\u00f3 desplazado.\u00a0\u00a0Pero con el nombramiento de Litvinchnuk no se termina la tensi\u00f3n en el PAMI,<\/p>\n\n\n\n<p>Se est\u00e1 esperando que desde Buenos Aires llegue un\u00a0nuevo organigrama lo que le\u00a0 permitir\u00e1 a la legisladora nombrar titulares de agencia (hay departamentos en los que ser\u00e1n desplazados quienes est\u00e1n a cargo) y bocas de atenci\u00f3n. Se cree que todos responder\u00e1n a Arrieta aunque desde algunos sectores no descarta que haya lugar para nuevos aliados.\u00a0<\/p>\n\n\n\n<p>FUENTE: MDZonline.<\/p>\n","protected":false},"excerpt":{"rendered":"<p>Lourdes Arrieta cont\u00f3 que hubo &#8220;picard\u00edas&#8221; por parte de su entorno para los avales de su partido en Mendoza. Por otro lado, este lunes asumi\u00f3 el nuevo titular del PAMI y se ocupar\u00e1n nuevos cargos. En Mendoza, la diputada nacional\u00a0Lourdes Arrieta\u00a0es una\u00a0figura que,\u00a0por distintas razones,\u00a0protagoniza\u00a0todo el nuevo armado pol\u00edtico vinculado al\u00a0presidente\u00a0Javier Milei. En primer lugar, [&hellip;]<\/p>\n","protected":false},"author":2,"featured_media":8223,"comment_status":"open","ping_status":"open","sticky":true,"template":"","format":"standard","meta":[],"categories":[47],"tags":[],"_links":{"self":[{"href":"https:\/\/pasaenmendoza.com\/index.php?rest_route=\/wp\/v2\/posts\/8222"}],"collection":[{"href":"https:\/\/pasaenmendoza.com\/index.php?rest_route=\/wp\/v2\/posts"}],"about":[{"href":"https:\/\/pasaenmendoza.com\/index.php?rest_route=\/wp\/v2\/types\/post"}],"author":[{"embeddable":true,"href":"https:\/\/pasaenmendoza.com\/index.php?rest_route=\/wp\/v2\/users\/2"}],"replies":[{"embeddable":true,"href":"https:\/\/pasaenmendoza.com\/index.php?rest_route=%2Fwp%2Fv2%2Fcomments&post=8222"}],"version-history":[{"count":1,"href":"https:\/\/pasaenmendoza.com\/index.php?rest_route=\/wp\/v2\/posts\/8222\/revisions"}],"predecessor-version":[{"id":8224,"href":"https:\/\/pasaenmendoza.com\/index.php?rest_route=\/wp\/v2\/posts\/8222\/revisions\/8224"}],"wp:featuredmedia":[{"embeddable":true,"href":"https:\/\/pasaenmendoza.com\/index.php?rest_route=\/wp\/v2\/media\/8223"}],"wp:attachment":[{"href":"https:\/\/pasaenmendoza.com\/index.php?rest_route=%2Fwp%2Fv2%2Fmedia&parent=8222"}],"wp:term":[{"taxonomy":"category","embeddable":true,"href":"https:\/\/pasaenmendoza.com\/index.php?rest_route=%2Fwp%2Fv2%2Fcategories&post=8222"},{"taxonomy":"post_tag","embeddable":true,"href":"https:\/\/pasaenmendoza.com\/index.php?rest_route=%2Fwp%2Fv2%2Ftags&post=8222"}],"curies":[{"name":"wp","href":"https:\/\/api.w.org\/{rel}","templated":true}]}}