{"id":8237,"date":"2024-06-13T00:46:15","date_gmt":"2024-06-12T22:46:15","guid":{"rendered":"https:\/\/pasaenmendoza.com\/?p=8237"},"modified":"2024-06-13T00:46:16","modified_gmt":"2024-06-12T22:46:16","slug":"la-dge-festeja-un-avance-en-la-fluidez-lectora-de-primaria-y-secundaria","status":"publish","type":"post","link":"https:\/\/pasaenmendoza.com\/?p=8237","title":{"rendered":"La DGE festeja un avance en la fluidez lectora de primaria y secundaria"},"content":{"rendered":"\n<p>El ministro de Educaci\u00f3n y titular de la\u00a0<strong>Direcci\u00f3n General de Escuelas (DGE)<\/strong>,\u00a0<strong>Tadeo Garc\u00eda Zalazar,<\/strong>\u00a0junto con la directora de Evaluaci\u00f3n de la Calidad Educativa,\u00a0<strong>Romina Dur\u00e1n<\/strong>, presentaron los resultados del Censo de\u00a0<strong>Fluidez Lectora<\/strong>. Durante la primera medici\u00f3n anual destacaron que hubo un r\u00e9cord de estudiantes e instituciones que participaron, con una cobertura del 91% de los estudiantes y el 99% de las instituciones educativas que son las encargadas de la carga del registro y la evaluaci\u00f3n de cada uno de los estudiantes.<\/p>\n\n\n\n<p>\u201cEn tercer grado el dato interesante es que hemos mejorado un 30%\u201d, explic\u00f3\u00a0<strong>Dur\u00e1n\u00a0<\/strong>en relaci\u00f3n a la primera medici\u00f3n del 2023, ya que, en ese momento la sumatoria del nivel cr\u00edtico y el b\u00e1sico superaba el 80% y hoy baj\u00f3 al 51%. El director general de Escuelas, destac\u00f3 que esto es alentador porque adem\u00e1s, \u201ces la primera medici\u00f3n y generalmente el resto del a\u00f1o va mejorando porque lo que se hace son acciones focalizadas en cada grado, en cada escuela, con horas de apoyo, con distintas estrategia para que estos chicos mejoren\u201d.\u00a0<\/p>\n\n\n\n<p>En el caso de la medici\u00f3n en sexto grado, la mejora es menor pero est\u00e1 presente con un 8,9% de estudiantes que demostraron un avance. En comparaci\u00f3n al a\u00f1o pasado, \u201ctenemos mayor cantidad de estudiantes entre nivel medio y avanzado. La sumatoria nos da m\u00e1s alta que la sumatoria del a\u00f1o pasado\u201d, indic\u00f3&nbsp;<strong>Zalazar<\/strong>.&nbsp;<\/p>\n\n\n\n<p>Asimismo, en el primer a\u00f1o de la secundaria \u201chemos mejorado 5 puntos porcentuales con respecto a la medici\u00f3n 2023 y hemos tambi\u00e9n se ha agrandado la cantidad de desempe\u00f1o medio\u201d, que arroj\u00f3 un 51,1% en la primera medici\u00f3n del 2024 mientras que en la primera del 2023 fue del 40,9%.\u00a0<\/p>\n\n\n\n<p>A diferencia de otras evaluaciones nacionales o, incluso internacionales, los funcionarios de la\u00a0<strong>DGE\u00a0<\/strong>resaltaron que el\u00a0<strong>Censo de Fluidez Lectora<\/strong>\u00a0es el primero que realiza un seguimiento de los estudiantes. &#8220;La herramienta permite hacer un seguimiento real de la trayectoria del mismo grupo, no estamos comparando tercero contra terceros propiamente, sino lo que estamos haciendo es mostrando, c\u00f3mo evoluciona el mismo grupo de estudiantes que no es un detalle menor, ya que esto no se puede hacer en ning\u00fan otro dispositivo de evaluaci\u00f3n tanto nacional como los internacionales porque no hacen seguimiento de los mismos estudiantes\u201d, sostuvo de directora de Evaluaci\u00f3n de la Calidad Educativa.\u00a0<\/p>\n\n\n\n<h2 class=\"wp-block-heading\">Mejora en la comprensi\u00f3n lectora<\/h2>\n\n\n\n<p>La medici\u00f3n de la\u00a0<strong>fluidez lectora<\/strong>\u00a0es acompa\u00f1ada de una evaluaci\u00f3n sobre comprensi\u00f3n. \u201cDespu\u00e9s hay preguntas sobre los textos que los chicos leen y en funci\u00f3n de lo que responden es el grado tambi\u00e9n de avance, o sea, no s\u00f3lo se ve la fluidez, sino la comprensi\u00f3n del texto y el dato tambi\u00e9n muy alentador con tercer grado, es que el 84% de los estudiantes responden positivamente tres o m\u00e1s preguntas\u201d, destacaron.<\/p>\n\n\n\n<p>Por su parte, en el sexto grado \u201cel 38% de los estudiantes que tienen nivel cr\u00edtico responden hasta tres preguntas correctamente con comprensi\u00f3n y el 96% que tiene nivel avanzado en&nbsp;<strong>fluidez lectora<\/strong>&nbsp;responde positivamente m\u00e1s de la mitad de las preguntas\u201d. En tanto, en el primer a\u00f1o en secundaria, \u201cel 55% de los estudiantes con nivel cr\u00edtico responden las cuatro preguntas de comprensi\u00f3n y en el caso de los avanzados en<strong>&nbsp;fluidez lectora<\/strong>, el 96% responde cinco o m\u00e1s preguntas correctamente\u201d.&nbsp;<\/p>\n\n\n\n<p>\u201cLo que demuestra el cruce de la informaci\u00f3n, es que hay una correlaci\u00f3n entre fluidez y comprensi\u00f3n\u201d, manifestaron y agregaron que el trabajo que queda por delante es \u201cfortalecer la<strong>\u00a0fluidez lectora<\/strong>\u00a0en aquellos estudiantes que se encuentran en un nivel cr\u00edtico y seguir avanzando con los estudiantes que se encuentran en niveles de mayor desarrollo o mayor desempe\u00f1o en fortalecer los aspectos de la comprensi\u00f3n lectora porque vemos que van de la mano\u201d.\u00a0<\/p>\n\n\n\n<p>Las estrategias para avanzar en la fluidez y comprensi\u00f3n lectora son diversas. Se trabaja con cuentos y obras literarias, materiales did\u00e1cticos, una hora m\u00e1s de apoyo y herramientas focalizadas por la escuela y por grado . El objetivo, aseguraron, \u201ces lograr que las otras dos mediciones que vienen en agosto y noviembre el resultado siga mejorando\u201d, en el marco del Plan Estrat\u00e9gico de alfabetizaci\u00f3n provincial.&nbsp;<\/p>\n\n\n\n<h2 class=\"wp-block-heading\">Capacitaciones a docentes&nbsp;<\/h2>\n\n\n\n<p><strong>Garc\u00eda Zalazar&nbsp;<\/strong>adelant\u00f3 que en la segunda mitad del a\u00f1o comenzar\u00e1n cursos de capacitaciones pagas para docentes espec\u00edficamente en tres temas para todos los niveles. \u201cUno es lengua y alfabetizaci\u00f3n, otro va a ser matem\u00e1tica y otro va a ser idioma\u201d, sostuvo.&nbsp;<\/p>\n\n\n\n<p>En julio, publicar\u00e1n el cronograma de inscripciones y cursos que se realizar\u00e1n luego de las vacaciones. Si bien se trata de capacitaciones opcionales, al ser pagas tienen mucha concurrencia.<\/p>\n\n\n\n<p><strong>Fuente: www.mdzol.com<\/strong><\/p>\n","protected":false},"excerpt":{"rendered":"<p>El ministro de Educaci\u00f3n y titular de la\u00a0Direcci\u00f3n General de Escuelas (DGE),\u00a0Tadeo Garc\u00eda Zalazar,\u00a0junto con la directora de Evaluaci\u00f3n de la Calidad Educativa,\u00a0Romina Dur\u00e1n, presentaron los resultados del Censo de\u00a0Fluidez Lectora. Durante la primera medici\u00f3n anual destacaron que hubo un r\u00e9cord de estudiantes e instituciones que participaron, con una cobertura del 91% de los estudiantes [&hellip;]<\/p>\n","protected":false},"author":2,"featured_media":8238,"comment_status":"open","ping_status":"open","sticky":false,"template":"","format":"standard","meta":[],"categories":[56],"tags":[],"_links":{"self":[{"href":"https:\/\/pasaenmendoza.com\/index.php?rest_route=\/wp\/v2\/posts\/8237"}],"collection":[{"href":"https:\/\/pasaenmendoza.com\/index.php?rest_route=\/wp\/v2\/posts"}],"about":[{"href":"https:\/\/pasaenmendoza.com\/index.php?rest_route=\/wp\/v2\/types\/post"}],"author":[{"embeddable":true,"href":"https:\/\/pasaenmendoza.com\/index.php?rest_route=\/wp\/v2\/users\/2"}],"replies":[{"embeddable":true,"href":"https:\/\/pasaenmendoza.com\/index.php?rest_route=%2Fwp%2Fv2%2Fcomments&post=8237"}],"version-history":[{"count":1,"href":"https:\/\/pasaenmendoza.com\/index.php?rest_route=\/wp\/v2\/posts\/8237\/revisions"}],"predecessor-version":[{"id":8239,"href":"https:\/\/pasaenmendoza.com\/index.php?rest_route=\/wp\/v2\/posts\/8237\/revisions\/8239"}],"wp:featuredmedia":[{"embeddable":true,"href":"https:\/\/pasaenmendoza.com\/index.php?rest_route=\/wp\/v2\/media\/8238"}],"wp:attachment":[{"href":"https:\/\/pasaenmendoza.com\/index.php?rest_route=%2Fwp%2Fv2%2Fmedia&parent=8237"}],"wp:term":[{"taxonomy":"category","embeddable":true,"href":"https:\/\/pasaenmendoza.com\/index.php?rest_route=%2Fwp%2Fv2%2Fcategories&post=8237"},{"taxonomy":"post_tag","embeddable":true,"href":"https:\/\/pasaenmendoza.com\/index.php?rest_route=%2Fwp%2Fv2%2Ftags&post=8237"}],"curies":[{"name":"wp","href":"https:\/\/api.w.org\/{rel}","templated":true}]}}