{"id":8240,"date":"2024-06-13T00:51:00","date_gmt":"2024-06-12T22:51:00","guid":{"rendered":"https:\/\/pasaenmendoza.com\/?p=8240"},"modified":"2024-06-13T00:51:01","modified_gmt":"2024-06-12T22:51:01","slug":"pronostico-del-tiempo-en-mendoza-el-viento-zonda-comenzaria-esta-noche-y-se-extenderia-durante-el-jueves","status":"publish","type":"post","link":"https:\/\/pasaenmendoza.com\/?p=8240","title":{"rendered":"Pron\u00f3stico del tiempo en Mendoza: el viento Zonda comenzar\u00eda esta noche y se extender\u00eda durante el jueves"},"content":{"rendered":"\n<p>Una compleja situaci\u00f3n se espera para las pr\u00f3ximas horas con<strong>\u00a0viento Zonda, nevadas en la cordillera, ingreso de frente fr\u00edo y lluvias<\/strong>, seg\u00fan el\u00a0<strong>pron\u00f3stico del tiempo en Mendoza<\/strong>. El fen\u00f3meno del Oeste se espera que llegue al llano en la noche de este mi\u00e9rcoles y se extienda hasta la tarde del jueves. Mientras, en la alta monta\u00f1a se espera\u00a0<strong>una nevada muy fuerte<\/strong>.<\/p>\n\n\n\n<p>&#8220;<strong>El Zonda empieza esta tarde o noche.<\/strong>\u00a0Es un Zonda que est\u00e1 al rev\u00e9s de lo normal&#8221;, indic\u00f3 el doctor en meteorolog\u00eda Federico Norte. Dijo que para este\u00a0<strong>mi\u00e9rcoles\u00a0<\/strong>se espera que la temperatura llegue a\u00a0<strong>20 o 21 grados de m\u00e1xima<\/strong>.<\/p>\n\n\n\n<p>El&nbsp;<strong>jueves&nbsp;<\/strong>la temperatura m\u00e1xima ser\u00e1 algo variable entre&nbsp;<strong>23 y 25 grados<\/strong>, dependiendo de cu\u00e1nto dure el episodio de viento Zonda. Luego,&nbsp;<strong>ingresar\u00e1 un frente fr\u00edo con fuertes vientos del Sur o Sureste<\/strong>, que podr\u00eda generar&nbsp;<strong>algunas lluvias en la noche.<\/strong><\/p>\n\n\n\n<p>Como consecuencia, el\u00a0<strong>viernes\u00a0<\/strong>se espera que haya un descenso moderado de las temperaturas con<strong>\u00a07 u 8 grados de m\u00ednima y 18 grados de m\u00e1xima.<\/strong><\/p>\n\n\n\n<h2 class=\"wp-block-heading\">Alerta por viento Zonda en el Gran Mendoza<\/h2>\n\n\n\n<p>Federico Norte sostuvo que el viento comenzar\u00eda a soplar en las&nbsp;<strong>\u00faltimas horas de este mi\u00e9rcoles, se extender\u00e1 durante la madrugada, la ma\u00f1ana y terminar\u00eda en las primeras horas de la tarde del jueves.<\/strong><\/p>\n\n\n\n<p>&#8220;<strong>El momento m\u00e1s cr\u00edtico ser\u00eda durante la ma\u00f1ana del jueves<\/strong>&#8220;, explic\u00f3 Norte debido a que se sentir\u00e1n las r\u00e1fagas de Zonda en el momento en que la gente va a trabajar y los chicos van al colegio.<\/p>\n\n\n\n<p>Cuando el viento Zonda llegue a su fin, ser\u00e1 reemplazado por&nbsp;<strong>fuertes r\u00e1fagas de viento del Sur debido al ingreso de un frente fr\u00edo.<\/strong>&nbsp;Adem\u00e1s, esto podr\u00eda traer algunas lluvias en diferentes zonas de la provincia, especialmente en el Sur.<\/p>\n\n\n\n<h2 class=\"wp-block-heading\">Nevadas en el Paso Cristo Redentor<\/h2>\n\n\n\n<p>En todo esta situaci\u00f3n, en la alta monta\u00f1a se&nbsp;<strong>abri\u00f3 una ventana de buen tiempo este mi\u00e9rcoles&nbsp;<\/strong>que permiti\u00f3 la reapertura del cruce a Chile que estuvo cerrado durante 4 d\u00edas por las nevadas.<\/p>\n\n\n\n<p>Norte sostuvo que\u00a0<strong>llama la atenci\u00f3n la persistencia de un centro de baja presi\u00f3n en el Oc\u00e9ano Pac\u00edfico: genera un temporal de lluvia en la costa chilena<\/strong>\u00a0que se va a acentuar ma\u00f1ana y que en Mendoza se manifestar\u00e1 con\u00a0<strong>un temporal de nieve en la cordillera que se agudizar\u00e1 el jueves con nevadas intensas<\/strong>, por lo que el t\u00fanel internacional podr\u00eda mantenerse cerrado.<\/p>\n\n\n\n<figure class=\"wp-block-image\"><img decoding=\"async\" src=\"https:\/\/media.diariouno.com.ar\/p\/746b1077429994eb096d537b207feeac\/adjuntos\/298\/imagenes\/009\/352\/0009352012\/1200x0\/smart\/pronostico-del-tiempo-el-paso-cristo-redentorjpg.jpg\" alt=\"Pron\u00f3stico del tiempo en el Paso Cristo Redentor seg\u00fan el Servicio Meteorol\u00f3gico Nacional.\" title=\"Pron\u00f3stico del tiempo en el Paso Cristo Redentor seg\u00fan el Servicio Meteorol\u00f3gico Nacional.\"\/><\/figure>\n\n\n\n<p>Pron\u00f3stico del tiempo en el Paso Cristo Redentor seg\u00fan el Servicio Meteorol\u00f3gico Nacional.<\/p>\n\n\n\n<p>El Servicio Meteorol\u00f3gico Nacional emiti\u00f3 un<strong>&nbsp;alerta amarillo por viento Zonda y una alerta naranja por fuertes nevadas, especialmente en la tarde del jueves.<\/strong><\/p>\n\n\n\n<p>Esta situaci\u00f3n se mantendr\u00eda\u00a0<strong>hasta el viernes inclusive\u00a0<\/strong>y desde el s\u00e1bado se espera que mejoren las condiciones y se mantenga el buen tiempo durante algunos d\u00edas.<\/p>\n\n\n\n<p><strong>Fuente: www.diariouno.com.ar<\/strong><\/p>\n","protected":false},"excerpt":{"rendered":"<p>Una compleja situaci\u00f3n se espera para las pr\u00f3ximas horas con\u00a0viento Zonda, nevadas en la cordillera, ingreso de frente fr\u00edo y lluvias, seg\u00fan el\u00a0pron\u00f3stico del tiempo en Mendoza. El fen\u00f3meno del Oeste se espera que llegue al llano en la noche de este mi\u00e9rcoles y se extienda hasta la tarde del jueves. Mientras, en la alta [&hellip;]<\/p>\n","protected":false},"author":2,"featured_media":8241,"comment_status":"open","ping_status":"open","sticky":false,"template":"","format":"standard","meta":[],"categories":[52],"tags":[],"_links":{"self":[{"href":"https:\/\/pasaenmendoza.com\/index.php?rest_route=\/wp\/v2\/posts\/8240"}],"collection":[{"href":"https:\/\/pasaenmendoza.com\/index.php?rest_route=\/wp\/v2\/posts"}],"about":[{"href":"https:\/\/pasaenmendoza.com\/index.php?rest_route=\/wp\/v2\/types\/post"}],"author":[{"embeddable":true,"href":"https:\/\/pasaenmendoza.com\/index.php?rest_route=\/wp\/v2\/users\/2"}],"replies":[{"embeddable":true,"href":"https:\/\/pasaenmendoza.com\/index.php?rest_route=%2Fwp%2Fv2%2Fcomments&post=8240"}],"version-history":[{"count":1,"href":"https:\/\/pasaenmendoza.com\/index.php?rest_route=\/wp\/v2\/posts\/8240\/revisions"}],"predecessor-version":[{"id":8242,"href":"https:\/\/pasaenmendoza.com\/index.php?rest_route=\/wp\/v2\/posts\/8240\/revisions\/8242"}],"wp:featuredmedia":[{"embeddable":true,"href":"https:\/\/pasaenmendoza.com\/index.php?rest_route=\/wp\/v2\/media\/8241"}],"wp:attachment":[{"href":"https:\/\/pasaenmendoza.com\/index.php?rest_route=%2Fwp%2Fv2%2Fmedia&parent=8240"}],"wp:term":[{"taxonomy":"category","embeddable":true,"href":"https:\/\/pasaenmendoza.com\/index.php?rest_route=%2Fwp%2Fv2%2Fcategories&post=8240"},{"taxonomy":"post_tag","embeddable":true,"href":"https:\/\/pasaenmendoza.com\/index.php?rest_route=%2Fwp%2Fv2%2Ftags&post=8240"}],"curies":[{"name":"wp","href":"https:\/\/api.w.org\/{rel}","templated":true}]}}