{"id":8243,"date":"2024-06-13T00:57:06","date_gmt":"2024-06-12T22:57:06","guid":{"rendered":"https:\/\/pasaenmendoza.com\/?p=8243"},"modified":"2024-06-13T00:57:08","modified_gmt":"2024-06-12T22:57:08","slug":"el-epre-oficializo-la-suba-en-la-tarifa-de-luz-para-mendoza-con-alzas-promedio-del-30","status":"publish","type":"post","link":"https:\/\/pasaenmendoza.com\/?p=8243","title":{"rendered":"El EPRE oficializ\u00f3 la suba en la tarifa de luz para Mendoza con alzas promedio del 30%"},"content":{"rendered":"\n<p>El\u00a0<strong>Ente Provincial Regulador El\u00e9ctrico (EPRE)\u00a0<\/strong>precis\u00f3 que la variaci\u00f3n promedio de la\u00a0<strong>tarifa de luz en Mendoza<\/strong>\u00a0ser\u00e1 del orden del 30% debido a las actualizaciones que rigen para los consumos desde el 1 de junio y que fueran oficializadas este mi\u00e9rcoles en el Bolet\u00edn Oficial. Se\u00f1alaron que la revisi\u00f3n se dio en concordancia con las actualizaciones de los precios que efectu\u00f3 Naci\u00f3n.<\/p>\n\n\n\n<p>Esto responde a que, despu\u00e9s de los congelamientos que hubo en mayo,&nbsp;<strong>la Secretar\u00eda de Energ\u00eda de la Naci\u00f3n dispuso nuevos precios de invierno<\/strong>&nbsp;para el componente nacional y, a su vez, nuevos topes en los subsidios para los usuarios categorizados en Nivel 2 (ingresos bajos) y Nivel 3 (ingresos medios).<\/p>\n\n\n\n<p>A esto se le suma\u00a0<strong>una actualizaci\u00f3n del Valor Agregado de Distribuci\u00f3n (VAD), el componente provincial que depende del EPRE<\/strong>\u00a0y que se adecua trimestralmente en base a las variaciones de costos de las distribuidoras.<\/p>\n\n\n\n<h2 class=\"wp-block-heading\">C\u00f3mo son la suba en el precio y la disminuci\u00f3n de subsidios que aplic\u00f3 la Naci\u00f3n<\/h2>\n\n\n\n<p>Mediante la&nbsp;<strong>Resoluci\u00f3n 92\/2024<\/strong>, la Secretar\u00eda de Energ\u00eda de la Naci\u00f3n estableci\u00f3 los nuevos precios estacionales para la energ\u00eda que abarcan el periodo comprendido&nbsp;<strong>entre el 1 de junio y el 31 de octubre<\/strong>.<\/p>\n\n\n\n<p>A su vez, la Resoluci\u00f3n 90\/2024 estableci\u00f3 los&nbsp;<strong>nuevos topes de subsidios&nbsp;<\/strong>para los usuarios residenciales.<\/p>\n\n\n\n<p><strong>Los categorizados en Nivel 2 (ingresos bajos) tendr\u00e1n una bonificaci\u00f3n del 72%<\/strong>; respecto del precio de la energ\u00eda del Nivel 1, hasta un consumo tope de 350 kWh\/mes (anteriormente sin topes); mientras que los usuarios categorizados en Nivel 3 (ingresos medios) tendr\u00e1n una bonificaci\u00f3n en el mismo precio del 56% hasta el consumo tope de 250 kWh\/mes (antes 400kWh\/mes).<\/p>\n\n\n\n<p>Adem\u00e1s, dicha Secretar\u00eda decidi\u00f3 subsidiar en un 20% el precio de la energ\u00eda en el mercado para todos los usuarios.<\/p>\n\n\n\n<p>En las medidas,&nbsp;<strong>la Naci\u00f3n tambi\u00e9n se\u00f1al\u00f3 un beneficio para los usuarios que no tienen acceso al servicio de gas de Mendoza (Zona Fr\u00eda): del 1 de junio al 31 de agosto<\/strong>&nbsp;el consumo base para los categorizados en el Nivel 2, ser\u00e1 hasta los 700 kWh\/mes, mientras que ser\u00e1 de 500 kWh\/mes para los usuarios categorizados en el Nivel 3. A los consumos excedentes s\u00ed se les aplicar\u00e1 el precio de la energ\u00eda del Nivel 1.<\/p>\n\n\n\n<p>Para entidades de bien p\u00fablico, clubes de barrio y de pueblo y otras categor\u00edas de usuarios sin fines de lucro se aplicar\u00e1 el precio correspondiente al consumo base de los usuarios residenciales del Nivel 2 (ingresos bajos).<\/p>\n\n\n\n<h2 class=\"wp-block-heading\">C\u00f3mo impactan los cambios en la tarifa final de la luz<\/h2>\n\n\n\n<p><strong>A esas actualizaciones nacionales se les debe sumar la del VAD definida por el EPRE<\/strong>. Teniendo en cuenta ambos componentes de la tarifa, es decir costo de abastecimiento m\u00e1s VAD, y los impuestos,<strong>&nbsp;la suba promedio en Mendoza ser\u00e1 del orden del 30%&nbsp;<\/strong>para consumos registrados desde el 1 de junio, de acuerdo con el consumo del usuario y su categor\u00eda tarifaria.<\/p>\n\n\n\n<p>El Ente provincial realiz\u00f3 c\u00e1lculos promedios para que los usuarios residenciales los tengan en cuenta:<\/p>\n\n\n\n<ul>\n<li><strong>Residenciales T1R1(hasta 299kWh bimestrales):<\/strong><\/li>\n<\/ul>\n\n\n\n<p>Nivel1: $5.000 mensuales en promedio, Nivel 2: $5.251 mensuales en promedio y Nivel 3: $6.810 mensuales en promedio.<\/p>\n\n\n\n<ul>\n<li><strong>Residenciales T1R2 (desde 300 a 599kWh bimestrales):<\/strong><\/li>\n<\/ul>\n\n\n\n<p>Nivel 1: $11.249 mensuales en promedio, Nivel 2: $11.975 y Nivel 3: $15.686 mensuales en promedio.<\/p>\n\n\n\n<ul>\n<li><strong>Residenciales T1R3 (mayores a 600kWh bimestrales):<\/strong><\/li>\n<\/ul>\n\n\n\n<p>Nivel 1: $28.899 mensuales en promedio, Nivel 2: $38.161 y Nivel 3: $32.263 mensuales.<\/p>\n\n\n\n<h2 class=\"wp-block-heading\">El registro para obtener subsidios sigue abierto<\/h2>\n\n\n\n<p>Desde Naci\u00f3n informaron que contin\u00faa abierto el Registro de Acceso a los Subsidios de Energ\u00eda; mientras que los usuarios que ya se anotaron, no tienen que volver a inscribirse.<\/p>\n\n\n\n<p>Aquellos que hayan quedado incluidos en el RASE provisoriamente en el Nivel 2 (menores ingresos) y cuentan con el beneficio provincial de Tarifa Social o cualquier otro beneficio provincial que no se hayan inscripto, tendr\u00e1n un plazo de 60 d\u00edas corridos contados desde la vigencia de la presente medida, 5 de junio de 2024, para inscribirse en forma individual. Cumplido este plazo, quedar\u00e1n sin efecto las incorporaciones autom\u00e1ticas en el Registro y el beneficio caducar\u00e1 para quienes no hayan completado la inscripci\u00f3n.<\/p>\n\n\n\n<p>La segmentaci\u00f3n est\u00e1 organizada en tres niveles:<\/p>\n\n\n\n<ul>\n<li>Segmento de ingresos altos (N1): Hogares que declaran reunir alguna de las siguientes condiciones, considerando a todos los convivientes:<\/li>\n<\/ul>\n\n\n\n<ol>\n<li>&nbsp;Ingresos mensuales totales del hogar equivalentes o superiores a $ $2.898.553,67. (3,5 canastas b\u00e1sicas para un hogar tipo 2 seg\u00fan el INDEC).<\/li>\n\n\n\n<li>Tener 3 o m\u00e1s veh\u00edculos con una antig\u00fcedad menor a 5 a\u00f1os.<\/li>\n\n\n\n<li>Tener 3 o m\u00e1s inmuebles.<\/li>\n\n\n\n<li>Poseer una embarcaci\u00f3n, una aeronave de lujo o ser titular de activos societarios que demuestren capacidad econ\u00f3mica plena.<\/li>\n<\/ol>\n\n\n\n<ul>\n<li>&nbsp;Segmento de ingresos medios (N3): Hogares que no se encuentran dentro del segmento de mayores ingresos y cumplen alguna de las siguientes condiciones:<\/li>\n<\/ul>\n\n\n\n<ol>\n<li>&nbsp;Ingresos mensuales totales entre $828.158,19 y $2.898.553,67 (entre 1 y 3,5 canasta b\u00e1sicas para un hogar tipo 2 seg\u00fan INDEC). Excepci\u00f3n: para hogares con una o un conviviente con Certificado \u00danico de Discapacidad (CUD), los ingresos mensuales totales para formar parte de este segmento pueden variar entre $743.697,48 y $1.242.297,29 (entre 1,5 y 3,5 canastas b\u00e1sicas para un hogar tipo 2 seg\u00fan INDEC).<\/li>\n\n\n\n<li>Poseer hasta 2 inmuebles.<\/li>\n\n\n\n<li>Poseer hasta 1 veh\u00edculo con menos de 3 a\u00f1os de antig\u00fcedad. Excepci\u00f3n: los hogares con una o un conviviente con Certificado \u00danico de Discapacidad (CUD) pueden poseer hasta 1 veh\u00edculo con menos de 3 a\u00f1os de antig\u00fcedad.<\/li>\n<\/ol>\n\n\n\n<ul>\n<li>&nbsp;Segmento de menores ingresos (N2): Son hogares que, considerando en conjunto a las y los integrantes del hogar, cumplen las siguientes condiciones:<\/li>\n<\/ul>\n\n\n\n<ol>\n<li>&nbsp;Ingresos netos menores a $ $828.158,19 (1 canasta b\u00e1sica total para un hogar tipo 2 seg\u00fan INDEC). Excepci\u00f3n: hogares con una o un conviviente con Certificado \u00danico de Discapacidad (CUD), los ingresos mensuales totales para formar parte de este segmento deben ser menores a $1.242.237,29 (1,5 canastas b\u00e1sicas para un hogar tipo 2 seg\u00fan INDEC).<\/li>\n\n\n\n<li>Poseer hasta 1 inmueble.<\/li>\n\n\n\n<li>No poseer 1 veh\u00edculo con menos de 3 a\u00f1os de antig\u00fcedad. Excepci\u00f3n: los hogares con una o un conviviente con Certificado \u00danico de Discapacidad (CUD) pueden poseer hasta 1 veh\u00edculo con menos de 3 a\u00f1os de antig\u00fcedad para formar parte del segmento de menores ingresos.<\/li>\n<\/ol>\n\n\n\n<h2 class=\"wp-block-heading\">D\u00f3nde verificar si estoy inscripto o deseo inscribirme en el RASE<\/h2>\n\n\n\n<p>Para verificar si un usuario est\u00e1 inscripto en el RASE debe ingresar https:\/\/epremendoza.gob.ar\/segmentacion-tarifaria\/ seleccionar su distribuidora e ingresar su N\u00famero de ID \u2013 Suministro, el que se encuentra en el margen superior izquierdo (N\u00famero de 15 d\u00edgitos).<\/p>\n\n\n\n<p>Aquellos usuarios que deseen ser incluidos en el RASE deber\u00e1n ingresar al siguiente sitio web: https:\/\/www.argentina.gob.ar\/subsidios o mediante el sitio web del EPRE https:\/\/epremendoza.gob.ar\/segmentacion-tarifaria\/ y completar el formulario. Es importante que antes de empezar el tr\u00e1mite el usuario tenga a mano la siguiente documentaci\u00f3n:<\/p>\n\n\n\n<ul>\n<li>N\u00famero de medidor y el n\u00famero de Cliente\/Servicio\/Cuenta\/Contrato o NIS que est\u00e1n en tu factura de energ\u00eda el\u00e9ctrica y gas natural por red.<\/li>\n\n\n\n<li>DNI (\u00daltimo ejemplar).<\/li>\n\n\n\n<li>CUIL de cada integrante del hogar mayor de 18 a\u00f1os.<\/li>\n\n\n\n<li>Ingresos de bolsillo de cada integrante del hogar mayor de 18 a\u00f1os.<\/li>\n\n\n\n<li>Direcci\u00f3n de correo electr\u00f3nico.<\/li>\n<\/ul>\n\n\n\n<figure class=\"wp-block-image\"><img decoding=\"async\" src=\"https:\/\/media.diariouno.com.ar\/p\/66af3d8e126dcb2145ab2e20163e34ea\/adjuntos\/298\/imagenes\/009\/349\/0009349432\/1200x0\/smart\/imagepng.png\" alt=\"\" title=\"\"\/><\/figure>\n\n\n\n<p>Si en el domicilio de los servicios funciona un comedor o merendero comunitario registrado en el ReNaCOM, tener a mano el n\u00famero de registro.<\/p>\n\n\n\n<p>Por otra parte, desde el EPRE recordaron que contin\u00faa vigente el\u00a0<strong>beneficio Tarifa Social<\/strong>\u00a0y que en la Provincia de Mendoza alcanza\u00a0<strong>alrededor de 180.815 usuarios residenciales.<\/strong><\/p>\n\n\n\n<h2 class=\"wp-block-heading\">Convocatoria a la audiencia p\u00fablica para los valores de 2025<\/h2>\n\n\n\n<p>El Ente Provincial Regulador El\u00e9ctrico, mediante la Resoluci\u00f3n EPRE 75\/2024 que se conoci\u00f3 este viernes en el Bolet\u00edn Oficial, convoc\u00f3 a participar en la Audiencia P\u00fablica, seg\u00fan Decreto Provincial 2348\/2023, con el objeto de considerar, poner en conocimiento y escuchar opiniones sobre la Adecuaci\u00f3n del Valor Agregado de Distribuci\u00f3n (VAD) de cara al a\u00f1o pr\u00f3ximo.<\/p>\n\n\n\n<p>Seg\u00fan dijeron, tambi\u00e9n, se someter\u00e1 a consideraci\u00f3n la Adaptaci\u00f3n del Procedimiento de Adecuaci\u00f3n del VAD y las Actas Acuerdos celebradas entre el Gobierno de la Provincia de Mendoza y las Distribuidoras, respecto a la interpretaci\u00f3n del mencionado Procedimiento de Actualizaci\u00f3n de VAD vigente.<\/p>\n\n\n\n<p><strong>La audiencia est\u00e1 prevista para el 5 de julio de 2024 a las 9.30hs<\/strong>, de manera virtual mediante plataforma Zoom y presencial en Espacio Cultural Julio Le Parc \u2013 Sala Vilma R\u00fapulo, calle Mitre y Godoy Cruz; Guaymall\u00e9n.<\/p>\n\n\n\n<p><strong>Fuente: www.diariouno.com.ar<\/strong><\/p>\n","protected":false},"excerpt":{"rendered":"<p>El\u00a0Ente Provincial Regulador El\u00e9ctrico (EPRE)\u00a0precis\u00f3 que la variaci\u00f3n promedio de la\u00a0tarifa de luz en Mendoza\u00a0ser\u00e1 del orden del 30% debido a las actualizaciones que rigen para los consumos desde el 1 de junio y que fueran oficializadas este mi\u00e9rcoles en el Bolet\u00edn Oficial. Se\u00f1alaron que la revisi\u00f3n se dio en concordancia con las actualizaciones de [&hellip;]<\/p>\n","protected":false},"author":2,"featured_media":8244,"comment_status":"open","ping_status":"open","sticky":false,"template":"","format":"standard","meta":[],"categories":[79],"tags":[],"_links":{"self":[{"href":"https:\/\/pasaenmendoza.com\/index.php?rest_route=\/wp\/v2\/posts\/8243"}],"collection":[{"href":"https:\/\/pasaenmendoza.com\/index.php?rest_route=\/wp\/v2\/posts"}],"about":[{"href":"https:\/\/pasaenmendoza.com\/index.php?rest_route=\/wp\/v2\/types\/post"}],"author":[{"embeddable":true,"href":"https:\/\/pasaenmendoza.com\/index.php?rest_route=\/wp\/v2\/users\/2"}],"replies":[{"embeddable":true,"href":"https:\/\/pasaenmendoza.com\/index.php?rest_route=%2Fwp%2Fv2%2Fcomments&post=8243"}],"version-history":[{"count":1,"href":"https:\/\/pasaenmendoza.com\/index.php?rest_route=\/wp\/v2\/posts\/8243\/revisions"}],"predecessor-version":[{"id":8245,"href":"https:\/\/pasaenmendoza.com\/index.php?rest_route=\/wp\/v2\/posts\/8243\/revisions\/8245"}],"wp:featuredmedia":[{"embeddable":true,"href":"https:\/\/pasaenmendoza.com\/index.php?rest_route=\/wp\/v2\/media\/8244"}],"wp:attachment":[{"href":"https:\/\/pasaenmendoza.com\/index.php?rest_route=%2Fwp%2Fv2%2Fmedia&parent=8243"}],"wp:term":[{"taxonomy":"category","embeddable":true,"href":"https:\/\/pasaenmendoza.com\/index.php?rest_route=%2Fwp%2Fv2%2Fcategories&post=8243"},{"taxonomy":"post_tag","embeddable":true,"href":"https:\/\/pasaenmendoza.com\/index.php?rest_route=%2Fwp%2Fv2%2Ftags&post=8243"}],"curies":[{"name":"wp","href":"https:\/\/api.w.org\/{rel}","templated":true}]}}