{"id":8249,"date":"2024-06-14T00:29:56","date_gmt":"2024-06-13T22:29:56","guid":{"rendered":"https:\/\/pasaenmendoza.com\/?p=8249"},"modified":"2024-06-14T00:29:58","modified_gmt":"2024-06-13T22:29:58","slug":"la-sospechosa-por-el-incendio-en-zapata-goma-es-inimputable-y-la-internaron-en-el-sauce","status":"publish","type":"post","link":"https:\/\/pasaenmendoza.com\/?p=8249","title":{"rendered":"La sospechosa por el incendio en Zapata Goma es inimputable y la internaron en El Sauce"},"content":{"rendered":"\n<p>La mujer de 65 a\u00f1os que fue aprehendida este mi\u00e9rcoles por el\u00a0<strong>incendio\u00a0<\/strong>en el dep\u00f3sito de\u00a0<strong>Zapata Goma<\/strong>, en calle Vicente Zapata de Ciudad, fue declarada\u00a0<strong>inimputable\u00a0<\/strong>por la Justicia y la internaron en el hospital neuropsiqui\u00e1trico El Sauce para ser evaluada por los profesionales.\u00a0<\/p>\n\n\n\n<p>As\u00ed lo inform\u00f3 este jueves este<strong><a rel=\"noreferrer noopener\" href=\"https:\/\/mpfmza.jus.mendoza.gov.ar\/\" target=\"_blank\">\u00a0<\/a><\/strong>Ministerio P\u00fablico Fiscal (MPF)<strong>,<\/strong>\u00a0en relaci\u00f3n\u00a0a\u00a0la se\u00f1ora en situaci\u00f3n de calle que en pleno siniestro fue encontrada por la Polic\u00eda en la zona, con elementos inflamables como: dos encendedores, una lata con olor a combustible y virulana.\u00a0<\/p>\n\n\n\n<p>Adem\u00e1s de estas pruebas en su contra, testigos que declararon aseguraron que minutos andes del\u00a0<strong>incendio<\/strong>\u00a0vieron a la\u00a0<strong>sospechosa<\/strong>\u00a0prendiendo fuego en la puerta del dep\u00f3sito.\u00a0<\/p>\n\n\n\n<h2 class=\"wp-block-heading\">El comunicado del Ministerio P\u00fablico<\/h2>\n\n\n\n<p><em>&#8220;La ciudadana que fue aprehendida como posible responsable de haber desencadenado el incidente, fue evaluada por el equipo de profesionales del Cuerpo M\u00e9dico Forense.&nbsp;<\/em><\/p>\n\n\n\n<p><em>Los primeros resultados de ese abordaje indican que la mujer (de quien no se dar\u00e1 a conocer su identidad) presenta sus facultades mentales alteradas y por lo tanto no puede comprender su accionar.<\/em><\/p>\n\n\n\n<p><strong>Fuente: www.mdzol.com<\/strong><\/p>\n","protected":false},"excerpt":{"rendered":"<p>La mujer de 65 a\u00f1os que fue aprehendida este mi\u00e9rcoles por el\u00a0incendio\u00a0en el dep\u00f3sito de\u00a0Zapata Goma, en calle Vicente Zapata de Ciudad, fue declarada\u00a0inimputable\u00a0por la Justicia y la internaron en el hospital neuropsiqui\u00e1trico El Sauce para ser evaluada por los profesionales.\u00a0 As\u00ed lo inform\u00f3 este jueves este\u00a0Ministerio P\u00fablico Fiscal (MPF),\u00a0en relaci\u00f3n\u00a0a\u00a0la se\u00f1ora en situaci\u00f3n de [&hellip;]<\/p>\n","protected":false},"author":2,"featured_media":8250,"comment_status":"open","ping_status":"open","sticky":false,"template":"","format":"standard","meta":[],"categories":[50],"tags":[],"_links":{"self":[{"href":"https:\/\/pasaenmendoza.com\/index.php?rest_route=\/wp\/v2\/posts\/8249"}],"collection":[{"href":"https:\/\/pasaenmendoza.com\/index.php?rest_route=\/wp\/v2\/posts"}],"about":[{"href":"https:\/\/pasaenmendoza.com\/index.php?rest_route=\/wp\/v2\/types\/post"}],"author":[{"embeddable":true,"href":"https:\/\/pasaenmendoza.com\/index.php?rest_route=\/wp\/v2\/users\/2"}],"replies":[{"embeddable":true,"href":"https:\/\/pasaenmendoza.com\/index.php?rest_route=%2Fwp%2Fv2%2Fcomments&post=8249"}],"version-history":[{"count":1,"href":"https:\/\/pasaenmendoza.com\/index.php?rest_route=\/wp\/v2\/posts\/8249\/revisions"}],"predecessor-version":[{"id":8251,"href":"https:\/\/pasaenmendoza.com\/index.php?rest_route=\/wp\/v2\/posts\/8249\/revisions\/8251"}],"wp:featuredmedia":[{"embeddable":true,"href":"https:\/\/pasaenmendoza.com\/index.php?rest_route=\/wp\/v2\/media\/8250"}],"wp:attachment":[{"href":"https:\/\/pasaenmendoza.com\/index.php?rest_route=%2Fwp%2Fv2%2Fmedia&parent=8249"}],"wp:term":[{"taxonomy":"category","embeddable":true,"href":"https:\/\/pasaenmendoza.com\/index.php?rest_route=%2Fwp%2Fv2%2Fcategories&post=8249"},{"taxonomy":"post_tag","embeddable":true,"href":"https:\/\/pasaenmendoza.com\/index.php?rest_route=%2Fwp%2Fv2%2Ftags&post=8249"}],"curies":[{"name":"wp","href":"https:\/\/api.w.org\/{rel}","templated":true}]}}