{"id":8256,"date":"2024-06-14T00:43:13","date_gmt":"2024-06-13T22:43:13","guid":{"rendered":"https:\/\/pasaenmendoza.com\/?p=8256"},"modified":"2024-06-14T00:43:15","modified_gmt":"2024-06-13T22:43:15","slug":"investigan-la-desaparicion-de-casi-100-telefonos-celulares-secuestrados-por-la-policia-de-mendoza","status":"publish","type":"post","link":"https:\/\/pasaenmendoza.com\/?p=8256","title":{"rendered":"Investigan la \u201cdesaparici\u00f3n\u201d de casi 100 tel\u00e9fonos celulares secuestrados por la Polic\u00eda de Mendoza"},"content":{"rendered":"\n<p>El caso estall\u00f3 esta semana pero llevaba varios d\u00edas debati\u00e9ndose internamente en la&nbsp;<strong>Polic\u00eda de Mendoza<\/strong>. Lleg\u00f3 a la<strong>&nbsp;Justicia federal<\/strong>&nbsp;y la<strong>&nbsp;Inspecci\u00f3n General de Seguridad<\/strong>&nbsp;(<strong>IGS<\/strong>). Un informe realizado por el&nbsp;<strong>Departamento de Informaci\u00f3n y An\u00e1lisis de Narcocriminalidad de la Polic\u00eda contra el Narcotr\u00e1fico&nbsp;<\/strong>(<strong>PCN<\/strong>) revel\u00f3 que&nbsp;<em>\u201cdesaparecieron\u201d&nbsp;<\/em>casi 100 tel\u00e9fonos celulares que se encontraban secuestrados.<\/p>\n\n\n\n<p>La mayor\u00eda de<mark>&nbsp;los aparatos permanec\u00edan en una especie de lista de espera para ser peritados en b\u00fasqueda de informaci\u00f3n para las causas que depend\u00eda<\/mark>n. Y casi todos estaban a disposici\u00f3n de la Justicia federal en un sector denominado&nbsp;<strong>Medios T\u00e9cnicos&nbsp;<\/strong>en expedientes de narcotr\u00e1fico, lavado de dinero o cohecho, por citar algunos.<\/p>\n\n\n\n<p>Debido a la trascendencia del caso, que podr\u00eda estar relacionado directamente con un \u201c<strong>robo hormiga<\/strong>\u201d interno entre el 2021 y 2023 -es la hip\u00f3tesis m\u00e1s fuerte-, este mi\u00e9rcoles titular del\u00a0<strong>Juzgado Federal N\u00ba3 de Mendoza<\/strong>,<strong>\u00a0Marcelo Garnica<\/strong>, y el\u00a0<strong>fiscal Fernando Alcaraz\u00a0<\/strong>(la instrucci\u00f3n fue delegada y est\u00e1 a su cargo),\u00a0<mark>desarrollaron una inspecci\u00f3n ocular sorpresa en el edificio de la PCN<\/mark>, ubicado en la<strong>\u00a0Base C\u00f3ndor\u00a0<\/strong>del\u00a0<strong>oeste de Ciudad<\/strong>\u00a0en b\u00fasqueda de pruebas para sumar al expediente que permanece secreto como averiguaci\u00f3n de delito.<\/p>\n\n\n\n<p>La informaci\u00f3n se\u00f1ala que tanto el juez como el representante del Ministerio P\u00fablico se dirigieron a desarrollar la medida a las instalaciones de la\u00a0<strong>PCN\u00a0<\/strong>con el objetivo principal de conocer cu\u00e1l es el \u00e1rea donde generalmente son resguardados los tel\u00e9fonos incautados y qu\u00e9 tipo de control o responsabilidad hac\u00edan y ten\u00edan los funcionarios policiales para su preservaci\u00f3n.<\/p>\n\n\n\n<p>Durante la medida,<mark>&nbsp;la Justicia federal se llev\u00f3 libros de novedades, tambi\u00e9n una copia de seguridad del servidor y realiz\u00f3 un nuevo recuento de los tel\u00e9fonos que quedaban en la base.<\/mark><\/p>\n\n\n\n<p>Este el primer paso que tiene la instrucci\u00f3n. En los pr\u00f3ximos d\u00edas, ser\u00e1n citados una serie de testigos mientras se determina si existi\u00f3 delito y le cabe alg\u00fan tipo de responsabilidad penal a los polic\u00edas que pasaron por ese departamento en los \u00faltimos tiempos<strong>. Apuntan principalmente a quienes ten\u00edan responsabilidades antes de que se descubriera y se notificara el faltante tanto a la IGS<\/strong>, que ya inici\u00f3 un sumario administrativo como establece la normativa, como a la Justicia federal.<\/p>\n\n\n\n<p>Por los datos que llegaron a trav\u00e9s de diversas fuentes a este diario, el n\u00famero de tel\u00e9fonos que no se hallaban en el lugar donde deb\u00edan estar bajo protecci\u00f3n, llegar\u00eda a 93. Y&nbsp;<strong>la mayor\u00eda fueron secuestrados en causas de los a\u00f1os 2021, 2022 y 2023<\/strong>, cuando al frente del \u00e1rea se encontraba la efectivo&nbsp;<strong>Silvia Zanabria<\/strong>, actualmente en Escuchas Telef\u00f3nicas de la PCN.<\/p>\n\n\n\n<p>Debido a esto, es que en la Justicia federal entienden que est\u00e1n frente a un caso&nbsp;<em>\u201cgrav\u00edsimo\u201d<\/em>&nbsp;que se encuentra en pleno proceso de recolecci\u00f3n y an\u00e1lisis de pruebas, por lo que&nbsp;<strong>es seguro que Zanabria ser\u00e1 citada por la fiscal\u00eda&nbsp;<\/strong>para que explique la forma de trabajo y protecci\u00f3n de los aparatos que implementaba mientras estaba a cargo.<\/p>\n\n\n\n<p>Enterados de la situaci\u00f3n, se conoci\u00f3 que desde la<strong>\u00a0Direcci\u00f3n General de la Polic\u00eda<\/strong>, a cargo de\u00a0<strong>Marcelo Calipo<\/strong>, ordenaron el traslado preventivo de los cuatro polic\u00edas que se encontraban en el citado\u00a0<strong>Departamento de Informaci\u00f3n y An\u00e1lisis de Narcocriminalidad<\/strong>, a diferentes comisar\u00edas del<strong>\u00a0Gran Mendoza<\/strong>, como la\u00a0<strong>Primera, Novena y 52\u00ba, de Capital, Guaymall\u00e9n y Godoy Cruz<\/strong>, respectivamente.<\/p>\n\n\n\n<p><strong>Fuente: www.elsol.com.ar<\/strong><\/p>\n","protected":false},"excerpt":{"rendered":"<p>El caso estall\u00f3 esta semana pero llevaba varios d\u00edas debati\u00e9ndose internamente en la&nbsp;Polic\u00eda de Mendoza. Lleg\u00f3 a la&nbsp;Justicia federal&nbsp;y la&nbsp;Inspecci\u00f3n General de Seguridad&nbsp;(IGS). Un informe realizado por el&nbsp;Departamento de Informaci\u00f3n y An\u00e1lisis de Narcocriminalidad de la Polic\u00eda contra el Narcotr\u00e1fico&nbsp;(PCN) revel\u00f3 que&nbsp;\u201cdesaparecieron\u201d&nbsp;casi 100 tel\u00e9fonos celulares que se encontraban secuestrados. La mayor\u00eda de&nbsp;los aparatos permanec\u00edan en [&hellip;]<\/p>\n","protected":false},"author":2,"featured_media":8257,"comment_status":"open","ping_status":"open","sticky":false,"template":"","format":"standard","meta":[],"categories":[48],"tags":[],"_links":{"self":[{"href":"https:\/\/pasaenmendoza.com\/index.php?rest_route=\/wp\/v2\/posts\/8256"}],"collection":[{"href":"https:\/\/pasaenmendoza.com\/index.php?rest_route=\/wp\/v2\/posts"}],"about":[{"href":"https:\/\/pasaenmendoza.com\/index.php?rest_route=\/wp\/v2\/types\/post"}],"author":[{"embeddable":true,"href":"https:\/\/pasaenmendoza.com\/index.php?rest_route=\/wp\/v2\/users\/2"}],"replies":[{"embeddable":true,"href":"https:\/\/pasaenmendoza.com\/index.php?rest_route=%2Fwp%2Fv2%2Fcomments&post=8256"}],"version-history":[{"count":1,"href":"https:\/\/pasaenmendoza.com\/index.php?rest_route=\/wp\/v2\/posts\/8256\/revisions"}],"predecessor-version":[{"id":8258,"href":"https:\/\/pasaenmendoza.com\/index.php?rest_route=\/wp\/v2\/posts\/8256\/revisions\/8258"}],"wp:featuredmedia":[{"embeddable":true,"href":"https:\/\/pasaenmendoza.com\/index.php?rest_route=\/wp\/v2\/media\/8257"}],"wp:attachment":[{"href":"https:\/\/pasaenmendoza.com\/index.php?rest_route=%2Fwp%2Fv2%2Fmedia&parent=8256"}],"wp:term":[{"taxonomy":"category","embeddable":true,"href":"https:\/\/pasaenmendoza.com\/index.php?rest_route=%2Fwp%2Fv2%2Fcategories&post=8256"},{"taxonomy":"post_tag","embeddable":true,"href":"https:\/\/pasaenmendoza.com\/index.php?rest_route=%2Fwp%2Fv2%2Ftags&post=8256"}],"curies":[{"name":"wp","href":"https:\/\/api.w.org\/{rel}","templated":true}]}}