{"id":826,"date":"2023-08-22T14:02:11","date_gmt":"2023-08-22T12:02:11","guid":{"rendered":"https:\/\/pasaenmendoza.com\/?p=826"},"modified":"2023-08-22T14:02:12","modified_gmt":"2023-08-22T12:02:12","slug":"mendoza-esta-entre-las-provincias-que-el-grupo-techint-recorre-para-sumar-profesionales-y-pasantes","status":"publish","type":"post","link":"https:\/\/pasaenmendoza.com\/?p=826","title":{"rendered":"Mendoza est\u00e1 entre las provincias que el Grupo Techint recorre para sumar profesionales y pasantes"},"content":{"rendered":"\n<p><strong>El\u00a0Grupo Techint\u00a0busca incorporar al menos 400 j\u00f3venes profesionales a sus<\/strong>\u00a0<strong>empresas.<\/strong>\u00a0Para ello, lanz\u00f3 la convocatoria para estudiantes avanzados y reci\u00e9n graduados que tendr\u00e1 uno de sus cap\u00edtulos en la provincia.<\/p>\n\n\n\n<p>La convocatoria durar\u00e1&nbsp;<strong>hasta el 2 de noviembre<\/strong>. Representantes de la compa\u00f1\u00eda ya est\u00e1n recorriendo localidades de&nbsp;<strong>Mendoza<\/strong>, Tucum\u00e1n, Salta, San Juan, Buenos Aires, Santa Fe, C\u00f3rdoba y Neuqu\u00e9n para dar a conocer el&nbsp;<strong>Programa de J\u00f3venes Profesionales<\/strong>&nbsp;(JP) y las&nbsp;<strong>Pr\u00e1cticas Educativas de Verano<\/strong>&nbsp;(PEV).<\/p>\n\n\n\n<p>Las iniciativas JP y PEV forman parte del Plan de Carrera para los equipos de Techint, que contempla programas diferenciados en todos los niveles de la organizaci\u00f3n.\u00a0<strong>En Mendoza, los encargados de la b\u00fasqueda estar\u00e1n desde el 4 hasta el 19 de septiembre.<\/strong><\/p>\n\n\n\n<p>La<strong>\u00a0b\u00fasqueda de nuevos profesionales\u00a0<\/strong>est\u00e1 orientada a estudiantes universitarios que hayan aprobado por lo menos el 50% de la carrera o que sean graduados de Ingenier\u00eda Industrial, El\u00e9ctrica, Electr\u00f3nica, en Materiales, en Petr\u00f3leo, Mec\u00e1nica, Mecatr\u00f3nica o Electromec\u00e1nica, Qu\u00edmica, Sistemas; Administraci\u00f3n de Empresas y Contador.<\/p>\n\n\n\n<p>Para postularse,<strong>\u00a0los estudiantes interesados deben ingresar en el\u00a0\u00e1rea de carreras de la p\u00e1gina web de Techint<\/strong>, filtrar por la palabra clave &#8220;PEV&#8221; o &#8220;JP&#8221;, y seleccionar la localidad en la que les gustar\u00eda aplicar. Una vez postulado, y si el perfil coincide con los requisitos, la empresa se pondr\u00e1 en contacto para iniciar el proceso de selecci\u00f3n.<\/p>\n\n\n\n<p><strong>Lara Lascurain<\/strong>, Talent Management Director del Grupo Techint, explic\u00f3 que &#8220;estos programas permiten que los y las j\u00f3venes vivan una primera experiencia real en el campo laboral, adquieran conocimiento, y den el primer paso de su carrera profesional.\u00a0<strong>Vemos en los JP y los PEV a los l\u00edderes del futuro de la compa\u00f1\u00eda<\/strong>&#8220;.<\/p>\n\n\n\n<p>Los ingresantes al programa de JP y PEV participar\u00e1n de proyectos relacionados con el con impacto en la&nbsp;<strong>matriz energ\u00e9tica y desarrollo econ\u00f3mico de la Argentina<\/strong>, como la descarbonizaci\u00f3n de los procesos sider\u00fargicos, el desarrollo de Vaca Muerta y la transici\u00f3n energ\u00e9tica o la construcci\u00f3n de grandes obras de infraestructura como gasoductos, centrales t\u00e9rmicas o el desarrollo de parques e\u00f3licos.<\/p>\n\n\n\n<p>Grupo Techint es una empresa<strong>\u00a0l\u00edder a nivel global, con operaciones en 19 pa\u00edses<\/strong>. Est\u00e1 compuesto principalmente por Tenaris, Ternium, Tecpetrol y Techint Ingenier\u00eda y Construcci\u00f3n, compa\u00f1\u00edas que comparten una filosof\u00eda de compromiso con la calidad de sus productos, el uso de tecnolog\u00eda, y el desarrollo local a largo plazo.<\/p>\n\n\n\n<p><strong>Fuente: www.diariouno.com.ar<\/strong><\/p>\n","protected":false},"excerpt":{"rendered":"<p>El\u00a0Grupo Techint\u00a0busca incorporar al menos 400 j\u00f3venes profesionales a sus\u00a0empresas.\u00a0Para ello, lanz\u00f3 la convocatoria para estudiantes avanzados y reci\u00e9n graduados que tendr\u00e1 uno de sus cap\u00edtulos en la provincia. La convocatoria durar\u00e1&nbsp;hasta el 2 de noviembre. Representantes de la compa\u00f1\u00eda ya est\u00e1n recorriendo localidades de&nbsp;Mendoza, Tucum\u00e1n, Salta, San Juan, Buenos Aires, Santa Fe, C\u00f3rdoba y [&hellip;]<\/p>\n","protected":false},"author":2,"featured_media":827,"comment_status":"open","ping_status":"open","sticky":false,"template":"","format":"standard","meta":[],"categories":[50],"tags":[],"_links":{"self":[{"href":"https:\/\/pasaenmendoza.com\/index.php?rest_route=\/wp\/v2\/posts\/826"}],"collection":[{"href":"https:\/\/pasaenmendoza.com\/index.php?rest_route=\/wp\/v2\/posts"}],"about":[{"href":"https:\/\/pasaenmendoza.com\/index.php?rest_route=\/wp\/v2\/types\/post"}],"author":[{"embeddable":true,"href":"https:\/\/pasaenmendoza.com\/index.php?rest_route=\/wp\/v2\/users\/2"}],"replies":[{"embeddable":true,"href":"https:\/\/pasaenmendoza.com\/index.php?rest_route=%2Fwp%2Fv2%2Fcomments&post=826"}],"version-history":[{"count":1,"href":"https:\/\/pasaenmendoza.com\/index.php?rest_route=\/wp\/v2\/posts\/826\/revisions"}],"predecessor-version":[{"id":828,"href":"https:\/\/pasaenmendoza.com\/index.php?rest_route=\/wp\/v2\/posts\/826\/revisions\/828"}],"wp:featuredmedia":[{"embeddable":true,"href":"https:\/\/pasaenmendoza.com\/index.php?rest_route=\/wp\/v2\/media\/827"}],"wp:attachment":[{"href":"https:\/\/pasaenmendoza.com\/index.php?rest_route=%2Fwp%2Fv2%2Fmedia&parent=826"}],"wp:term":[{"taxonomy":"category","embeddable":true,"href":"https:\/\/pasaenmendoza.com\/index.php?rest_route=%2Fwp%2Fv2%2Fcategories&post=826"},{"taxonomy":"post_tag","embeddable":true,"href":"https:\/\/pasaenmendoza.com\/index.php?rest_route=%2Fwp%2Fv2%2Ftags&post=826"}],"curies":[{"name":"wp","href":"https:\/\/api.w.org\/{rel}","templated":true}]}}