{"id":8262,"date":"2024-06-14T01:45:38","date_gmt":"2024-06-13T23:45:38","guid":{"rendered":"https:\/\/pasaenmendoza.com\/?p=8262"},"modified":"2024-06-14T01:45:39","modified_gmt":"2024-06-13T23:45:39","slug":"el-lamento-del-cornejismo-tras-la-votacion-del-paquete-fiscal-hay-una-mala-noticia-para-los-mendocinos","status":"publish","type":"post","link":"https:\/\/pasaenmendoza.com\/?p=8262","title":{"rendered":"El lamento del cornejismo tras la votaci\u00f3n del paquete fiscal: \u201cHay una mala noticia para los mendocinos\u201d"},"content":{"rendered":"\n<p>El Senado vot\u00f3 en contra de los cambios en Ganancias, un impuesto coparticipable. De acuerdo con el Ministerio de Hacienda, Mendoza \u201cperdi\u00f3\u201d $75.000 millones.<\/p>\n\n\n\n<p><strong>La marat\u00f3nica sesi\u00f3n en el Senado de la Naci\u00f3n<\/strong>, donde se aprobaron en general la Ley Bases y el paquete fiscal,&nbsp;<strong>tuvo como punto negativo para Mendoza<\/strong>&nbsp;el rechazo de la restituci\u00f3n de la cuarta categor\u00eda del impuesto a las&nbsp;<strong>Ganancias<\/strong>.<\/p>\n\n\n\n<p>\u201c<em>La negativa a modificar el el impuesto a las Ganancias impide que la provincia cuente con $75.000 millones, equivalentes a m\u00e1s de una masa salarial\u201d<\/em>, explic\u00f3 el ministro de Hacienda y Finanzas,&nbsp;<strong>V\u00edctor Fayad<\/strong>, quien se lament\u00f3 por el rechazo<\/p>\n\n\n\n<p><em>\u201cDentro de la buena noticia de la aprobaci\u00f3n en general de la Ley Bases, hay una mala noticia para los mendocinos. Lamentamos que se haya rechazado un esquema tributario mucho mas justo, federal, equitativo y sin distorsiones\u201d<\/em>, agreg\u00f3 el ministro cornejista.<\/p>\n\n\n\n<p>El jefe de Gabinete, Guillermo Francos, tambi\u00e9n cuestion\u00f3 la decisi\u00f3n del Senado y anticip\u00f3 que&nbsp;<strong>el oficialismo intentar\u00e1 reinstaurar los cambios en Ganancias y Bienes Personales&nbsp;<\/strong>durante el debate que se realizar\u00e1 en la C\u00e1mara de Diputados para la aprobaci\u00f3n definitiva del paquete fiscal.<\/p>\n\n\n\n<p><strong>La reimplantaci\u00f3n de Ganancias es clave no solo para las arcas provinciales<\/strong>&nbsp;\u2013ya que se trata de un impuesto coparticipable-, sino tambi\u00e9n para las nacionales. La Casa Rosada contaba con esa recaudaci\u00f3n para cumplir con la promesa del ministro de Econom\u00eda, Luis Caputo, de reducir del 17,5% al 7,5% la al\u00edcuota del impuesto PAIS.<\/p>\n\n\n\n<p><em>\u201cEs cierto que quedaron cosas en el camino que trataremos de recuperar en Diputados. Ganancias y bienes personales, por supuesto\u201d<\/em>, dijo Francos este jueves.&nbsp;<em>\u201cEsos dos temas son los que m\u00e1s impactan en las arcas provinciales, todos los recursos que ingresan por esos dos impuestos son coparticipables. He hablado con todos los gobernadores que quer\u00edan hablar y estaban esperando esta ley para incrementar los recursos fiscales y equilibrar sus presupuestos\u201d<\/em>, a\u00f1adi\u00f3 el funcionario nacional.<\/p>\n\n\n\n<p>El r\u00e9gimen actual prev\u00e9 que pagan el Impuesto a las Ganancias los trabajadores que perciben salarios (bruto) por encima de los $3.514.725. En tanto, la propuesta rechazada establec\u00eda que el nuevo m\u00ednimo no imponible ser\u00eda a partir de $1,8 millones brutos para solteros y $ 2.340.000 para casados con 2 hijos.<\/p>\n\n\n\n<p>Seg\u00fan Fayad, existe la posibilidad de que la provincia recupere los fondos, pero alert\u00f3 que depender\u00e1 del \u00e1nimo de los contribuyentes y del funcionamiento del esquema productivo.<\/p>\n\n\n\n<p><em>\u201cLa aprobaci\u00f3n del resto de las medidas del paquete fiscal como blanqueo y moratoria podr\u00edan aportar recursos extras por un monto similar aunque con mayor incertidumbre por depender de la reacci\u00f3n de los contribuyentes frente a este esquema de incentivos\u201d<\/em>, indic\u00f3.<\/p>\n\n\n\n<h2 class=\"wp-block-heading\" id=\"h-alegria-por-el-rigi\">Alegr\u00eda por el RIGI<\/h2>\n\n\n\n<p>Lo que si se celebr\u00f3 mucho en la provincia fue la aprobaci\u00f3n del R\u00e9gimen de Incentivo a las Grandes Inversiones (RIGI), ya que consideraron que podr\u00eda darle un importante impulso a la econom\u00eda local, principalmente a lo vinculado al sector minero.<\/p>\n\n\n\n<p>\u201c<em>No s\u00f3lo se espera un crecimiento en inversiones en miner\u00eda, sino tambi\u00e9n en el sector energ\u00e9tico. A nivel minero, el valor previsto para la construcci\u00f3n de una mina de proyectos del tama\u00f1o como Los Azules, Jos\u00e9 Mar\u00eda o Pach\u00f3n, tiene un costo de m\u00e1s de 3 mil millones de d\u00f3lares<\/em>\u201c, indic\u00f3 la&nbsp;<strong>ministra de Energ\u00eda y Ambiente<\/strong>,<strong>&nbsp;Jimena Latorre<\/strong>,.<\/p>\n\n\n\n<p>Por otra parte, destac\u00f3 que los beneficios a las grandes inversiones pueden convivir con aquellas peque\u00f1as empresas que no entren en el RIGI.<\/p>\n\n\n\n<p>\u201c<em>Este fomento no es contradictorio con el valor que derrama en la econom\u00eda. En el caso de la miner\u00eda, por ejemplo, la industria metalmec\u00e1nico, o de la construcci\u00f3n se ver\u00eda beneficiada con grandes proyectos. Adem\u00e1s, no comparten el mercado, por lo que no compiten entre s\u00ed<\/em>\u201c, destac\u00f3 Latorre.<\/p>\n\n\n\n<p>En el mismo sentido opin\u00f3<strong>&nbsp;Ra\u00fal Rodr\u00edguez<\/strong>&nbsp;integrante de la&nbsp;<strong>C\u00e1mara de Mineros&nbsp;<\/strong>de la provincia, asegurando que se trata de una herramienta positiva y que les permitir\u00e1 competir con pa\u00edses como Chile o Per\u00fa.<\/p>\n\n\n\n<p><em>\u201cEs una herramienta muy v\u00e1lida para traer inversiones, sobre todo aquellas que tengan un monto de capital importante. En el tema minero nosotros tenemos una carga tributaria much\u00edsimo m\u00e1s alta de la que tiene Chile, Per\u00fa, Colombia, que son nuestros competidores regionales y este tipo de herramientas tratan de hacer competitivo a nuestro pa\u00eds y son acertadas\u201d<\/em>, explic\u00f3 Rodr\u00edguez.<\/p>\n\n\n\n<p>Adem\u00e1s, el empresario mencion\u00f3 cu\u00e1les podr\u00edan ser los proyectos que se vieran beneficiados por este r\u00e9gimen de grandes inversiones.<\/p>\n\n\n\n<p><em>\u201cPara lo que es la exploraci\u00f3n contundentemente no sirve. Pero si piensa a futuro s\u00ed. Potasio R\u00edo Colorado, San Jorge y Don Sixto, son proyectos que podr\u00edan llegar a acogerse a esa norma\u201d<\/em>, explic\u00f3.<\/p>\n\n\n\n<p>En tanto,\u00a0<strong>Mauricio Badaloni\u00a0<\/strong>de la\u00a0<strong>Uni\u00f3n Industrial de Mendoza (UIM)<\/strong>\u00a0habl\u00f3<em><strong>\u00a0<\/strong><\/em>sobre el tema y destac\u00f3 la importancia del RIGI ya que le da certeza a los empresarios que apuestan por la provincia.<\/p>\n\n\n\n<p>\u201c<em>Creo que que lo m\u00e1s jugoso lo fundamental est\u00e1 puesto justamente en este r\u00e9gimen. Creo que es un r\u00e9gimen clave y algo que da soluciones de fondo. Los pa\u00edses de la regi\u00f3n que crecen tienen alg\u00fan tipo de beneficios para los inversores<\/em>\u201c, indic\u00f3 Badaloni.<\/p>\n\n\n\n<p>FUENTE: Elsol.com.ar <\/p>\n","protected":false},"excerpt":{"rendered":"<p>El Senado vot\u00f3 en contra de los cambios en Ganancias, un impuesto coparticipable. De acuerdo con el Ministerio de Hacienda, Mendoza \u201cperdi\u00f3\u201d $75.000 millones. La marat\u00f3nica sesi\u00f3n en el Senado de la Naci\u00f3n, donde se aprobaron en general la Ley Bases y el paquete fiscal,&nbsp;tuvo como punto negativo para Mendoza&nbsp;el rechazo de la restituci\u00f3n de [&hellip;]<\/p>\n","protected":false},"author":2,"featured_media":8263,"comment_status":"open","ping_status":"open","sticky":true,"template":"","format":"standard","meta":[],"categories":[47],"tags":[],"_links":{"self":[{"href":"https:\/\/pasaenmendoza.com\/index.php?rest_route=\/wp\/v2\/posts\/8262"}],"collection":[{"href":"https:\/\/pasaenmendoza.com\/index.php?rest_route=\/wp\/v2\/posts"}],"about":[{"href":"https:\/\/pasaenmendoza.com\/index.php?rest_route=\/wp\/v2\/types\/post"}],"author":[{"embeddable":true,"href":"https:\/\/pasaenmendoza.com\/index.php?rest_route=\/wp\/v2\/users\/2"}],"replies":[{"embeddable":true,"href":"https:\/\/pasaenmendoza.com\/index.php?rest_route=%2Fwp%2Fv2%2Fcomments&post=8262"}],"version-history":[{"count":1,"href":"https:\/\/pasaenmendoza.com\/index.php?rest_route=\/wp\/v2\/posts\/8262\/revisions"}],"predecessor-version":[{"id":8264,"href":"https:\/\/pasaenmendoza.com\/index.php?rest_route=\/wp\/v2\/posts\/8262\/revisions\/8264"}],"wp:featuredmedia":[{"embeddable":true,"href":"https:\/\/pasaenmendoza.com\/index.php?rest_route=\/wp\/v2\/media\/8263"}],"wp:attachment":[{"href":"https:\/\/pasaenmendoza.com\/index.php?rest_route=%2Fwp%2Fv2%2Fmedia&parent=8262"}],"wp:term":[{"taxonomy":"category","embeddable":true,"href":"https:\/\/pasaenmendoza.com\/index.php?rest_route=%2Fwp%2Fv2%2Fcategories&post=8262"},{"taxonomy":"post_tag","embeddable":true,"href":"https:\/\/pasaenmendoza.com\/index.php?rest_route=%2Fwp%2Fv2%2Ftags&post=8262"}],"curies":[{"name":"wp","href":"https:\/\/api.w.org\/{rel}","templated":true}]}}