{"id":8265,"date":"2024-06-14T01:50:03","date_gmt":"2024-06-13T23:50:03","guid":{"rendered":"https:\/\/pasaenmendoza.com\/?p=8265"},"modified":"2024-06-14T01:50:05","modified_gmt":"2024-06-13T23:50:05","slug":"que-pedira-la-oposicion-dialoguista-para-aprobar-la-ley-bases-en-diputados","status":"publish","type":"post","link":"https:\/\/pasaenmendoza.com\/?p=8265","title":{"rendered":"Qu\u00e9 pedir\u00e1 la oposici\u00f3n &#8220;dialoguista&#8221; para aprobar la Ley Bases en Diputados"},"content":{"rendered":"\n<p>\u00a0La\u00a0<strong>C\u00e1mara de Diputados<\/strong>\u00a0abrir\u00e1 el recinto el martes 25 o el mi\u00e9rcoles 26 de junio para debatir los cambios aplicados en el Senado a la\u00a0<strong>Ley Bases<\/strong>.<\/p>\n\n\n\n<p>Alguna de estas dos fechas ser\u00eda la elegida luego de conversaciones entre el presidente de la&nbsp;<strong>C\u00e1mara de Diputados<\/strong>, Mart\u00edn Menem, con los principales l\u00edderes de los bloques de la&nbsp;<strong>oposici\u00f3n<\/strong>&nbsp;dialoguista, teniendo en cuenta que la semana pr\u00f3xima ser\u00e1 hiper corta a ra\u00edz de los tres feriados.<\/p>\n\n\n\n<p>En el bloque de la Uni\u00f3n C\u00edvica Radical ya empezaron a analizar qu\u00e9 hacer con los textos aprobados en el Senado de la iniciativa Bases y de la ley de Medidas Fiscales que volver\u00e1n a la C\u00e1mara baja, en puntos sensibles como el impuesto a las Ganancias, Bienes Personales, privatizaciones, moratoria previsional, y cuotas sindicales obligatorias en el empleo p\u00fablico.<\/p>\n\n\n\n<p>Como prenda de cambio para negociar con el Gobierno, la UCR planea exigir que el presidente\u00a0Javier Milei\u00a0no vete -tal como prometi\u00f3- la nueva f\u00f3rmula de\u00a0<strong>movilidad jubilatoria\u00a0<\/strong>que aprob\u00f3 la\u00a0<strong>oposici\u00f3n<\/strong>\u00a0la semana pasada.<\/p>\n\n\n\n<p>En la primera reuni\u00f3n con el jefe de Gabinete,\u00a0Guillermo Francos, la\u00a0<strong>oposici\u00f3n<\/strong>\u00a0dialoguista se dedicar\u00e1 a escuchar qu\u00e9 pretende el Gobierno de ellos respecto a los distintos art\u00edculos de las dos leyes que est\u00e1n en danza. El primer interrogante a desentra\u00f1ar es qu\u00e9 compromiso tiene el Poder Ejecutivo con los senadores para sostener el texto como est\u00e1, y cu\u00e1l es el margen que tiene Diputados para insistir en distintos aspectos de la media sanci\u00f3n original.<\/p>\n\n\n\n<p>En Senado, por ejemplo, baj\u00f3 de un hondazo la restituci\u00f3n de la cuarta categor\u00eda del impuesto a las Ganancias, y tambi\u00e9n la rebaja progresiva en Bienes Personales.<\/p>\n\n\n\n<p>En el primer caso, de ratificarse el texto del Senado, el Poder Ejecutivo perder\u00e1 recaudaci\u00f3n, y en el segundo caso se evitar\u00e1 la p\u00e9rdida de recursos que el Gobierno quer\u00eda devolverle al decil m\u00e1s rico de la poblaci\u00f3n.<\/p>\n\n\n\n<p>La postura del radicalismo ser\u00e1 hacerle elegir al Gobierno d\u00f3nde poner sus fichas: si a resucitar Ganancias o si rescatar la reforma en Bienes Personales.<\/p>\n\n\n\n<p>En principio, apuntar al salvataje de las dos cosas no estar\u00eda en el men\u00fa, pero en el radicalismo no descartan nada: esperar\u00e1n a ver qu\u00e9 pide el Gobierno y despu\u00e9s tomar\u00e1n una decisi\u00f3n, aunque aclaran que habr\u00e1 una predisposici\u00f3n mucho m\u00e1s marcada si el presidente abandona su voluntad de vetar la nueva f\u00f3rmula de movilidad previsional. La negociaci\u00f3n est\u00e1 abierta.<\/p>\n\n\n\n<p>&#8220;Nos dicen degenerados fiscales por ayudar m\u00f3dicamente a los jubilados con la nueva f\u00f3rmula pero los degenerados fiscales son ellos que quieren desgravar a los m\u00e1s ricos y perder recaudaci\u00f3n&#8221;, reflexionan en el bloque de la UCR.<\/p>\n\n\n\n<p>Dados a elegir, el radicalismo har\u00e1 todo lo posible para rescatar la vuelta de Ganancias, porque es un compromiso que asumieron con los gobernadores.<\/p>\n\n\n\n<p>&#8220;No tenemos problemas en volver a votar algo que ya votamos&#8221;, explic\u00f3 un diputado radical.<\/p>\n\n\n\n<p>FUENTE: Mendozapost.<\/p>\n","protected":false},"excerpt":{"rendered":"<p>\u00a0La\u00a0C\u00e1mara de Diputados\u00a0abrir\u00e1 el recinto el martes 25 o el mi\u00e9rcoles 26 de junio para debatir los cambios aplicados en el Senado a la\u00a0Ley Bases. Alguna de estas dos fechas ser\u00eda la elegida luego de conversaciones entre el presidente de la&nbsp;C\u00e1mara de Diputados, Mart\u00edn Menem, con los principales l\u00edderes de los bloques de la&nbsp;oposici\u00f3n&nbsp;dialoguista, teniendo [&hellip;]<\/p>\n","protected":false},"author":2,"featured_media":8266,"comment_status":"open","ping_status":"open","sticky":true,"template":"","format":"standard","meta":[],"categories":[47],"tags":[],"_links":{"self":[{"href":"https:\/\/pasaenmendoza.com\/index.php?rest_route=\/wp\/v2\/posts\/8265"}],"collection":[{"href":"https:\/\/pasaenmendoza.com\/index.php?rest_route=\/wp\/v2\/posts"}],"about":[{"href":"https:\/\/pasaenmendoza.com\/index.php?rest_route=\/wp\/v2\/types\/post"}],"author":[{"embeddable":true,"href":"https:\/\/pasaenmendoza.com\/index.php?rest_route=\/wp\/v2\/users\/2"}],"replies":[{"embeddable":true,"href":"https:\/\/pasaenmendoza.com\/index.php?rest_route=%2Fwp%2Fv2%2Fcomments&post=8265"}],"version-history":[{"count":1,"href":"https:\/\/pasaenmendoza.com\/index.php?rest_route=\/wp\/v2\/posts\/8265\/revisions"}],"predecessor-version":[{"id":8267,"href":"https:\/\/pasaenmendoza.com\/index.php?rest_route=\/wp\/v2\/posts\/8265\/revisions\/8267"}],"wp:featuredmedia":[{"embeddable":true,"href":"https:\/\/pasaenmendoza.com\/index.php?rest_route=\/wp\/v2\/media\/8266"}],"wp:attachment":[{"href":"https:\/\/pasaenmendoza.com\/index.php?rest_route=%2Fwp%2Fv2%2Fmedia&parent=8265"}],"wp:term":[{"taxonomy":"category","embeddable":true,"href":"https:\/\/pasaenmendoza.com\/index.php?rest_route=%2Fwp%2Fv2%2Fcategories&post=8265"},{"taxonomy":"post_tag","embeddable":true,"href":"https:\/\/pasaenmendoza.com\/index.php?rest_route=%2Fwp%2Fv2%2Ftags&post=8265"}],"curies":[{"name":"wp","href":"https:\/\/api.w.org\/{rel}","templated":true}]}}