{"id":8268,"date":"2024-06-14T01:55:12","date_gmt":"2024-06-13T23:55:12","guid":{"rendered":"https:\/\/pasaenmendoza.com\/?p=8268"},"modified":"2024-06-14T01:55:13","modified_gmt":"2024-06-13T23:55:13","slug":"omar-felix-destaco-que-san-rafael-aporto-pruebas-para-demandar-a-la-pampa-por-vender-agua-del-atuel","status":"publish","type":"post","link":"https:\/\/pasaenmendoza.com\/?p=8268","title":{"rendered":"Omar F\u00e9lix destac\u00f3 que San Rafael aport\u00f3 pruebas para demandar a La Pampa por vender agua del Atuel"},"content":{"rendered":"\n<p>El\u00a0<strong>intendente justicialista\u00a0<\/strong>manifest\u00f3 que se reuni\u00f3 con el superintendente general de Irrigaci\u00f3n para acompa\u00f1ar la demanda que se realiz\u00f3 en la Corte Suprema de Justicia.<\/p>\n\n\n\n<p>El intendente sanrafaelino,\u00a0<strong>Omar F\u00e9lix (PJ)<\/strong>, se reuni\u00f3 con el titular de Irrigaci\u00f3n,\u00a0<strong>Sergio Marinelli<\/strong>, y el secretario de Gobierno de General Alvear, Fabio G\u00f3mez Parra, quienes analizaron lo sucedido con el recurso h\u00eddrico que parte de\u00a0<strong>Punta del Agua (San Rafael)<\/strong>\u00a0y que la\u00a0<strong>provincia de La Pampa<\/strong>\u00a0envasa y comercializa en\u00a0<strong>Santa Isabel y Algarrobo del \u00c1guila<\/strong>\u00a0(entre otras localidades). Adem\u00e1s, brindaron detalles de las acciones judiciales que ha interpuesto Mendoza.<\/p>\n\n\n\n<p>As\u00ed, qued\u00f3 demostrado que en este aspecto, tanto oficialismo como oposici\u00f3n est\u00e1n interesados en defender los intereses de la provincia sin distinciones partidarias.<\/p>\n\n\n\n<h2 class=\"wp-block-heading\">El porqu\u00e9 de la reuni\u00f3n con F\u00e9lix<\/h2>\n\n\n\n<p>Seg\u00fan manifest\u00f3 el<strong>&nbsp;intendente de San Rafael,<\/strong>&nbsp;\u201cesto es una continuidad de la reuni\u00f3n que tuvimos en General Alvear por la defensa del patrimonio del Sur, en este caso un recurso h\u00eddrico del r\u00edo Atuel\u201d, expres\u00f3&nbsp;<strong>F\u00e9lix.<\/strong><\/p>\n\n\n\n<p>En el mismo sentido, asever\u00f3 que \u201cnos preocupa el uso que est\u00e1n haciendo del agua en La Pampa. El acuerdo de 1992, por el que se brinda el agua, plantea la buena vecindad y solidaridad para 6000 habitantes para uso humano, algo que hoy est\u00e1 violentado. Es un recurso que sale de&nbsp;<strong>Punta del Agua<\/strong>&nbsp;y est\u00e1 envasado y comercializado, violentando la buena fe entre vecinos\u201d.<\/p>\n\n\n\n<h2 class=\"wp-block-heading\">Las pruebas que aportaron los vecinos de San Rafael<\/h2>\n\n\n\n<p>La<strong>&nbsp;investigaci\u00f3n surgi\u00f3 tras pruebas que aportaron los vecinos de San Rafael que viven en Punta del Agua<\/strong>. De hecho, sobre la mesa del despacho mayor se exhibieron envases de agua tratada y que en sus etiquetas detalla el origen de la misma.<\/p>\n\n\n\n<p>\u201cGeneraron una red comercial que llega a Neuqu\u00e9n, no es algo accidental\u201d, afirm\u00f3 Marinelli. Precisamente, una comitiva de Irrigaci\u00f3n adquiri\u00f3 bidones en<strong>\u00a0La Pampa\u00a0<\/strong>y prob\u00f3 su comercializaci\u00f3n. Tras esta acci\u00f3n, se avanz\u00f3 con una denuncia ante la Corte Suprema de Justicia.<\/p>\n\n\n\n<p>El superintendente de Irrigaci\u00f3n sostuvo que \u201cestamos en presencia de&nbsp;<strong>un hecho grave que burla los tratados vigentes<\/strong>\u201d y a\u00f1adi\u00f3: \u201ceste es el primer paso, ya que ahora piden que el agua tambi\u00e9n llegue al r\u00edo Desaguadero desde todos los r\u00edos de Mendoza. El objetivo pampeano no tiene que ver con el agua, es meramente pol\u00edtico\u201d.<\/p>\n\n\n\n<p><strong>Tras la reuni\u00f3n en el Municipio, F\u00e9lix y Marinelli acordaron una visita a Punta del Agua&nbsp;<\/strong>para empadronar vecinos y sumarlos como usuarios del acueducto.<\/p>\n\n\n\n<p>Del encuentro en el Municipio participaron legisladores del cuarto distrito y concejales de todos los bloques.<\/p>\n\n\n\n<p>FUENTE: Diariouno.com.ar<\/p>\n","protected":false},"excerpt":{"rendered":"<p>El\u00a0intendente justicialista\u00a0manifest\u00f3 que se reuni\u00f3 con el superintendente general de Irrigaci\u00f3n para acompa\u00f1ar la demanda que se realiz\u00f3 en la Corte Suprema de Justicia. El intendente sanrafaelino,\u00a0Omar F\u00e9lix (PJ), se reuni\u00f3 con el titular de Irrigaci\u00f3n,\u00a0Sergio Marinelli, y el secretario de Gobierno de General Alvear, Fabio G\u00f3mez Parra, quienes analizaron lo sucedido con el recurso [&hellip;]<\/p>\n","protected":false},"author":2,"featured_media":8269,"comment_status":"open","ping_status":"open","sticky":true,"template":"","format":"standard","meta":[],"categories":[47],"tags":[],"_links":{"self":[{"href":"https:\/\/pasaenmendoza.com\/index.php?rest_route=\/wp\/v2\/posts\/8268"}],"collection":[{"href":"https:\/\/pasaenmendoza.com\/index.php?rest_route=\/wp\/v2\/posts"}],"about":[{"href":"https:\/\/pasaenmendoza.com\/index.php?rest_route=\/wp\/v2\/types\/post"}],"author":[{"embeddable":true,"href":"https:\/\/pasaenmendoza.com\/index.php?rest_route=\/wp\/v2\/users\/2"}],"replies":[{"embeddable":true,"href":"https:\/\/pasaenmendoza.com\/index.php?rest_route=%2Fwp%2Fv2%2Fcomments&post=8268"}],"version-history":[{"count":1,"href":"https:\/\/pasaenmendoza.com\/index.php?rest_route=\/wp\/v2\/posts\/8268\/revisions"}],"predecessor-version":[{"id":8270,"href":"https:\/\/pasaenmendoza.com\/index.php?rest_route=\/wp\/v2\/posts\/8268\/revisions\/8270"}],"wp:featuredmedia":[{"embeddable":true,"href":"https:\/\/pasaenmendoza.com\/index.php?rest_route=\/wp\/v2\/media\/8269"}],"wp:attachment":[{"href":"https:\/\/pasaenmendoza.com\/index.php?rest_route=%2Fwp%2Fv2%2Fmedia&parent=8268"}],"wp:term":[{"taxonomy":"category","embeddable":true,"href":"https:\/\/pasaenmendoza.com\/index.php?rest_route=%2Fwp%2Fv2%2Fcategories&post=8268"},{"taxonomy":"post_tag","embeddable":true,"href":"https:\/\/pasaenmendoza.com\/index.php?rest_route=%2Fwp%2Fv2%2Ftags&post=8268"}],"curies":[{"name":"wp","href":"https:\/\/api.w.org\/{rel}","templated":true}]}}