{"id":8274,"date":"2024-06-14T16:08:19","date_gmt":"2024-06-14T14:08:19","guid":{"rendered":"https:\/\/pasaenmendoza.com\/?p=8274"},"modified":"2024-06-14T16:08:21","modified_gmt":"2024-06-14T14:08:21","slug":"el-acuerdo-entre-alfredo-cornejo-y-guillermo-francos-disparo-las-quejas-de-intendentes-del-pj","status":"publish","type":"post","link":"https:\/\/pasaenmendoza.com\/?p=8274","title":{"rendered":"El acuerdo entre Alfredo Cornejo y Guillermo Francos dispar\u00f3 las quejas de intendentes del PJ"},"content":{"rendered":"\n<p>El convenio entre la Naci\u00f3n y la Provincia permiti\u00f3 destrabar una serie de obras p\u00fablicas. En las comunas gobernadas por el PJ hay malestar por los \u201colvidos\u201d.<\/p>\n\n\n\n<p>El pasado viernes, el gobernador&nbsp;<strong>Alfredo Cornejo<\/strong><em>&nbsp;<\/em>se reuni\u00f3 con el&nbsp;<strong>Jefe de Gabinete Guillermo Francos<\/strong>&nbsp;con el objetivo de destrabar una serie de&nbsp;<strong>obras p\u00fablicas<\/strong>&nbsp;que se estaban realizando con&nbsp;<strong>fondos nacionales.&nbsp;<\/strong>Si bien la Naci\u00f3n acept\u00f3 continuar algunos de estos trabajos, que tienen importantes avances aunque est\u00e1n paralizados desde hace meses, en algunos departamentos mendocinos hubo malestar por los \u201colvidos\u201d.<\/p>\n\n\n\n<p>En varios municipios, principalmente los conducidos por el peronismo, expresaron sus quejas porque consideran que sus departamentos fueron \u201cdiscriminados\u201d al momento de la firma del acuerdo entre Cornejo y Francos, independientemente de su avance en la ejecuci\u00f3n y del impacto en la poblaci\u00f3n.<\/p>\n\n\n\n<p>Entre ellas, se destacan los trabajos que el&nbsp;<strong>Ente Nacional De Obras H\u00eddricas De Saneamiento (Enohsa) en Maip\u00fa,&nbsp;<\/strong>el&nbsp;<strong>gasoducto&nbsp;<\/strong>en&nbsp;<strong>San Rafael,<\/strong>&nbsp;la construcci\u00f3n de un&nbsp;<strong>Polo Educativo<\/strong>&nbsp;en&nbsp;<strong>Santa Rosa<\/strong>&nbsp;y de viviendas en&nbsp;<strong>Tunuy\u00e1n&nbsp;<\/strong>y&nbsp;<strong>Lavalle<\/strong>.<\/p>\n\n\n\n<p>El ministro de Gobierno, Infraestructura y Desarrollo Territorial, Natalio Mema, explic\u00f3 que en lo que respecta a obras que tiene que ver con rutas nacionales, fue una decisi\u00f3n de la Naci\u00f3n continuar estos trabajos, ya que son exclusivamente de su competencia.<\/p>\n\n\n\n<p>En tanto que se\u00f1alaron que si los departamentos hicieron acuerdos para realizar obras de competencia municipal, (como viviendas, jardines maternales), con recursos nacionales, son los intendentes quienes deben destrabar estos fondos.<\/p>\n\n\n\n<p>En lo que respecta a obras vinculadas con agua y saneamiento, Mema se\u00f1al\u00f3 que si bien fueron licitadas por Agua y Saneamiento Mendoza (Aysam) mediante acuerdos con el Enohsa, estas se decidieron continuar porque Mendoza realizaba una parte de los trabajos.<\/p>\n\n\n\n<p>FUENTE: Elsol.com.ar <\/p>\n","protected":false},"excerpt":{"rendered":"<p>El convenio entre la Naci\u00f3n y la Provincia permiti\u00f3 destrabar una serie de obras p\u00fablicas. En las comunas gobernadas por el PJ hay malestar por los \u201colvidos\u201d. El pasado viernes, el gobernador&nbsp;Alfredo Cornejo&nbsp;se reuni\u00f3 con el&nbsp;Jefe de Gabinete Guillermo Francos&nbsp;con el objetivo de destrabar una serie de&nbsp;obras p\u00fablicas&nbsp;que se estaban realizando con&nbsp;fondos nacionales.&nbsp;Si bien la [&hellip;]<\/p>\n","protected":false},"author":2,"featured_media":8275,"comment_status":"open","ping_status":"open","sticky":true,"template":"","format":"standard","meta":[],"categories":[47],"tags":[],"_links":{"self":[{"href":"https:\/\/pasaenmendoza.com\/index.php?rest_route=\/wp\/v2\/posts\/8274"}],"collection":[{"href":"https:\/\/pasaenmendoza.com\/index.php?rest_route=\/wp\/v2\/posts"}],"about":[{"href":"https:\/\/pasaenmendoza.com\/index.php?rest_route=\/wp\/v2\/types\/post"}],"author":[{"embeddable":true,"href":"https:\/\/pasaenmendoza.com\/index.php?rest_route=\/wp\/v2\/users\/2"}],"replies":[{"embeddable":true,"href":"https:\/\/pasaenmendoza.com\/index.php?rest_route=%2Fwp%2Fv2%2Fcomments&post=8274"}],"version-history":[{"count":1,"href":"https:\/\/pasaenmendoza.com\/index.php?rest_route=\/wp\/v2\/posts\/8274\/revisions"}],"predecessor-version":[{"id":8276,"href":"https:\/\/pasaenmendoza.com\/index.php?rest_route=\/wp\/v2\/posts\/8274\/revisions\/8276"}],"wp:featuredmedia":[{"embeddable":true,"href":"https:\/\/pasaenmendoza.com\/index.php?rest_route=\/wp\/v2\/media\/8275"}],"wp:attachment":[{"href":"https:\/\/pasaenmendoza.com\/index.php?rest_route=%2Fwp%2Fv2%2Fmedia&parent=8274"}],"wp:term":[{"taxonomy":"category","embeddable":true,"href":"https:\/\/pasaenmendoza.com\/index.php?rest_route=%2Fwp%2Fv2%2Fcategories&post=8274"},{"taxonomy":"post_tag","embeddable":true,"href":"https:\/\/pasaenmendoza.com\/index.php?rest_route=%2Fwp%2Fv2%2Ftags&post=8274"}],"curies":[{"name":"wp","href":"https:\/\/api.w.org\/{rel}","templated":true}]}}