{"id":8277,"date":"2024-06-14T16:12:32","date_gmt":"2024-06-14T14:12:32","guid":{"rendered":"https:\/\/pasaenmendoza.com\/?p=8277"},"modified":"2024-06-14T16:12:34","modified_gmt":"2024-06-14T14:12:34","slug":"dieron-de-baja-a-casi-200-cooperativas-de-vivienda-y-trabajo-mendocinas","status":"publish","type":"post","link":"https:\/\/pasaenmendoza.com\/?p=8277","title":{"rendered":"Dieron de baja a casi 200 cooperativas de vivienda y trabajo mendocinas"},"content":{"rendered":"\n<p>El\u00a0<strong>Instituto Nacional de Asociativismo y Econom\u00eda Social (INAES)<\/strong>\u00a0emiti\u00f3 dos Resoluciones: la\u00a01364\/2024, y la\u00a01365\/2024\u00a0en la cual\u00a0<strong>se retira la autorizaci\u00f3n para funcionar a varias cooperativas y asociaciones mutuales<\/strong>\u00a0que no cumplieron con la actualizaci\u00f3n de datos ni presentaron la documentaci\u00f3n requerida.<\/p>\n\n\n\n<p>Se trata de m\u00e1s de 8500 cooperativas de todo el pa\u00eds, de las cuales, casi&nbsp;<strong>200 son de Mendoza<\/strong>, y m\u00e1s de 660 mutuales,&nbsp;<strong>siendo mendocinas una docena de estas entidades.&nbsp;<\/strong><\/p>\n\n\n\n<p>El proceso comenz\u00f3 con la instrucci\u00f3n de sumarios a diversas cooperativas por no cumplir con la actualizaci\u00f3n de datos en el per\u00edodo\u00a0<strong>desde el 1\u00ba de febrero de 2017 hasta el 29 de febrero de 2024<\/strong>. A trav\u00e9s de una resoluci\u00f3n, el gobierno orden\u00f3 un re empadronamiento de las mismas, pero<strong>\u00a0la mayor\u00eda de las entidades no respondieron<\/strong>\u00a0ni demostraron voluntad de regularizar su situaci\u00f3n, por lo que se orden\u00f3 la suspensi\u00f3n de las mismas.\u00a0<\/p>\n\n\n\n<p>En este marco, el\u00a0<strong>INAES resolvi\u00f3 que m\u00e1s de 8 mil cooperativas dejen de funcionar.<\/strong>\u00a0De ellas, 174 son de Mendoza.<\/p>\n\n\n\n<p>Tambi\u00e9n mutuales<\/p>\n\n\n\n<p>En el mismo sentido, el INAES hizo lo mismo con las<strong>&nbsp;asociaciones mutuales<\/strong>, y m\u00e1s de 660 no presentaron sus papeles para regularizar su situaci\u00f3n.&nbsp;<\/p>\n\n\n\n<p><strong>Estas son las mutuales que no tienen autorizaci\u00f3n para seguir funcionando:&nbsp;<\/strong><\/p>\n\n\n\n<p>CENTRO M. DE JUBILADOS Y PENSIONISTAS CIVILES NACIONALES&nbsp;<\/p>\n\n\n\n<p>A. M. ISIDORO S. BUSQUETS M. DEL PERSONAL DE EMPRESAS KOLTON<\/p>\n\n\n\n<p>A. M. MEDRANO&nbsp;<\/p>\n\n\n\n<p>A. M. EMPLEADOS BANCO REGIONAL DE CUYO&nbsp;<\/p>\n\n\n\n<p>M. DE OBREROS Y EMPLEADOS DE LA ALIMENTACION&nbsp;<\/p>\n\n\n\n<p>M. STEIN MENDOZA&nbsp;<\/p>\n\n\n\n<p>A. M. DEL PERSONAL DE LA FABRICA DE TEJIDOS DE PUNTO DE EUSTAQUIO GONZALEZ GALI\u00d1O&nbsp;<\/p>\n\n\n\n<p>A. M. SOCIAL NATURISTA&nbsp;<\/p>\n\n\n\n<p>A. M. DE LOS AGENTES MUNICIPALES DE GODOY CRUZ&nbsp;<\/p>\n\n\n\n<p>M. DEL PERSONAL DE INDUSTRIAS QUIMICAS Y PETROQUIMICAS DE MENDOZA\u00a0<\/p>\n\n\n\n<p>FUENTE: Mendozapost.<\/p>\n","protected":false},"excerpt":{"rendered":"<p>El\u00a0Instituto Nacional de Asociativismo y Econom\u00eda Social (INAES)\u00a0emiti\u00f3 dos Resoluciones: la\u00a01364\/2024, y la\u00a01365\/2024\u00a0en la cual\u00a0se retira la autorizaci\u00f3n para funcionar a varias cooperativas y asociaciones mutuales\u00a0que no cumplieron con la actualizaci\u00f3n de datos ni presentaron la documentaci\u00f3n requerida. Se trata de m\u00e1s de 8500 cooperativas de todo el pa\u00eds, de las cuales, casi&nbsp;200 son de [&hellip;]<\/p>\n","protected":false},"author":2,"featured_media":8278,"comment_status":"open","ping_status":"open","sticky":true,"template":"","format":"standard","meta":[],"categories":[47],"tags":[],"_links":{"self":[{"href":"https:\/\/pasaenmendoza.com\/index.php?rest_route=\/wp\/v2\/posts\/8277"}],"collection":[{"href":"https:\/\/pasaenmendoza.com\/index.php?rest_route=\/wp\/v2\/posts"}],"about":[{"href":"https:\/\/pasaenmendoza.com\/index.php?rest_route=\/wp\/v2\/types\/post"}],"author":[{"embeddable":true,"href":"https:\/\/pasaenmendoza.com\/index.php?rest_route=\/wp\/v2\/users\/2"}],"replies":[{"embeddable":true,"href":"https:\/\/pasaenmendoza.com\/index.php?rest_route=%2Fwp%2Fv2%2Fcomments&post=8277"}],"version-history":[{"count":1,"href":"https:\/\/pasaenmendoza.com\/index.php?rest_route=\/wp\/v2\/posts\/8277\/revisions"}],"predecessor-version":[{"id":8279,"href":"https:\/\/pasaenmendoza.com\/index.php?rest_route=\/wp\/v2\/posts\/8277\/revisions\/8279"}],"wp:featuredmedia":[{"embeddable":true,"href":"https:\/\/pasaenmendoza.com\/index.php?rest_route=\/wp\/v2\/media\/8278"}],"wp:attachment":[{"href":"https:\/\/pasaenmendoza.com\/index.php?rest_route=%2Fwp%2Fv2%2Fmedia&parent=8277"}],"wp:term":[{"taxonomy":"category","embeddable":true,"href":"https:\/\/pasaenmendoza.com\/index.php?rest_route=%2Fwp%2Fv2%2Fcategories&post=8277"},{"taxonomy":"post_tag","embeddable":true,"href":"https:\/\/pasaenmendoza.com\/index.php?rest_route=%2Fwp%2Fv2%2Ftags&post=8277"}],"curies":[{"name":"wp","href":"https:\/\/api.w.org\/{rel}","templated":true}]}}