{"id":8284,"date":"2024-06-15T00:09:08","date_gmt":"2024-06-14T22:09:08","guid":{"rendered":"https:\/\/pasaenmendoza.com\/?p=8284"},"modified":"2024-06-15T00:09:09","modified_gmt":"2024-06-14T22:09:09","slug":"llego-la-nieve-a-mendoza-donde-se-podra-disfrutar-del-fenomeno","status":"publish","type":"post","link":"https:\/\/pasaenmendoza.com\/?p=8284","title":{"rendered":"Lleg\u00f3 la nieve a Mendoza: \u00bfD\u00f3nde se podr\u00e1 disfrutar del fen\u00f3meno?"},"content":{"rendered":"\n<p>El\u00a0<strong>Servicio Meteorol\u00f3gico Nacional (SMN)<\/strong>\u00a0hab\u00eda anticipado\u00a0la ocurrencia de\u00a0<strong>nevadas<\/strong>\u00a0en diferentes puntos de Mendoza\u00a0a trav\u00e9s de su Sistema de Alerta Temprana. El fen\u00f3meno meteorol\u00f3gico dej\u00f3\u00a0varias zonas de la provincia cubiertas de blanco y a\u00fan se registran precipitaciones en algunas localidades.<\/p>\n\n\n\n<p>Este fin de semana, mendocinos y turistas podr\u00e1n disfrutar de la nieve acumulada en algunos puntos\u00a0cercanos a la Ciudad de Mendoza y alta monta\u00f1a. El\u00a0centro de esqu\u00ed Penitentes que fue uno de los principales atractivos de la provincia durante a\u00f1os,\u00a0ser\u00e1 reactivado en las pr\u00f3ximas semanas y hoy se encuentra cubierto de un manto blanco.<\/p>\n\n\n\n<p>Otra opci\u00f3n a dos horas de la capital mendocina es el centro de esqu\u00ed&nbsp;Los Puquios,&nbsp;ubicado en la Ruta Nacional 7, km 1217, en&nbsp;Puente del Inca.<\/p>\n\n\n\n<p>Vallecitos es otro de los lugares que pueden visitar los amantes de la nieve ya que es\u00a0el centro de recreaci\u00f3n\u00a0m\u00e1s antiguo y m\u00e1s cercano a la ciudad de Mendoza, a s\u00f3lo 79 km de distancia.<\/p>\n\n\n\n<p>En el Valle de Uco se registran algunas zonas con acumulaci\u00f3n de nieve pasando el Manzano Hist\u00f3rico al igual que en el Paso Pehuenche.\u00a0<\/p>\n\n\n\n<p><strong>Fuente: www.mdzol.com<\/strong><\/p>\n","protected":false},"excerpt":{"rendered":"<p>El\u00a0Servicio Meteorol\u00f3gico Nacional (SMN)\u00a0hab\u00eda anticipado\u00a0la ocurrencia de\u00a0nevadas\u00a0en diferentes puntos de Mendoza\u00a0a trav\u00e9s de su Sistema de Alerta Temprana. El fen\u00f3meno meteorol\u00f3gico dej\u00f3\u00a0varias zonas de la provincia cubiertas de blanco y a\u00fan se registran precipitaciones en algunas localidades. Este fin de semana, mendocinos y turistas podr\u00e1n disfrutar de la nieve acumulada en algunos puntos\u00a0cercanos a la [&hellip;]<\/p>\n","protected":false},"author":2,"featured_media":8285,"comment_status":"open","ping_status":"open","sticky":false,"template":"","format":"standard","meta":[],"categories":[50],"tags":[],"_links":{"self":[{"href":"https:\/\/pasaenmendoza.com\/index.php?rest_route=\/wp\/v2\/posts\/8284"}],"collection":[{"href":"https:\/\/pasaenmendoza.com\/index.php?rest_route=\/wp\/v2\/posts"}],"about":[{"href":"https:\/\/pasaenmendoza.com\/index.php?rest_route=\/wp\/v2\/types\/post"}],"author":[{"embeddable":true,"href":"https:\/\/pasaenmendoza.com\/index.php?rest_route=\/wp\/v2\/users\/2"}],"replies":[{"embeddable":true,"href":"https:\/\/pasaenmendoza.com\/index.php?rest_route=%2Fwp%2Fv2%2Fcomments&post=8284"}],"version-history":[{"count":1,"href":"https:\/\/pasaenmendoza.com\/index.php?rest_route=\/wp\/v2\/posts\/8284\/revisions"}],"predecessor-version":[{"id":8286,"href":"https:\/\/pasaenmendoza.com\/index.php?rest_route=\/wp\/v2\/posts\/8284\/revisions\/8286"}],"wp:featuredmedia":[{"embeddable":true,"href":"https:\/\/pasaenmendoza.com\/index.php?rest_route=\/wp\/v2\/media\/8285"}],"wp:attachment":[{"href":"https:\/\/pasaenmendoza.com\/index.php?rest_route=%2Fwp%2Fv2%2Fmedia&parent=8284"}],"wp:term":[{"taxonomy":"category","embeddable":true,"href":"https:\/\/pasaenmendoza.com\/index.php?rest_route=%2Fwp%2Fv2%2Fcategories&post=8284"},{"taxonomy":"post_tag","embeddable":true,"href":"https:\/\/pasaenmendoza.com\/index.php?rest_route=%2Fwp%2Fv2%2Ftags&post=8284"}],"curies":[{"name":"wp","href":"https:\/\/api.w.org\/{rel}","templated":true}]}}