{"id":829,"date":"2023-08-22T14:19:02","date_gmt":"2023-08-22T12:19:02","guid":{"rendered":"https:\/\/pasaenmendoza.com\/?p=829"},"modified":"2023-08-22T14:19:03","modified_gmt":"2023-08-22T12:19:03","slug":"los-danos-del-zonda-guaymallen-fue-el-mas-afectado-en-el-gran-mendoza","status":"publish","type":"post","link":"https:\/\/pasaenmendoza.com\/?p=829","title":{"rendered":"Los da\u00f1os del Zonda: Guaymall\u00e9n fue el m\u00e1s afectado en el Gran Mendoza"},"content":{"rendered":"\n<p>Mientras permanecen las condiciones meteorol\u00f3gicas que marcaron este lunes y el Servicio Meteorol\u00f3gico Nacional ratific\u00f3 sus alertas para la provincia, el&nbsp;<strong>viento Zonda<\/strong>&nbsp;dej\u00f3 varios destrozos en la provincia, entre&nbsp;<mark>incendios, \u00e1rboles y postes derribados por la acci\u00f3n de las r\u00e1fagas y voladuras de techos<\/mark>.<\/p>\n\n\n\n<p>En n\u00fameros globales, seg\u00fan el \u00faltimo parte de la\u00a0<strong>Direcci\u00f3n de Defensa Civil<\/strong>\u00a0publicado sobre el anochecer del lunes,\u00a0<mark>el viento ocasion\u00f3 tres incendios y unos 44 \u00e1rboles\/ramas que se cayeron por su accionar<\/mark>.<\/p>\n\n\n\n<p>Tambi\u00e9n\u00a0<mark>tir\u00f3 abajo unos 27 postes<\/mark>, en tanto que ocasion\u00f3 problemas en algunas viviendas, puesto que se registraron<mark>\u00a011 voladuras de techos<\/mark>\u00a0en distintos departamentos de la provincia.<\/p>\n\n\n\n<p>En total, el organismo provincial indic\u00f3&nbsp;<mark>su participaci\u00f3n en 156 intervenciones<\/mark>&nbsp;en distintos puntos de Mendoza.<\/p>\n\n\n\n<p>En el Gran Mendoza, los principales da\u00f1os se registraron en&nbsp;<strong>Godoy Cruz<\/strong>,&nbsp;<strong>Las Heras<\/strong>&nbsp;y&nbsp;<strong>Guaymall\u00e9n<\/strong>.<\/p>\n\n\n\n<p>En el primer departamento, m\u00e1s que nada hubo 9 \u00e1rboles\/ramas que se cayeron y dos casas donde el techo se desprendi\u00f3.<\/p>\n\n\n\n<p>En Las Heras, las r\u00e1fagas arremetieron contra \u00e1rboles (11) y postes (6).<\/p>\n\n\n\n<p>Pero<mark>\u00a0indudablemente fue en Guaymall\u00e9n donde m\u00e1s destrozos hubo<\/mark>. All\u00ed se registraron 31 intervenciones, entre 8 voladuras de techos, 13 \u00e1rboles derribados y 10 postes que terminaron en el suelo.<\/p>\n\n\n\n<p>En&nbsp;<strong>San Rafael<\/strong>, en tanto, ocurrieron dos incendios que oblig\u00f3 a los bomberos a actuar con prontitud.<\/p>\n\n\n\n<p>Pero no todo fue viento.&nbsp;<mark>Tambi\u00e9n hubo lluvia, m\u00e1s que nada en Malarg\u00fce<\/mark>&nbsp;donde Defensa Civil tuvo que actuar. En total,&nbsp;<mark>hubo 70 asistencias por filtraciones en las viviendas<\/mark>.<\/p>\n\n\n\n<h2 class=\"wp-block-heading\" id=\"h-alerta-roja\">Alerta roja<\/h2>\n\n\n\n<p>En tanto, el&nbsp;<strong>Servicio Meteorol\u00f3gico Nacional<\/strong>&nbsp;(SMN) mantuvo sus alertas por vientos y viento Zonda y nevadas para distintas partes de la provincia.<\/p>\n\n\n\n<p>El\u00a0<strong>alerta roja<\/strong>\u00a0\u2013 m\u00e1xima prevista \u2013\u00a0<mark>rige para las zonas precordilleranas de Mendoza<\/mark>, que se ver\u00e1n afectadas por nevadas intensas y persistentes, seg\u00fan el reporte actualizado del SMN.<\/p>\n\n\n\n<p>Se esperan valores totales de nieve acumulada en todo el per\u00edodo de pron\u00f3stico entre 180 y 250 cm de altura, pudiendo ser superados localmente, precisaron desde el SMN.<\/p>\n\n\n\n<p>\u201c<em>El fen\u00f3meno tambi\u00e9n estar\u00e1 acompa\u00f1ado por vientos intensos del sector oeste, por lo que puede generarse reducci\u00f3n de visibilidad por la nieve en suspensi\u00f3n<\/em>\u201c, a\u00f1adi\u00f3 el organismo.<\/p>\n\n\n\n<p>Tambi\u00e9n rige un&nbsp;<strong>alerta naranja<\/strong>&nbsp;<mark>en parte del noroeste de Mendoza<\/mark>. La zona ser\u00e1 afectada por viento Zonda, con intensidades entre 50 y 60 km\/h, con r\u00e1fagas que pueden alcanzar los 100 km\/h.<\/p>\n\n\n\n<p>\u201c<em>Este fen\u00f3meno puede provocar reducci\u00f3n significativa de la visibilidad, un repentino aumento de temperaturas y condiciones de baja humedad relativa<\/em>\u201c, advirtieron.<\/p>\n\n\n\n<p><strong>Fuente: www.elsol.com.ar<\/strong><\/p>\n","protected":false},"excerpt":{"rendered":"<p>Mientras permanecen las condiciones meteorol\u00f3gicas que marcaron este lunes y el Servicio Meteorol\u00f3gico Nacional ratific\u00f3 sus alertas para la provincia, el&nbsp;viento Zonda&nbsp;dej\u00f3 varios destrozos en la provincia, entre&nbsp;incendios, \u00e1rboles y postes derribados por la acci\u00f3n de las r\u00e1fagas y voladuras de techos. En n\u00fameros globales, seg\u00fan el \u00faltimo parte de la\u00a0Direcci\u00f3n de Defensa Civil\u00a0publicado sobre [&hellip;]<\/p>\n","protected":false},"author":2,"featured_media":831,"comment_status":"open","ping_status":"open","sticky":false,"template":"","format":"standard","meta":[],"categories":[50],"tags":[],"_links":{"self":[{"href":"https:\/\/pasaenmendoza.com\/index.php?rest_route=\/wp\/v2\/posts\/829"}],"collection":[{"href":"https:\/\/pasaenmendoza.com\/index.php?rest_route=\/wp\/v2\/posts"}],"about":[{"href":"https:\/\/pasaenmendoza.com\/index.php?rest_route=\/wp\/v2\/types\/post"}],"author":[{"embeddable":true,"href":"https:\/\/pasaenmendoza.com\/index.php?rest_route=\/wp\/v2\/users\/2"}],"replies":[{"embeddable":true,"href":"https:\/\/pasaenmendoza.com\/index.php?rest_route=%2Fwp%2Fv2%2Fcomments&post=829"}],"version-history":[{"count":1,"href":"https:\/\/pasaenmendoza.com\/index.php?rest_route=\/wp\/v2\/posts\/829\/revisions"}],"predecessor-version":[{"id":830,"href":"https:\/\/pasaenmendoza.com\/index.php?rest_route=\/wp\/v2\/posts\/829\/revisions\/830"}],"wp:featuredmedia":[{"embeddable":true,"href":"https:\/\/pasaenmendoza.com\/index.php?rest_route=\/wp\/v2\/media\/831"}],"wp:attachment":[{"href":"https:\/\/pasaenmendoza.com\/index.php?rest_route=%2Fwp%2Fv2%2Fmedia&parent=829"}],"wp:term":[{"taxonomy":"category","embeddable":true,"href":"https:\/\/pasaenmendoza.com\/index.php?rest_route=%2Fwp%2Fv2%2Fcategories&post=829"},{"taxonomy":"post_tag","embeddable":true,"href":"https:\/\/pasaenmendoza.com\/index.php?rest_route=%2Fwp%2Fv2%2Ftags&post=829"}],"curies":[{"name":"wp","href":"https:\/\/api.w.org\/{rel}","templated":true}]}}