{"id":8291,"date":"2024-06-15T00:19:59","date_gmt":"2024-06-14T22:19:59","guid":{"rendered":"https:\/\/pasaenmendoza.com\/?p=8291"},"modified":"2024-06-15T00:20:01","modified_gmt":"2024-06-14T22:20:01","slug":"la-ministra-rus-advirtio-que-el-93-de-los-ingresos-a-la-carcel-son-de-conductores-borrachos","status":"publish","type":"post","link":"https:\/\/pasaenmendoza.com\/?p=8291","title":{"rendered":"La ministra Rus advirti\u00f3 que el 93% de los ingresos a la c\u00e1rcel son de conductores borrachos"},"content":{"rendered":"\n<p>En el Centro Cultural Julio Le Parc se realiz\u00f3 la II Jornada Interdisciplinaria de Seguridad Vial. El acto de apertura cont\u00f3 con la participaci\u00f3n de la\u00a0<strong>ministra de Seguridad y Justicia,\u00a0Mercedes Rus<\/strong><a rel=\"noreferrer noopener\" href=\"https:\/\/www.diariouno.com.ar\/politica\/mercedes-rus-defendio-el-paquete-leyes-que-busca-agilizar-los-temas-vinculados-la-seguridad-n1318499\" target=\"_blank\">\u00a0<\/a>quien dio datos sobre la<strong>\u00a0incidencia del alcohol al volante,<\/strong>\u00a0subrayando que &#8220;el 93% de los ingresos a alcaid\u00edas es por la infracci\u00f3n del art\u00edculo 67bis, es decir, es\u00a0<strong>por la conducta de alcoholemia de m\u00e1s de un gramo al volante<\/strong>&#8220;.<\/p>\n\n\n\n<p>Rus enfatiz\u00f3 la necesidad de abordar estos temas en un contexto complejo y subray\u00f3 la importancia de la corresponsabilidad social. Hizo hincapi\u00e9 en la alarmante situaci\u00f3n de seguridad vial y la necesidad de aumentar los controles.<\/p>\n\n\n\n<p>Desde la cartera de Seguridad, explic\u00f3 que la&nbsp;<strong>Polic\u00eda Vial ha incrementado un 30% los controles en general y un 100% en lo que respecta a la alcoholemia,<\/strong>&nbsp;agradeciendo las gestiones de Orlando Corval\u00e1n desde la Agencia Nacional de Seguridad Vial para posibilitar este aumento en los controles, especialmente con el uso de alcohol\u00edmetros.<\/p>\n\n\n\n<p>En cuanto a las estad\u00edsticas, la funcionaria sostuvo que<strong>\u00a0\u201cel 93% de los ingresos a alcaid\u00edas en la provincia de Mendoza es por la infracci\u00f3n del art\u00edculo 67bis, es decir, es por la conducta de alcoholemia\u00a0<\/strong>de m\u00e1s de un gramo al volante, para que tengan una idea de c\u00f3mo nos manejamos en la v\u00eda p\u00fablica. Esa es la falta de compromiso, los n\u00fameros nos los cuentan\u201d.<\/p>\n\n\n\n<p>Rus record\u00f3 casos espec\u00edficos, como el del principal Alarc\u00f3n, \u201cquien perdi\u00f3 su vida luego de que un conductor con cinco veces m\u00e1s de alcohol que el l\u00edmite permitido le arrebatara su vida, tanto a \u00e9l como a un agente municipal que estaba cumpliendo funciones en la Vial.&nbsp;<strong>Es ciencia ficci\u00f3n creer o pensar que una persona que se sube a un veh\u00edculo con cinco veces m\u00e1s de alcohol que el l\u00edmite permitido no pens\u00f3 como posible el resultado que obtuvo<\/strong>, que fueron dos muertes de dos j\u00f3venes, uno de 23 a\u00f1os y otro de 37 a\u00f1os, con familias y una carrera por delante\u201d.<\/p>\n\n\n\n<p>Respecto a los \u00f3rganos jurisdiccionales, la ministra resalt\u00f3 que \u201cno hay que sacrificar el intelecto a favor de dogmas que no est\u00e1n dispuestos a debatir ni cuestionar. El derecho tiene que estar al servicio de la justicia y la justicia tiene que estar al servicio de la sociedad y de la justicia que la sociedad tambi\u00e9n reclama y quiere\u201d.<\/p>\n\n\n\n<p>Para finalizar, Rus asegur\u00f3 que su concepto de justicia \u201ces que una persona que se sube a un auto con<strong>\u00a02,68% de alcohol claramente tiene un dolo homicida de alguna forma<\/strong>. Y si no, no entendemos para qu\u00e9 existe la figura del\u00a0<strong>dolo eventual<\/strong>. Si no cabe en estos casos, \u00bfd\u00f3nde cabe?. Esa es mi visi\u00f3n, pero tambi\u00e9n la de la titular de un \u00f3rgano pol\u00edtico que involucra esta materia y que adem\u00e1s involucra el dolor que atraves\u00f3 la fuerza respecto del fallecimiento de un compa\u00f1ero\u201d.<\/p>\n\n\n\n<p><strong>Fuente: www.diariouno.com.ar<\/strong><\/p>\n","protected":false},"excerpt":{"rendered":"<p>En el Centro Cultural Julio Le Parc se realiz\u00f3 la II Jornada Interdisciplinaria de Seguridad Vial. El acto de apertura cont\u00f3 con la participaci\u00f3n de la\u00a0ministra de Seguridad y Justicia,\u00a0Mercedes Rus\u00a0quien dio datos sobre la\u00a0incidencia del alcohol al volante,\u00a0subrayando que &#8220;el 93% de los ingresos a alcaid\u00edas es por la infracci\u00f3n del art\u00edculo 67bis, es [&hellip;]<\/p>\n","protected":false},"author":2,"featured_media":8292,"comment_status":"open","ping_status":"open","sticky":false,"template":"","format":"standard","meta":[],"categories":[50],"tags":[],"_links":{"self":[{"href":"https:\/\/pasaenmendoza.com\/index.php?rest_route=\/wp\/v2\/posts\/8291"}],"collection":[{"href":"https:\/\/pasaenmendoza.com\/index.php?rest_route=\/wp\/v2\/posts"}],"about":[{"href":"https:\/\/pasaenmendoza.com\/index.php?rest_route=\/wp\/v2\/types\/post"}],"author":[{"embeddable":true,"href":"https:\/\/pasaenmendoza.com\/index.php?rest_route=\/wp\/v2\/users\/2"}],"replies":[{"embeddable":true,"href":"https:\/\/pasaenmendoza.com\/index.php?rest_route=%2Fwp%2Fv2%2Fcomments&post=8291"}],"version-history":[{"count":1,"href":"https:\/\/pasaenmendoza.com\/index.php?rest_route=\/wp\/v2\/posts\/8291\/revisions"}],"predecessor-version":[{"id":8293,"href":"https:\/\/pasaenmendoza.com\/index.php?rest_route=\/wp\/v2\/posts\/8291\/revisions\/8293"}],"wp:featuredmedia":[{"embeddable":true,"href":"https:\/\/pasaenmendoza.com\/index.php?rest_route=\/wp\/v2\/media\/8292"}],"wp:attachment":[{"href":"https:\/\/pasaenmendoza.com\/index.php?rest_route=%2Fwp%2Fv2%2Fmedia&parent=8291"}],"wp:term":[{"taxonomy":"category","embeddable":true,"href":"https:\/\/pasaenmendoza.com\/index.php?rest_route=%2Fwp%2Fv2%2Fcategories&post=8291"},{"taxonomy":"post_tag","embeddable":true,"href":"https:\/\/pasaenmendoza.com\/index.php?rest_route=%2Fwp%2Fv2%2Ftags&post=8291"}],"curies":[{"name":"wp","href":"https:\/\/api.w.org\/{rel}","templated":true}]}}