{"id":8294,"date":"2024-06-15T00:24:14","date_gmt":"2024-06-14T22:24:14","guid":{"rendered":"https:\/\/pasaenmendoza.com\/?p=8294"},"modified":"2024-06-15T00:24:15","modified_gmt":"2024-06-14T22:24:15","slug":"penitentes-rescataron-a-un-andinista-que-se-habia-perdido-y-evacuaron-a-todas-las-personas-del-lugar","status":"publish","type":"post","link":"https:\/\/pasaenmendoza.com\/?p=8294","title":{"rendered":"Penitentes: rescataron a un andinista que se hab\u00eda perdido y evacuaron a todas las personas del lugar"},"content":{"rendered":"\n<p>Las fuertes nevadas que azotan la monta\u00f1a mendocina originaron un operativo llevado a cabo entre personal de Gendarmer\u00eda Nacional y de la Unidad Patrulla de Rescate y Auxilio en Monta\u00f1a (Upram), perteneciente a la Polic\u00eda de Mendoza, en\u00a0<strong>Penitentes<\/strong>, donde se llev\u00f3 a cabo el rescate de un andinista desorientado y la\u00a0<strong>evacuaci\u00f3n\u00a0<\/strong>total de las personas que est\u00e1n en el lugar.\u00a0<\/p>\n\n\n\n<p>Desde Gendarmer\u00eda Nacional precisaron que recibieron un llamado telef\u00f3nico alertando sobre un andinista que se encontraba perdido en las inmediaciones de&nbsp;<strong>Penitentes&nbsp;<\/strong>debido a las condiciones clim\u00e1ticas adversas que se viven desde comienzos de la semana.&nbsp;Tras esta situaci\u00f3n, se activ\u00f3 el protocolo de b\u00fasqueda y rescate con grupos especiales, el cual arroj\u00f3 resultados positivos r\u00e1pidamente. El andinista fue hallado sano y salvo.&nbsp;<\/p>\n\n\n\n<p>Tras esta situaci\u00f3n, autoridades tomaron la decisi\u00f3n de evacuar a la totalidad de las personas que se encuentran en el Hotel&nbsp;<strong>Penitentes&nbsp;<\/strong>y sus alrededores. &#8220;Todos en buen estado de salud&#8221;, indicaron fuentes.<\/p>\n\n\n\n<p>&#8220;Al desaparecer una persona, que afortunadamente fue encontrada a la brevedad, la orden es sacar a todos de Penitentes y alrededores para evitar cualquier tipo de mal mayor. El temporal continuar\u00e1 esta noche y se espera que se extienda hasta las primeras horas de la madrugada&#8221;.<\/p>\n\n\n\n<p>El temporal\u00a0en alta monta\u00f1a se ha extendido durante buena parte de la semana y ha provocado, entre otras cosas, el cierre del Paso Internacional Cristo Redentor, adem\u00e1s del corte total de la Ruta Nacional 7, a la cual se puede acceder solamente hasta la YPF nueva ubicada en el kil\u00f3metro 1.151. Este jueves, adem\u00e1s, volc\u00f3 un cami\u00f3n de Gendarmer\u00eda con 11 personas a bordo.\u00a0<\/p>\n\n\n\n<p><strong>Fuente: www.mdzol.com<\/strong><\/p>\n","protected":false},"excerpt":{"rendered":"<p>Las fuertes nevadas que azotan la monta\u00f1a mendocina originaron un operativo llevado a cabo entre personal de Gendarmer\u00eda Nacional y de la Unidad Patrulla de Rescate y Auxilio en Monta\u00f1a (Upram), perteneciente a la Polic\u00eda de Mendoza, en\u00a0Penitentes, donde se llev\u00f3 a cabo el rescate de un andinista desorientado y la\u00a0evacuaci\u00f3n\u00a0total de las personas que [&hellip;]<\/p>\n","protected":false},"author":2,"featured_media":8295,"comment_status":"open","ping_status":"open","sticky":false,"template":"","format":"standard","meta":[],"categories":[50],"tags":[],"_links":{"self":[{"href":"https:\/\/pasaenmendoza.com\/index.php?rest_route=\/wp\/v2\/posts\/8294"}],"collection":[{"href":"https:\/\/pasaenmendoza.com\/index.php?rest_route=\/wp\/v2\/posts"}],"about":[{"href":"https:\/\/pasaenmendoza.com\/index.php?rest_route=\/wp\/v2\/types\/post"}],"author":[{"embeddable":true,"href":"https:\/\/pasaenmendoza.com\/index.php?rest_route=\/wp\/v2\/users\/2"}],"replies":[{"embeddable":true,"href":"https:\/\/pasaenmendoza.com\/index.php?rest_route=%2Fwp%2Fv2%2Fcomments&post=8294"}],"version-history":[{"count":1,"href":"https:\/\/pasaenmendoza.com\/index.php?rest_route=\/wp\/v2\/posts\/8294\/revisions"}],"predecessor-version":[{"id":8296,"href":"https:\/\/pasaenmendoza.com\/index.php?rest_route=\/wp\/v2\/posts\/8294\/revisions\/8296"}],"wp:featuredmedia":[{"embeddable":true,"href":"https:\/\/pasaenmendoza.com\/index.php?rest_route=\/wp\/v2\/media\/8295"}],"wp:attachment":[{"href":"https:\/\/pasaenmendoza.com\/index.php?rest_route=%2Fwp%2Fv2%2Fmedia&parent=8294"}],"wp:term":[{"taxonomy":"category","embeddable":true,"href":"https:\/\/pasaenmendoza.com\/index.php?rest_route=%2Fwp%2Fv2%2Fcategories&post=8294"},{"taxonomy":"post_tag","embeddable":true,"href":"https:\/\/pasaenmendoza.com\/index.php?rest_route=%2Fwp%2Fv2%2Ftags&post=8294"}],"curies":[{"name":"wp","href":"https:\/\/api.w.org\/{rel}","templated":true}]}}