{"id":8298,"date":"2024-06-18T23:35:18","date_gmt":"2024-06-18T21:35:18","guid":{"rendered":"https:\/\/pasaenmendoza.com\/?p=8298"},"modified":"2024-06-18T23:35:19","modified_gmt":"2024-06-18T21:35:19","slug":"vialidad-corto-la-ruta-a-las-lenas-por-tres-colectivos-varados-que-circulaban-sin-cadenas","status":"publish","type":"post","link":"https:\/\/pasaenmendoza.com\/?p=8298","title":{"rendered":"Vialidad cort\u00f3 la ruta a Las Le\u00f1as por tres colectivos varados que circulaban sin cadenas"},"content":{"rendered":"\n<p>La\u00a0<strong>Ruta Provincial 222 que va a Los Molles y Las Le\u00f1as<\/strong>\u00a0permanecer\u00e1 cerrada temporalmente\u00a0<strong>debido a que tres colectivos quedaron varados al transitar sin cadenas<\/strong>, seg\u00fan informaron este martes las autoridades de la Direcci\u00f3n Provincial de Vialidad. Adem\u00e1s, reiteraron el pedido a la comunidad para que los conductores circulen con precauci\u00f3n en la zona.<\/p>\n\n\n\n<p>&#8220;Recordamos que ante el temporal en la mencionada ruta, con lluvia entre la Ruta Nacional 40 y Los Molles; y las fuertes nevadas entre Los Molles y Las Le\u00f1as,&nbsp;<strong>se debe transitar con mucha precauci\u00f3n y es obligatorio el uso de cadenas, en cuanto sea rehabilitada<\/strong>&#8220;, explicaron en un comunicado.<\/p>\n\n\n\n<p>Tambi\u00e9n indicaron que la Ruta Provincial 222 a Los Molles y Las Le\u00f1as\u00a0<strong>permanecer\u00e1 cerrada hasta que se pueda despejar el trayecto de los tres colectivos varados que transitaron sin cadenas.<\/strong><\/p>\n\n\n\n<h2 class=\"wp-block-heading\">Pron\u00f3stico del tiempo para esta semana<\/h2>\n\n\n\n<p>El doctor en Meteorolog\u00eda,<strong>&nbsp;Federico Norte<\/strong>, inform\u00f3 que se espera un&nbsp;<strong>martes&nbsp;<\/strong>inestable, con nevadas m\u00e1s intensas en la cordillera. La temperatura m\u00e1xima rondar\u00e1 los 18 grados en el llano, aunque habr\u00e1 momentos de viento Zonda en San Juan y en algunas zonas del llano de Mendoza debido a una nueva perturbaci\u00f3n que se acerca.<\/p>\n\n\n\n<p>Tambi\u00e9n se\u00f1al\u00f3 la\u00a0<strong>posibilidad de precipitaciones<\/strong>\u00a0en la zona central de la provincia, as\u00ed como en San Rafael y Malarg\u00fce.<\/p>\n\n\n\n<p>Para el&nbsp;<strong>mi\u00e9rcoles<\/strong>, Norte explic\u00f3 que &#8220;la inestabilidad probablemente contin\u00fae, pero habr\u00e1 un descenso de la temperatura m\u00e1xima, y estar\u00e1 m\u00e1s fr\u00edo. La m\u00ednima ser\u00e1 de entre 4 y 5 grados, y la m\u00e1xima de 12 grados. Tambi\u00e9n podr\u00edan repetirse las precipitaciones en San Rafael&#8221;.<\/p>\n\n\n\n<p>El\u00a0<strong>jueves\u00a0<\/strong>se espera una m\u00ednima de 3 grados y una m\u00e1xima de 12 grados, con un\u00a0<strong>notable descenso de temperatura y viento del Sur<\/strong>. La<strong>\u00a0inestabilidad en la cordillera se mantendr\u00e1 con intermitencias<\/strong>, y se observa que, a partir del viernes, una nueva vaguada se acercar\u00e1 a la costa chilena, lo que lamentablemente podr\u00eda reproducir los intensos temporales que han afectado a Chile en los d\u00edas anteriores.<\/p>\n\n\n\n<p><strong>Fuente: www.diariouno.com.ar<\/strong><\/p>\n","protected":false},"excerpt":{"rendered":"<p>La\u00a0Ruta Provincial 222 que va a Los Molles y Las Le\u00f1as\u00a0permanecer\u00e1 cerrada temporalmente\u00a0debido a que tres colectivos quedaron varados al transitar sin cadenas, seg\u00fan informaron este martes las autoridades de la Direcci\u00f3n Provincial de Vialidad. Adem\u00e1s, reiteraron el pedido a la comunidad para que los conductores circulen con precauci\u00f3n en la zona. &#8220;Recordamos que ante [&hellip;]<\/p>\n","protected":false},"author":2,"featured_media":8299,"comment_status":"open","ping_status":"open","sticky":false,"template":"","format":"standard","meta":[],"categories":[50],"tags":[],"_links":{"self":[{"href":"https:\/\/pasaenmendoza.com\/index.php?rest_route=\/wp\/v2\/posts\/8298"}],"collection":[{"href":"https:\/\/pasaenmendoza.com\/index.php?rest_route=\/wp\/v2\/posts"}],"about":[{"href":"https:\/\/pasaenmendoza.com\/index.php?rest_route=\/wp\/v2\/types\/post"}],"author":[{"embeddable":true,"href":"https:\/\/pasaenmendoza.com\/index.php?rest_route=\/wp\/v2\/users\/2"}],"replies":[{"embeddable":true,"href":"https:\/\/pasaenmendoza.com\/index.php?rest_route=%2Fwp%2Fv2%2Fcomments&post=8298"}],"version-history":[{"count":1,"href":"https:\/\/pasaenmendoza.com\/index.php?rest_route=\/wp\/v2\/posts\/8298\/revisions"}],"predecessor-version":[{"id":8300,"href":"https:\/\/pasaenmendoza.com\/index.php?rest_route=\/wp\/v2\/posts\/8298\/revisions\/8300"}],"wp:featuredmedia":[{"embeddable":true,"href":"https:\/\/pasaenmendoza.com\/index.php?rest_route=\/wp\/v2\/media\/8299"}],"wp:attachment":[{"href":"https:\/\/pasaenmendoza.com\/index.php?rest_route=%2Fwp%2Fv2%2Fmedia&parent=8298"}],"wp:term":[{"taxonomy":"category","embeddable":true,"href":"https:\/\/pasaenmendoza.com\/index.php?rest_route=%2Fwp%2Fv2%2Fcategories&post=8298"},{"taxonomy":"post_tag","embeddable":true,"href":"https:\/\/pasaenmendoza.com\/index.php?rest_route=%2Fwp%2Fv2%2Ftags&post=8298"}],"curies":[{"name":"wp","href":"https:\/\/api.w.org\/{rel}","templated":true}]}}