{"id":8301,"date":"2024-06-18T23:39:34","date_gmt":"2024-06-18T21:39:34","guid":{"rendered":"https:\/\/pasaenmendoza.com\/?p=8301"},"modified":"2024-06-18T23:39:35","modified_gmt":"2024-06-18T21:39:35","slug":"economistas-aconsejaron-a-bodegueros-apostar-por-el-mercado-externo-ante-un-interno-complicado","status":"publish","type":"post","link":"https:\/\/pasaenmendoza.com\/?p=8301","title":{"rendered":"Economistas aconsejaron a bodegueros apostar por el mercado externo ante un interno complicado"},"content":{"rendered":"\n<p>En una Argentina inestable en d\u00f3lares, los economistas de la\u00a0<strong>Fundaci\u00f3n Mediterr\u00e1nea- Ieral\u00a0<\/strong>de Gustavo Reyes y Jorge Day analizaron qu\u00e9 conviene este a\u00f1o para los\u00a0<strong>bodegueros\u00a0<\/strong>locales: exportar o dedicarse al mercado interno. La conclusi\u00f3n, despu\u00e9s de un 2023 muy malo en materia de ventas, es que\u00a0<strong>&#8220;el mercado externo presenta una mejor perspectiva&#8221;<\/strong>.<\/p>\n\n\n\n<p>&#8220;En un corto tiempo se pasa de un periodo de d\u00f3lar caro a otro en el cual es m\u00e1s barato, y viceversa. Esta inestabilidad complica a las empresas a la hora de vender&#8221;, analizan los economistas en su informe.<\/p>\n\n\n\n<p>Y es teniendo en cuenta esto, que un a\u00f1o conviene exportar y otro mejor dedicarse al mercado interno, que varias bodegas en Mendoza venden en ambos mercados. &#8220;Si le va mal en un mercado, se compensa con un mejor desempe\u00f1o en el otro&#8221;, dicen.<\/p>\n\n\n\n<p><strong>\u00bfY c\u00f3mo viene el 2024 en la Argentina de Javier Milei?<\/strong>\u00a0Eso es lo que analiza el informe &#8220;\u00bfVender en mercado interno o externo? Un planteo en vinos&#8221;.<\/p>\n\n\n\n<h2 class=\"wp-block-heading\">Mejor, exportar: \u00bfpero por qu\u00e9?<\/h2>\n\n\n\n<p>&#8220;A pesar de haber m\u00e1s vino (por una cosecha en crecimiento),&nbsp;<strong>no resulta sencillo incrementar r\u00e1pidamente las ventas<\/strong>, especialmente en un mercado interno complicado. En esta situaci\u00f3n,&nbsp;<strong>el mercado externo presenta una mejor perspectiva<\/strong>&#8220;, concluyeron desde el Ieral.<\/p>\n\n\n\n<p>Despu\u00e9s de un a\u00f1o muy malo en ventas, con ca\u00eddas del 11% en el mercado interno, y del 25% en exportaciones, el 2024 se presenta con mayor cantidad de vinos pero ventas, otra vez en baja, por lo que el stock se incrementa.<\/p>\n\n\n\n<p>Cuando eso sucede, lo que<strong>&nbsp;es probable es que los precios aumenten por debajo de la inflaci\u00f3n<\/strong>. &#8220;Y eso impactar\u00e1 negativamente en los proveedores de materia prima (uvas) y en salarios del sector&#8221;.<\/p>\n\n\n\n<p>&#8220;<strong>El poder de compra de los consumidores argentinos se ha reducido notoriamente<\/strong>, y eso se ha manifestado con la fuerte ca\u00edda de ventas en todos los rubros comerciales. En abril se observa alg\u00fan repunte, pero muy por debajo de noviembre&#8221;, analizan en el informe.<\/p>\n\n\n\n<figure class=\"wp-block-image\"><img decoding=\"async\" src=\"https:\/\/media.diariouno.com.ar\/p\/f73fb8a0612f1e76524d91ce7198e3f3\/adjuntos\/298\/imagenes\/009\/354\/0009354587\/1200x0\/smart\/imagepng.png\" alt=\"\" title=\"\"\/><\/figure>\n\n\n\n<p>Lo que se advierte es que&nbsp;<strong>muy problable que ya se haya tocado fondo -aunque muy profundo- en materia de mercado interno<\/strong>&nbsp;y que comience una recuperaci\u00f3n, pero muy lenta.<\/p>\n\n\n\n<p>En tanto que en el&nbsp;<strong>mercado externo&nbsp;<\/strong>el an\u00e1lisis es m\u00e1s complejo y hay tres puntos clave a considerar, dicen desde el Ieral:<\/p>\n\n\n\n<ul>\n<li><strong>Mundo<\/strong>: a nivel global, las cantidades importadas en distintos pa\u00edses se mantienen estancadas. En vinos,&nbsp;<strong>su consumo mundial viene en baja<\/strong>, y desde hace poco tambi\u00e9n sus importaciones.<\/li>\n<\/ul>\n\n\n\n<figure class=\"wp-block-image\"><img decoding=\"async\" src=\"https:\/\/media.diariouno.com.ar\/p\/a30a21afd714be981cc7bfd06a97c0d5\/adjuntos\/298\/imagenes\/009\/354\/0009354588\/1200x0\/smart\/imagepng.png\" alt=\"\" title=\"\"\/><\/figure>\n\n\n\n<ul>\n<li><strong>Precios de exportaci\u00f3n<\/strong>: en vinos es mucho m\u00e1s estable que los commodities pampeanos (soja, trigo, etc\u00e9tera). Se observa que,&nbsp;<strong>cuando el d\u00f3lar se abarata<\/strong>, se vende menos de vinos de menores precios, y as\u00ed&nbsp;<strong>sube el precio promedio de exportaci\u00f3n<\/strong>.<\/li>\n\n\n\n<li><strong>D\u00f3lar oficial:<\/strong>&nbsp;<strong>no est\u00e1 muy alto<\/strong>, aunque tampoco muy bajo (como referencia, el d\u00f3lar de la convertibilidad equivale a $ 670 de la actualidad). Haciendo un ejercicio hipot\u00e9tico de una bodega que s\u00f3lo exporta vinos, su rentabilidad habr\u00eda mejorado en estos \u00faltimos meses, no por el d\u00f3lar ni por sus precios, sino porque ha disminuido fuerte el precio de la materia prima y los costos salariales.<\/li>\n<\/ul>\n\n\n\n<p>Entonces, concluyen, &#8220;<strong>no est\u00e1n tan mal los n\u00fameros para exportar<\/strong>, pero no es f\u00e1cil incrementar tan r\u00e1pidamente las cantidades a vender&#8221;.<\/p>\n\n\n\n<figure class=\"wp-block-image\"><img decoding=\"async\" src=\"https:\/\/media.diariouno.com.ar\/p\/e5f6b4abb4cd3ba41a6ba1ceeb909b8b\/adjuntos\/298\/imagenes\/009\/354\/0009354591\/1200x0\/smart\/imagepng.png\" alt=\"\" title=\"\"\/><\/figure>\n\n\n\n<p><strong>Fuente: www.diariouno.com.ar<\/strong><\/p>\n","protected":false},"excerpt":{"rendered":"<p>En una Argentina inestable en d\u00f3lares, los economistas de la\u00a0Fundaci\u00f3n Mediterr\u00e1nea- Ieral\u00a0de Gustavo Reyes y Jorge Day analizaron qu\u00e9 conviene este a\u00f1o para los\u00a0bodegueros\u00a0locales: exportar o dedicarse al mercado interno. La conclusi\u00f3n, despu\u00e9s de un 2023 muy malo en materia de ventas, es que\u00a0&#8220;el mercado externo presenta una mejor perspectiva&#8221;. &#8220;En un corto tiempo se [&hellip;]<\/p>\n","protected":false},"author":2,"featured_media":8302,"comment_status":"open","ping_status":"open","sticky":false,"template":"","format":"standard","meta":[],"categories":[85],"tags":[],"_links":{"self":[{"href":"https:\/\/pasaenmendoza.com\/index.php?rest_route=\/wp\/v2\/posts\/8301"}],"collection":[{"href":"https:\/\/pasaenmendoza.com\/index.php?rest_route=\/wp\/v2\/posts"}],"about":[{"href":"https:\/\/pasaenmendoza.com\/index.php?rest_route=\/wp\/v2\/types\/post"}],"author":[{"embeddable":true,"href":"https:\/\/pasaenmendoza.com\/index.php?rest_route=\/wp\/v2\/users\/2"}],"replies":[{"embeddable":true,"href":"https:\/\/pasaenmendoza.com\/index.php?rest_route=%2Fwp%2Fv2%2Fcomments&post=8301"}],"version-history":[{"count":1,"href":"https:\/\/pasaenmendoza.com\/index.php?rest_route=\/wp\/v2\/posts\/8301\/revisions"}],"predecessor-version":[{"id":8303,"href":"https:\/\/pasaenmendoza.com\/index.php?rest_route=\/wp\/v2\/posts\/8301\/revisions\/8303"}],"wp:featuredmedia":[{"embeddable":true,"href":"https:\/\/pasaenmendoza.com\/index.php?rest_route=\/wp\/v2\/media\/8302"}],"wp:attachment":[{"href":"https:\/\/pasaenmendoza.com\/index.php?rest_route=%2Fwp%2Fv2%2Fmedia&parent=8301"}],"wp:term":[{"taxonomy":"category","embeddable":true,"href":"https:\/\/pasaenmendoza.com\/index.php?rest_route=%2Fwp%2Fv2%2Fcategories&post=8301"},{"taxonomy":"post_tag","embeddable":true,"href":"https:\/\/pasaenmendoza.com\/index.php?rest_route=%2Fwp%2Fv2%2Ftags&post=8301"}],"curies":[{"name":"wp","href":"https:\/\/api.w.org\/{rel}","templated":true}]}}