{"id":8304,"date":"2024-06-18T23:44:08","date_gmt":"2024-06-18T21:44:08","guid":{"rendered":"https:\/\/pasaenmendoza.com\/?p=8304"},"modified":"2024-06-18T23:44:09","modified_gmt":"2024-06-18T21:44:09","slug":"fuerte-temporal-en-alta-montana-cuando-podria-habilitarse-el-paso-cristo-redentor","status":"publish","type":"post","link":"https:\/\/pasaenmendoza.com\/?p=8304","title":{"rendered":"Fuerte temporal en alta monta\u00f1a: \u00bfCu\u00e1ndo podr\u00eda habilitarse el Paso Cristo Redentor?"},"content":{"rendered":"\n<p>A trav\u00e9s de un comunicado, la coordinaci\u00f3n del\u00a0<strong>Paso Internacional Cristo Redentor<\/strong>\u00a0anunci\u00f3\u00a0que el corredor internacional se encuentra inhabilitado para todo tipo de veh\u00edculos. \u00bfCu\u00e1l ser\u00e1 el\u00a0pron\u00f3stico\u00a0del tiempo\u00a0durante los pr\u00f3ximos d\u00edas para cruzar la Cordillera de los Andes?.<\/p>\n\n\n\n<p>En su sistema de\u00a0<strong>alerta\u00a0<\/strong>temprana, el\u00a0<strong>Servicio Meteorol\u00f3gico Nacional<\/strong>\u00a0emiti\u00f3 un\u00a0<strong>alerta\u00a0<\/strong>naranja por nevadas en la cordillera de los Andes para esta jornada. Seg\u00fan explic\u00f3 el SMN, la cordillera mendocina completa est\u00e1 bajo\u00a0<strong>alerta<\/strong>, y se anticipa que las precipitaciones n\u00edveas\u00a0aumentar\u00e1n en intensidad a partir de la tarde.<\/p>\n\n\n\n<p>El mi\u00e9rcoles estar\u00e1&nbsp;nublado y frio con vientos moderados del sudeste. Las condiciones en la cordillera ser\u00e1n inestables y seg\u00fan los pron\u00f3sticos emitidos por organismos oficiales, los pr\u00f3ximos d\u00edas podr\u00edan intensificarse las condiciones desfavorables debido a nevadas intensas y viento blanco que tendr\u00edan lugar desde el jueves hasta el domingo inclusive.<\/p>\n\n\n\n<p>Las condiciones meteorol\u00f3gicas que tuvieron lugar durante los \u00faltimos d\u00edas, obligan a las autoridades del&nbsp;<strong>Paso Cristo Redentor<\/strong>&nbsp;a realizar evaluaciones diarias de las condiciones de transitabilidad para la apertura de la frontera que une Argentina con&nbsp;<strong>Chile<\/strong>.<\/p>\n\n\n\n<p>Desde el Sistema Integrado aconsejan a quienes tienen planificado cruzar la frontera, consultar los canales oficiales antes de emprender viaje hacia alta monta\u00f1a ya que los pr\u00f3ximos d\u00edas continuar\u00edan las condiciones desfavorables.\u00a0<\/p>\n\n\n\n<p><strong>Fuente: www.mdzol.com<\/strong><\/p>\n","protected":false},"excerpt":{"rendered":"<p>A trav\u00e9s de un comunicado, la coordinaci\u00f3n del\u00a0Paso Internacional Cristo Redentor\u00a0anunci\u00f3\u00a0que el corredor internacional se encuentra inhabilitado para todo tipo de veh\u00edculos. \u00bfCu\u00e1l ser\u00e1 el\u00a0pron\u00f3stico\u00a0del tiempo\u00a0durante los pr\u00f3ximos d\u00edas para cruzar la Cordillera de los Andes?. En su sistema de\u00a0alerta\u00a0temprana, el\u00a0Servicio Meteorol\u00f3gico Nacional\u00a0emiti\u00f3 un\u00a0alerta\u00a0naranja por nevadas en la cordillera de los Andes para esta jornada. [&hellip;]<\/p>\n","protected":false},"author":2,"featured_media":8305,"comment_status":"open","ping_status":"open","sticky":false,"template":"","format":"standard","meta":[],"categories":[52],"tags":[],"_links":{"self":[{"href":"https:\/\/pasaenmendoza.com\/index.php?rest_route=\/wp\/v2\/posts\/8304"}],"collection":[{"href":"https:\/\/pasaenmendoza.com\/index.php?rest_route=\/wp\/v2\/posts"}],"about":[{"href":"https:\/\/pasaenmendoza.com\/index.php?rest_route=\/wp\/v2\/types\/post"}],"author":[{"embeddable":true,"href":"https:\/\/pasaenmendoza.com\/index.php?rest_route=\/wp\/v2\/users\/2"}],"replies":[{"embeddable":true,"href":"https:\/\/pasaenmendoza.com\/index.php?rest_route=%2Fwp%2Fv2%2Fcomments&post=8304"}],"version-history":[{"count":1,"href":"https:\/\/pasaenmendoza.com\/index.php?rest_route=\/wp\/v2\/posts\/8304\/revisions"}],"predecessor-version":[{"id":8306,"href":"https:\/\/pasaenmendoza.com\/index.php?rest_route=\/wp\/v2\/posts\/8304\/revisions\/8306"}],"wp:featuredmedia":[{"embeddable":true,"href":"https:\/\/pasaenmendoza.com\/index.php?rest_route=\/wp\/v2\/media\/8305"}],"wp:attachment":[{"href":"https:\/\/pasaenmendoza.com\/index.php?rest_route=%2Fwp%2Fv2%2Fmedia&parent=8304"}],"wp:term":[{"taxonomy":"category","embeddable":true,"href":"https:\/\/pasaenmendoza.com\/index.php?rest_route=%2Fwp%2Fv2%2Fcategories&post=8304"},{"taxonomy":"post_tag","embeddable":true,"href":"https:\/\/pasaenmendoza.com\/index.php?rest_route=%2Fwp%2Fv2%2Ftags&post=8304"}],"curies":[{"name":"wp","href":"https:\/\/api.w.org\/{rel}","templated":true}]}}