{"id":8310,"date":"2024-06-19T14:13:36","date_gmt":"2024-06-19T12:13:36","guid":{"rendered":"https:\/\/pasaenmendoza.com\/?p=8310"},"modified":"2024-06-19T14:13:37","modified_gmt":"2024-06-19T12:13:37","slug":"paritarias-el-reclamo-de-los-gremios-y-a-que-apunta-el-gobierno","status":"publish","type":"post","link":"https:\/\/pasaenmendoza.com\/?p=8310","title":{"rendered":"Paritarias: el reclamo de los gremios y a qu\u00e9 apunta el Gobierno"},"content":{"rendered":"\n<p>Este lunes 24, el SUTE, ATE y Ampros se sentar\u00e1n nuevamente en la mesa de negociaciaci\u00f3n salarial. Ante una inflaci\u00f3n &#8220;menor&#8221; qu\u00e9 propuesta podr\u00eda presentar el Ejecutivo a los estatales.<\/p>\n\n\n\n<p>El lunes 24, como anunci\u00f3 el\u00a0<strong>Gobierno<\/strong>, comenzar\u00e1 una nueva discusi\u00f3n salarial con los\u00a0<strong>gremios estatales<\/strong>. Ante una inflaci\u00f3n que seg\u00fan n\u00fameros oficiales no fue tan acuciante como los meses anteriores, los\u00a0<strong>sindicatos<\/strong>\u00a0apuntan a una &#8220;recomposici\u00f3n salarial por lo adeudado tras la devaluaci\u00f3n de diciembre pasado y que sea en blanco&#8221; adem\u00e1s de resaltar que hay\u00a0que\u00a0resolver aspectos sectoriales. El Ejecutivo, por su parte, comenz\u00f3 conversaciones con algunos representantes sindicales para poder trabajar en conjunto una propuesta y evitar posibles conflictos. Hay normas aprobadas por la Legislatura, que ser\u00e1n discutidas en la\u00a0<strong>mesa paritaria<\/strong>\u00a0por parte de los\u00a0<strong>gremios<\/strong>\u00a0y adem\u00e1s, varios dirigentes adelantaron\u00a0que no aceptar\u00e1n\u00a0posibles &#8220;adicionales&#8221; atados a la presencialidad como es el \u00edtem aula en Educaci\u00f3n.\u00a0<\/p>\n\n\n\n<p>La primera reuni\u00f3n ser\u00e1 el pr\u00f3ximo lunes, despu\u00e9s del fin de semana de cuatro d\u00edas que comenzar\u00e1 este jueves. Ese d\u00eda, los representantes paritarios oficiales tendr\u00e1n tres encuentros con distintos gremios: el\u00a0SUTE, que representa a los docentes de escuelas de gesti\u00f3n estatal\u00a0pero cuya paritaria repercute en las escuelas privadas;\u00a0ATE, que representa a la Administraci\u00f3n Central y a los no profesionales de la salud y\u00a0AMPROS, que parita por los profesionales de la salud.\u00a0<\/p>\n\n\n\n<p>En Casa de\u00a0<strong>Gobierno\u00a0<\/strong>confirmaron\u00a0que se est\u00e1 trabajando en una propuesta con los\u00a0<strong>sindicatos\u00a0<\/strong>pero sin dar detalles porque a\u00fan no est\u00e1 cerrada. Algo se sabe: la inflaci\u00f3n oficial fue del 4,4% por lo tanto los sindicatos apuntan a que lo ofrecido sea mucho mayor a ese porcentaje\u00a0y en ese sentido hablan de &#8220;recomposici\u00f3n salarial&#8221; por &#8220;lo adeudado\u00a0tras la devaluaci\u00f3n&#8221; de diciembre \u00faltimo cuando asumi\u00f3 el actual presidente Javier Milei.\u00a0<\/p>\n\n\n\n<p>El titular del ATE, Roberto Macho, sostuvo ante este diario:\u00a0&#8220;Las liquidaciones del \u00faltimo acuerdo salarial no estuvieron hecha como se hab\u00eda acordado. Se tuvo que hacer un acta interpretativa para que se solucionara por planilla pero eso no ocurri\u00f3, no se pudo salvar.\u00a0\u00a0Eso es uno de los puntos que tenemos que solucionar&#8221;. El dirigente gremial asegur\u00f3 adem\u00e1s, que pondr\u00e1 sobre la mesa algunas leyes aprobadas por la Legislatura a pedido del Ejecutivo que debieron ser &#8220;discutidas en\u00a0<strong>paritarias<\/strong>&#8220;. En ese sentido, afirm\u00f3 que &#8220;la caja de seguridad mutual se va a cerrar. Se venden los muebles. \u00bfQu\u00e9 pasar\u00e1 con los empleados?&#8221;, agreg\u00f3.\u00a0<\/p>\n\n\n\n<p>A eso, sum\u00f3 que la oferta salarial debe ser &#8220;en blanco&#8221; y que no aceptar\u00e1 &#8220;ning\u00fan \u00edtem atado a la presencialidad del trabajador como el \u00edtem aula&#8221;. En ese sentido, hay que recordar que en medio de la conciliaci\u00f3n obligatoria que llevaron adelante esta semana el\u00a0<strong>Gobierno\u00a0<\/strong>y los judiciales hubo una propuesta en ese sentido, que fue rechazada por los sindicatos.\u00a0<\/p>\n\n\n\n<p>La titular de Ampros, Claudia Iturbe, tambi\u00e9n reclam\u00f3 &#8220;recomposici\u00f3n salarial&#8221; y volvi\u00f3 a insistir sobre un tema muy preocupante. &#8220;Siguen emigrando profesionales de la salud. Esto es muy grave&#8221;, asegur\u00f3. En ese sentido, cuestion\u00f3 la reciente ley aprobada en la Legislatura para los licenciados en enfermer\u00eda. &#8220;Que vulnera derechos, como la mayor\u00eda de las normas del paquete que salud, que se ha aprobado sin el consentimiento de los profesionales de la salud, perjudic\u00e1ndonos y perjudicando la salud p\u00fablica&#8221;, explic\u00f3. &#8220;El dinero que era para Portezuelo del Viento, deber\u00eda usarse tambi\u00e9n para la infraestructura de los hospitales. Hay que ver c\u00f3mo est\u00e1 el Notti&#8221;, dijo.\u00a0<\/p>\n\n\n\n<p>En tanto que el secretario gremial del SUTE, Gustavo Correa, expres\u00f3: &#8220;Hay que recuperar la p\u00e9rdida del poder adquisitivo que han sufrido todos los trabajadores de la Educaci\u00f3n&#8221;. En ese sentido, sostuvo que &#8220;tiene que crecer el piso salarial y recuperar el poder adquisitivo en toda la escala saalrial&#8221;. Adem\u00e1s, hay algunos temas puntuales que el SUTE quiere resolver en la mesa paritaria: &#8220;Hay 2.700 docentes que cobran cl\u00e1usula de garant\u00eda y se est\u00e1n por jubilar y eso es un problema porque las cl\u00e1usulas no son remunerativas ni bonificables&#8221;. agreg\u00f3. Tambi\u00e9n apuntan a resolver asuntos vinculados al \u00edtem zona.\u00a0<\/p>\n\n\n\n<p>FUENTE: MDZonline.<\/p>\n","protected":false},"excerpt":{"rendered":"<p>Este lunes 24, el SUTE, ATE y Ampros se sentar\u00e1n nuevamente en la mesa de negociaciaci\u00f3n salarial. Ante una inflaci\u00f3n &#8220;menor&#8221; qu\u00e9 propuesta podr\u00eda presentar el Ejecutivo a los estatales. El lunes 24, como anunci\u00f3 el\u00a0Gobierno, comenzar\u00e1 una nueva discusi\u00f3n salarial con los\u00a0gremios estatales. Ante una inflaci\u00f3n que seg\u00fan n\u00fameros oficiales no fue tan acuciante [&hellip;]<\/p>\n","protected":false},"author":2,"featured_media":8311,"comment_status":"open","ping_status":"open","sticky":true,"template":"","format":"standard","meta":[],"categories":[47],"tags":[],"_links":{"self":[{"href":"https:\/\/pasaenmendoza.com\/index.php?rest_route=\/wp\/v2\/posts\/8310"}],"collection":[{"href":"https:\/\/pasaenmendoza.com\/index.php?rest_route=\/wp\/v2\/posts"}],"about":[{"href":"https:\/\/pasaenmendoza.com\/index.php?rest_route=\/wp\/v2\/types\/post"}],"author":[{"embeddable":true,"href":"https:\/\/pasaenmendoza.com\/index.php?rest_route=\/wp\/v2\/users\/2"}],"replies":[{"embeddable":true,"href":"https:\/\/pasaenmendoza.com\/index.php?rest_route=%2Fwp%2Fv2%2Fcomments&post=8310"}],"version-history":[{"count":1,"href":"https:\/\/pasaenmendoza.com\/index.php?rest_route=\/wp\/v2\/posts\/8310\/revisions"}],"predecessor-version":[{"id":8312,"href":"https:\/\/pasaenmendoza.com\/index.php?rest_route=\/wp\/v2\/posts\/8310\/revisions\/8312"}],"wp:featuredmedia":[{"embeddable":true,"href":"https:\/\/pasaenmendoza.com\/index.php?rest_route=\/wp\/v2\/media\/8311"}],"wp:attachment":[{"href":"https:\/\/pasaenmendoza.com\/index.php?rest_route=%2Fwp%2Fv2%2Fmedia&parent=8310"}],"wp:term":[{"taxonomy":"category","embeddable":true,"href":"https:\/\/pasaenmendoza.com\/index.php?rest_route=%2Fwp%2Fv2%2Fcategories&post=8310"},{"taxonomy":"post_tag","embeddable":true,"href":"https:\/\/pasaenmendoza.com\/index.php?rest_route=%2Fwp%2Fv2%2Ftags&post=8310"}],"curies":[{"name":"wp","href":"https:\/\/api.w.org\/{rel}","templated":true}]}}