{"id":8316,"date":"2024-06-19T14:23:19","date_gmt":"2024-06-19T12:23:19","guid":{"rendered":"https:\/\/pasaenmendoza.com\/?p=8316"},"modified":"2024-06-19T14:23:21","modified_gmt":"2024-06-19T12:23:21","slug":"perdio-una-eleccion-le-dieron-un-cargo-y-renuncio-un-mes-despues","status":"publish","type":"post","link":"https:\/\/pasaenmendoza.com\/?p=8316","title":{"rendered":"Perdi\u00f3 una elecci\u00f3n, le dieron un cargo y renunci\u00f3 un mes despu\u00e9s"},"content":{"rendered":"\n<p>El dirigente radical de\u00a0<strong>San Carlos<\/strong>\u00a0y excandidato a intendente por Cambia Mendoza,\u00a0<strong>Silvio Pannocchia<\/strong>, hizo un extra\u00f1o recorrido despu\u00e9s de haber perdido la elecci\u00f3n frente al actual jefe comunal\u00a0Alejandro Morillas.<\/p>\n\n\n\n<p>Despu\u00e9s de perder por escaso margen en San Carlos,&nbsp;<strong>Pannocchia fue nombrado asesor en el Ministerio de Gobierno de Mendoza<\/strong>, a cargo de Natalio Mema, en&nbsp;<strong>febrero<\/strong>&nbsp;de este a\u00f1o. Sin embargo, hoy se conoci\u00f3 un decreto en el que el dirigente radical&nbsp;<strong>renunci\u00f3 a ese cargo, en marzo.<\/strong><\/p>\n\n\n\n<p>Dice el decreto: &#8220;<em>Ac\u00e9ptese a partir del 30 de marzo de 2024, la renuncia presentada por el Sr.\u00a0<strong>SILVIO ROMAN PANNOCCHIA<\/strong>, D.N.I. N\u00ba 21.378.551, al cargo Clase 074, Asesor con funciones en la Direcci\u00f3n de Econom\u00eda Social de la Direcci\u00f3n General de Desarrollo Comunitario del Ministerio de Gobierno, Infraestructura y Desarrollo Territorial, C\u00f3digo Escalafonario 01-2-00-07, designado por Decreto N\u00ba235\/2024<\/em>&#8220;.<\/p>\n\n\n\n<p>La ausencia de Pannocchia en la estructura de Gobierno pas\u00f3 desapercibida hasta este mi\u00e9rcoles, ya que&nbsp;<strong>hoy se public\u00f3 en el Bolet\u00edn Oficial de Mendoza<\/strong>&nbsp;aquel decreto de renuncia. El mismo fue redactado y firmado el 15 de marzo, pero aclara que la aceptaci\u00f3n de la renuncia corr\u00eda a partir del 30 de marzo.<\/p>\n\n\n\n<p>&#8220;<strong>Decidi\u00f3 seguir trabajando por su cuenta, en el sector privado, hace unos meses<\/strong>&#8220;, indicaron desde Casa de Gobierno sobre Pannocchia, excu\u00f1ado del gobernador\u00a0Alfredo Cornejo.<\/p>\n\n\n\n<p>El decreto, de fecha de marzo, publicado hoy:<\/p>\n\n\n\n<p>MENDOZA, 15 DE MARZO DE 2024<\/p>\n\n\n\n<p>Visto el Ex-2024-01558590-GDEMZA-GOBIERNO, donde se tramita la aceptaci\u00f3n de la renuncia presentada por el Sr. SILVIO ROMAN PANNOCCHIA, al cargo de Asesor con funciones en la Direcci\u00f3n de Econom\u00eda Social, de la Direcci\u00f3n General de Desarrollo Comunitario del Ministerio de Gobierno, Infraestructura y Desarrollo Territorial;<\/p>\n\n\n\n<p>Por ello,&nbsp;<strong>EL&nbsp;<\/strong><strong>GOBERNADOR DE LA PROVINCIA&nbsp;<\/strong><strong>DECRETA:<\/strong><\/p>\n\n\n\n<p>Art\u00edculo 1\u00ba &#8211; Ac\u00e9ptese a partir del 30 de marzo de 2024, la renuncia presentada por el Sr. SILVIO ROMAN PANNOCCHIA, D.N.I. N\u00ba 21.378.551, al cargo Clase 074, Asesor con funciones en la Direcci\u00f3n de Econom\u00eda Social de la Direcci\u00f3n General de Desarrollo Comunitario del Ministerio de Gobierno, Infraestructura y Desarrollo Territorial, C\u00f3digo Escalafonario 01-2-00-07, designado por Decreto N\u00ba235\/2024.<\/p>\n\n\n\n<p>Art\u00edculo 2\u00ba &#8211; Comun\u00edquese, publ\u00edquese, dese al Registro Oficial y arch\u00edvese.<\/p>\n\n\n\n<p><strong>LIC. ALFREDO V. CORNEJO<\/strong><\/p>\n\n\n\n<p>ABG. NATALIO L. MEMA RODRIGUEZ<\/p>\n\n\n\n<p>FUENTE: Mendozapost.<\/p>\n","protected":false},"excerpt":{"rendered":"<p>El dirigente radical de\u00a0San Carlos\u00a0y excandidato a intendente por Cambia Mendoza,\u00a0Silvio Pannocchia, hizo un extra\u00f1o recorrido despu\u00e9s de haber perdido la elecci\u00f3n frente al actual jefe comunal\u00a0Alejandro Morillas. Despu\u00e9s de perder por escaso margen en San Carlos,&nbsp;Pannocchia fue nombrado asesor en el Ministerio de Gobierno de Mendoza, a cargo de Natalio Mema, en&nbsp;febrero&nbsp;de este a\u00f1o. [&hellip;]<\/p>\n","protected":false},"author":2,"featured_media":8317,"comment_status":"open","ping_status":"open","sticky":true,"template":"","format":"standard","meta":[],"categories":[47],"tags":[],"_links":{"self":[{"href":"https:\/\/pasaenmendoza.com\/index.php?rest_route=\/wp\/v2\/posts\/8316"}],"collection":[{"href":"https:\/\/pasaenmendoza.com\/index.php?rest_route=\/wp\/v2\/posts"}],"about":[{"href":"https:\/\/pasaenmendoza.com\/index.php?rest_route=\/wp\/v2\/types\/post"}],"author":[{"embeddable":true,"href":"https:\/\/pasaenmendoza.com\/index.php?rest_route=\/wp\/v2\/users\/2"}],"replies":[{"embeddable":true,"href":"https:\/\/pasaenmendoza.com\/index.php?rest_route=%2Fwp%2Fv2%2Fcomments&post=8316"}],"version-history":[{"count":1,"href":"https:\/\/pasaenmendoza.com\/index.php?rest_route=\/wp\/v2\/posts\/8316\/revisions"}],"predecessor-version":[{"id":8318,"href":"https:\/\/pasaenmendoza.com\/index.php?rest_route=\/wp\/v2\/posts\/8316\/revisions\/8318"}],"wp:featuredmedia":[{"embeddable":true,"href":"https:\/\/pasaenmendoza.com\/index.php?rest_route=\/wp\/v2\/media\/8317"}],"wp:attachment":[{"href":"https:\/\/pasaenmendoza.com\/index.php?rest_route=%2Fwp%2Fv2%2Fmedia&parent=8316"}],"wp:term":[{"taxonomy":"category","embeddable":true,"href":"https:\/\/pasaenmendoza.com\/index.php?rest_route=%2Fwp%2Fv2%2Fcategories&post=8316"},{"taxonomy":"post_tag","embeddable":true,"href":"https:\/\/pasaenmendoza.com\/index.php?rest_route=%2Fwp%2Fv2%2Ftags&post=8316"}],"curies":[{"name":"wp","href":"https:\/\/api.w.org\/{rel}","templated":true}]}}