{"id":8319,"date":"2024-06-19T14:44:26","date_gmt":"2024-06-19T12:44:26","guid":{"rendered":"https:\/\/pasaenmendoza.com\/?p=8319"},"modified":"2024-06-19T14:44:31","modified_gmt":"2024-06-19T12:44:31","slug":"omar-felix-presiono-a-la-nacion-por-el-gasoducto-de-san-rafael-y-apunto-contra-alfredo-cornejo","status":"publish","type":"post","link":"https:\/\/pasaenmendoza.com\/?p=8319","title":{"rendered":"Omar F\u00e9lix presion\u00f3 a la Naci\u00f3n por el gasoducto de San Rafael y apunt\u00f3 contra Alfredo Cornejo"},"content":{"rendered":"\n<p>El intendente sanrafaelino pidi\u00f3 por la obra que est\u00e1 en el 90% y qued\u00f3 fuera del acuerdo que el gobernador firm\u00f3 con Guillermo Francos.<\/p>\n\n\n\n<p>El intendente de&nbsp;<strong>San Rafael,&nbsp;<a href=\"https:\/\/www.diariouno.com.ar\/tags\/omar-felix\" target=\"_blank\" rel=\"noreferrer noopener\">Omar F\u00e9lix,<\/a><\/strong>&nbsp;volvi\u00f3 a reclamar a la Naci\u00f3n que cumpla con los compromisos asumidos y termine la obra del nuevo&nbsp;<strong>gasoducto&nbsp;<\/strong>que se encuentra en el 90% de ejecuci\u00f3n. Y destac\u00f3 que su paralizaci\u00f3n perjudica tambi\u00e9n a Alvear y a las posibilidad de desarrollo industrial.<\/p>\n\n\n\n<p><a href=\"https:\/\/www.diariouno.com.ar\/politica\/el-gobierno-justifico-que-el-gasoducto-san-rafael-quedo-afuera-del-convenio-nacion-n1325207\" target=\"_blank\" rel=\"noreferrer noopener\">El gasoducto qued\u00f3 fuera del convenio que el gobernador Alfredo Cornejo pact\u00f3 con el jefe de Gabinete Guillermo Francos<\/a>&nbsp;sobre la continuidad de obras que la Naci\u00f3n ejecuta en la provincia; en tanto que, al mismo tiempo, esa obra est\u00e1 judicializada en la Justicia Federal.<\/p>\n\n\n\n<p>F\u00e9lix remarc\u00f3 su &#8220;preocupaci\u00f3n&#8221; por el presunto desconocimiento de la Naci\u00f3n y de Cornejo respecto del acuerdo que San Rafael hizo por el gasoducto y su cr\u00edtica por la falta de capacidad t\u00e9cnica del Municipio para llevarlo adelante: &#8220;Hay un desconocimiento, porque cuando se licit\u00f3 la obra se hizo un convenio con la empresa Ecogas y en una de las cl\u00e1usulas se plantea que, en su car\u00e1cter de licenciataria, iba a tener la direcci\u00f3n t\u00e9cnica y toda la inspecci\u00f3n de la obra&#8221;.<\/p>\n\n\n\n<p>Y se\u00f1al\u00f3 que &#8220;el gobierno municipal tuvo que hacer muchas obras junto a Naci\u00f3n y se hizo cargo con mucha eficiencia, ante un gobierno provincial totalmente ausente&#8221;.<\/p>\n\n\n\n<p>Entre esas obras mencion\u00f3 el Colector Norte, La Pulpera o la Terminal de \u00d3mnibus.<\/p>\n\n\n\n<p>Y apunt\u00f3: &#8220;Si queremos hablar de ineficiencia podemos mencionar el gasoducto de Monte Com\u00e1n. All\u00e1 por 2010 el gobierno provincial licit\u00f3 la obra y hay 49.456 metros de ca\u00f1os enterrados, pero la obra se abandon\u00f3 sin los 18 kil\u00f3metros de gasoducto. Qued\u00f3 toda la infraestructura bajo tierra pero sin servicio. Eso es ineficiencia&#8221;.<\/p>\n\n\n\n<h2 class=\"wp-block-heading\">San Rafael espera la resoluci\u00f3n de la Justicia<\/h2>\n\n\n\n<p><strong>La causa por la obra del gasoducto pas\u00f3 a la sala A de la C\u00e1mara Federal de Mendoza&nbsp;<\/strong>despu\u00e9s de que el gobierno nacional apelara la resoluci\u00f3n de primera instancia en la que se hizo lugar a la medida cautelar peticionada por la Municipalidad de San Rafael y se orden\u00f3 a la Naci\u00f3n preservar el gasoducto y facilitar la transferencia de los fondos.<\/p>\n\n\n\n<p>El objetivo del municipio es terminar la obra que est\u00e1 &#8220;enterrada y deterior\u00e1ndose&#8221;, dijo F\u00e9lix.<\/p>\n\n\n\n<p>&#8220;<strong>Todo esto perjudica a San Rafael, a Alvear y la posibilidad de desarrollo industrial.<\/strong>&nbsp;Tenemos que dejar de buscar excusas y terminar la obra. La hicimos desde la comuna, porque no hab\u00eda nadie que lo hiciera; para la empresa no era rentable y prefer\u00eda hacerlo en otras zonas m\u00e1s pobladas&#8221;, explic\u00f3 sobre aquel planteo que en principio habr\u00eda llegado desde el Ministerio de Econom\u00eda.<\/p>\n\n\n\n<p>Asimismo marc\u00f3 su&nbsp;<strong>preocupaci\u00f3n por otras obras iniciadas o proyectadas que no tienen continuidad como la ampliaci\u00f3n del aeropuerto, las conexiones de cloacas en la zona norte o la ruta entre San Rafael y Tunuy\u00e1n&nbsp;<\/strong>que fue dada de baja a pesar de estar licitada con fondos del BID.<\/p>\n\n\n\n<p>&#8220;Hoy la obra representa una inversi\u00f3n m\u00ednima para la Naci\u00f3n. Deben cumplir los acuerdos y culminar el 10% de la obra que falta, porque hay partidas dispuestas para eso&#8221;, remarc\u00f3 y plante\u00f3 que &#8220;cuando nos convoc\u00f3 a Buenos Aires el secretario de Energ\u00eda al final no nos recibi\u00f3. Es una falta de respeto, no al intendente sino a todos los vecinos&#8221;.<\/p>\n\n\n\n<p>Por otra parte, el jefe comunal remarc\u00f3 la necesidad de inversiones en el interior &#8220;profundo&#8221; y que si la Naci\u00f3n no lo ve, &#8220;lo tendr\u00edan que ver desde la Provincia; y si no lo ven vamos a seguir insistiendo, porque existen mecanismos que permiten gestionar desde el Municipio con Naci\u00f3n&#8221;.<\/p>\n\n\n\n<p>FUENTE: Diariouno.com.ar <\/p>\n","protected":false},"excerpt":{"rendered":"<p>El intendente sanrafaelino pidi\u00f3 por la obra que est\u00e1 en el 90% y qued\u00f3 fuera del acuerdo que el gobernador firm\u00f3 con Guillermo Francos. El intendente de&nbsp;San Rafael,&nbsp;Omar F\u00e9lix,&nbsp;volvi\u00f3 a reclamar a la Naci\u00f3n que cumpla con los compromisos asumidos y termine la obra del nuevo&nbsp;gasoducto&nbsp;que se encuentra en el 90% de ejecuci\u00f3n. Y destac\u00f3 [&hellip;]<\/p>\n","protected":false},"author":2,"featured_media":8320,"comment_status":"open","ping_status":"open","sticky":true,"template":"","format":"standard","meta":[],"categories":[47],"tags":[],"_links":{"self":[{"href":"https:\/\/pasaenmendoza.com\/index.php?rest_route=\/wp\/v2\/posts\/8319"}],"collection":[{"href":"https:\/\/pasaenmendoza.com\/index.php?rest_route=\/wp\/v2\/posts"}],"about":[{"href":"https:\/\/pasaenmendoza.com\/index.php?rest_route=\/wp\/v2\/types\/post"}],"author":[{"embeddable":true,"href":"https:\/\/pasaenmendoza.com\/index.php?rest_route=\/wp\/v2\/users\/2"}],"replies":[{"embeddable":true,"href":"https:\/\/pasaenmendoza.com\/index.php?rest_route=%2Fwp%2Fv2%2Fcomments&post=8319"}],"version-history":[{"count":1,"href":"https:\/\/pasaenmendoza.com\/index.php?rest_route=\/wp\/v2\/posts\/8319\/revisions"}],"predecessor-version":[{"id":8321,"href":"https:\/\/pasaenmendoza.com\/index.php?rest_route=\/wp\/v2\/posts\/8319\/revisions\/8321"}],"wp:featuredmedia":[{"embeddable":true,"href":"https:\/\/pasaenmendoza.com\/index.php?rest_route=\/wp\/v2\/media\/8320"}],"wp:attachment":[{"href":"https:\/\/pasaenmendoza.com\/index.php?rest_route=%2Fwp%2Fv2%2Fmedia&parent=8319"}],"wp:term":[{"taxonomy":"category","embeddable":true,"href":"https:\/\/pasaenmendoza.com\/index.php?rest_route=%2Fwp%2Fv2%2Fcategories&post=8319"},{"taxonomy":"post_tag","embeddable":true,"href":"https:\/\/pasaenmendoza.com\/index.php?rest_route=%2Fwp%2Fv2%2Ftags&post=8319"}],"curies":[{"name":"wp","href":"https:\/\/api.w.org\/{rel}","templated":true}]}}