{"id":832,"date":"2023-08-22T14:27:25","date_gmt":"2023-08-22T12:27:25","guid":{"rendered":"https:\/\/pasaenmendoza.com\/?p=832"},"modified":"2023-08-22T14:27:26","modified_gmt":"2023-08-22T12:27:26","slug":"los-miedos-del-pj-en-un-nuevo-escenario-politico","status":"publish","type":"post","link":"https:\/\/pasaenmendoza.com\/?p=832","title":{"rendered":"Los miedos del PJ en un nuevo escenario pol\u00edtico"},"content":{"rendered":"\n<p>l pase del intendente Roberto Righi a las filas de Omar De Marchi despert\u00f3 preocupaci\u00f3n en las filas del PJ. Creen que van a retener las 6 comunas que gobiernan sin embargo sospechan que Mat\u00edas Stevanato se ir\u00e1 con De Marchi y que esta situaci\u00f3n puede afectar la elecci\u00f3n provincial.<\/p>\n\n\n\n<p><strong>Roberto Righi,<\/strong>\u00a0el intendente que gobierna Lavalle hace 20 a\u00f1os y que se denomina a s\u00ed mismo como un \u201c<strong>peronista<\/strong>\u00a0ortodoxo\u201d se fue con\u00a0<strong>Omar De Marchi,<\/strong>\u00a0el candidato a gobernador de La Uni\u00f3n Mendocina. Aprovech\u00f3 una visita de\u00a0<strong>De Marchi\u00a0<\/strong>a la fiesta de La Asunci\u00f3n en Lavalle para anunciarlo posteriormente, en un gesto simult\u00e1neo, a trav\u00e9s de la red social X (exTwitter). Antes del cierre de listas hab\u00eda amagado con dar el paso, incluso se lo nombraba como un posible vice de\u00a0<strong>De Marchi<\/strong>&#8211; lugar que ocup\u00f3 el intendente radical de Las Heras Daniel Orozco- pero finalmente lo hizo p\u00fablico este domingo 20, cuando falta un mes para la elecci\u00f3n general. Varias voces apuntan a que el pr\u00f3ximo\u00a0<strong>peronista<\/strong>\u00a0en irse con\u00a0<strong>De Marchi\u00a0<\/strong>ser\u00e1 el intendente de Maip\u00fa\u00a0Mat\u00cdas Stevanato\u00a0pero que esperar\u00e1 a hacerlo luego de su elecci\u00f3n municipal del 3 de septiembre. El\u00a0<strong>peronismo<\/strong>\u00a0teme estos movimientos afecten a la cantidad de votos que obtenga la f\u00f3rmula Omar Parisi- Lucas Ilardo el 24 de septiembre en la elecci\u00f3n general.<\/p>\n\n\n\n<p><strong>Righi\u00a0<\/strong>jug\u00f3 solo y pensando en su futuro pol\u00edtico. Si a\u00a0<strong>De Marchi\u00a0<\/strong>le va bien, es decir si gana la gobernaci\u00f3n, puede formar parte del Gabinete, es decir ser un ministro. En Lavalle las cosas no le son favorables. Su candidato perdi\u00f3 la PASO (primaria abierta simult\u00e1nea y obligatoria) municipal del 30 de abril y quien gan\u00f3, el diputado provincial Edgardo Gonzalez, luega sin \u00e9l. Hace campa\u00f1a convencido\u00a0de que ganar\u00e1 la elecci\u00f3n desdoblada del 3 de septiembre y que\u00a0<strong>Righi<\/strong>\u00a0y a sus hombres no son necesarios para lograr ese objetivo.<\/p>\n\n\n\n<p>\u00a0Por eso el actual jefe comunal lavallino, que tampoco particip\u00f3 del armado provincial del\u00a0<strong>peronismo<\/strong>\u00a0ni va para ning\u00fan cargo se encuentra en una encrucijada. Entre sus dichos de este a\u00f1o, dijo que estaba dispuesto a volverse a su casa porque no iba como candidato.\u00a0Pero tambi\u00e9n que hab\u00eda que armar un frente electoral competitivo. Y mientras se negaba a ser el candidato a gobernador del Frente Eleg\u00ed, los contactos con\u00a0<strong>De Marchi<\/strong>\u00a0y su gente no cesaron en estos meses. Ahora dio el paso trascendental: hacerlo p\u00fablico. Esta situaci\u00f3n ya tiene impacto en el\u00a0<strong>PJ<\/strong>, los dirigentes temen que haya un efecto contagio.\u00a0En ese sentido, voces\u00a0<strong>peronistas<\/strong>\u00a0y de La Uni\u00f3n Mendocina, ya hablan de que es un hecho de que Stevanato se ir\u00e1 con\u00a0<strong>De Marchi.<\/strong><\/p>\n\n\n\n<p>Desde su entorno, aseguran en cambio, que est\u00e1 concentrado en Maip\u00fa, en la elecci\u00f3n en la que buscar\u00e1 la reelecci\u00f3n, pero como saben tanto\u00a0<strong>peronistas\u00a0<\/strong>como radicales que son sus principales competidores, ese asunto lo tiene resuelto: tiene un alto porcentaje de posibilidades de retener la comuna. Y por otro lado, tanto en la PASO provincial como en la nacional opt\u00f3 por una actitud similar: hacer silencio.Y en pol\u00edtica, como en la vida, el que calla otorga.<\/p>\n\n\n\n<p>Es por eso que dirigentes de todos los frentes- incluido el oficialista Cambia Mendoza- siguen de cerca sus pr\u00f3ximos pasos. Si\u00a0<strong>De Marchi\u00a0<\/strong>logra que Stevanato tenga al menos un gui\u00f1o hacia \u00e9l luego de su elecci\u00f3n desdoblada, habr\u00e1 conseguido llevarse en pocos meses, dos intendentes del Gran Mendoza- el conglomerado m\u00e1s poblado de la provincia- para su alianza. Primero lo hizo con Las Heras y ahora, est\u00e1 la posibilidad de Maip\u00fa. Esta jugada puede tener consecuencias directas en el escenario provincial. El\u00a0<strong>peronismo<\/strong>\u00a0teme que afecte a la performance de su f\u00f3rmula para la gobernaci\u00f3n que viene de hacer una elecci\u00f3n primaria con un resultado\u00a0menor al piso hist\u00f3rico de 20 puntos. Por eso aunque nadie es due\u00f1o de los votos \u2013 es decir que si Stevanato o\u00a0<strong>Righi<\/strong>\u00a0piden el voto por De Marchi sus votantes no tienen por qu\u00e9 obedecer- La Uni\u00f3n Mendocina suma, en perjuicio del PJ y tambi\u00e9n de Cambia Mendoza si es que finalmente se polariza la elecci\u00f3n. De todas maneras desde el oficialismo conf\u00edan que no los afectar\u00e1 y que\u00a0<strong>De Marchi\u00a0<\/strong>no lograr\u00e1 capitalizar los votos de sus nuevos socios.<\/p>\n\n\n\n<p>FUENTE: MdzOnline.<\/p>\n","protected":false},"excerpt":{"rendered":"<p>l pase del intendente Roberto Righi a las filas de Omar De Marchi despert\u00f3 preocupaci\u00f3n en las filas del PJ. Creen que van a retener las 6 comunas que gobiernan sin embargo sospechan que Mat\u00edas Stevanato se ir\u00e1 con De Marchi y que esta situaci\u00f3n puede afectar la elecci\u00f3n provincial. Roberto Righi,\u00a0el intendente que gobierna [&hellip;]<\/p>\n","protected":false},"author":2,"featured_media":836,"comment_status":"open","ping_status":"open","sticky":true,"template":"","format":"standard","meta":[],"categories":[47],"tags":[],"_links":{"self":[{"href":"https:\/\/pasaenmendoza.com\/index.php?rest_route=\/wp\/v2\/posts\/832"}],"collection":[{"href":"https:\/\/pasaenmendoza.com\/index.php?rest_route=\/wp\/v2\/posts"}],"about":[{"href":"https:\/\/pasaenmendoza.com\/index.php?rest_route=\/wp\/v2\/types\/post"}],"author":[{"embeddable":true,"href":"https:\/\/pasaenmendoza.com\/index.php?rest_route=\/wp\/v2\/users\/2"}],"replies":[{"embeddable":true,"href":"https:\/\/pasaenmendoza.com\/index.php?rest_route=%2Fwp%2Fv2%2Fcomments&post=832"}],"version-history":[{"count":1,"href":"https:\/\/pasaenmendoza.com\/index.php?rest_route=\/wp\/v2\/posts\/832\/revisions"}],"predecessor-version":[{"id":837,"href":"https:\/\/pasaenmendoza.com\/index.php?rest_route=\/wp\/v2\/posts\/832\/revisions\/837"}],"wp:featuredmedia":[{"embeddable":true,"href":"https:\/\/pasaenmendoza.com\/index.php?rest_route=\/wp\/v2\/media\/836"}],"wp:attachment":[{"href":"https:\/\/pasaenmendoza.com\/index.php?rest_route=%2Fwp%2Fv2%2Fmedia&parent=832"}],"wp:term":[{"taxonomy":"category","embeddable":true,"href":"https:\/\/pasaenmendoza.com\/index.php?rest_route=%2Fwp%2Fv2%2Fcategories&post=832"},{"taxonomy":"post_tag","embeddable":true,"href":"https:\/\/pasaenmendoza.com\/index.php?rest_route=%2Fwp%2Fv2%2Ftags&post=832"}],"curies":[{"name":"wp","href":"https:\/\/api.w.org\/{rel}","templated":true}]}}