{"id":8322,"date":"2024-06-20T00:10:12","date_gmt":"2024-06-19T22:10:12","guid":{"rendered":"https:\/\/pasaenmendoza.com\/?p=8322"},"modified":"2024-06-20T00:10:14","modified_gmt":"2024-06-19T22:10:14","slug":"el-gobierno-lanzo-creditos-para-instalar-paneles-solares-en-pymes-productivas-por-5-500-millones","status":"publish","type":"post","link":"https:\/\/pasaenmendoza.com\/?p=8322","title":{"rendered":"El Gobierno lanz\u00f3 cr\u00e9ditos para instalar paneles solares en pymes productivas por $5.500 millones"},"content":{"rendered":"\n<p>El\u00a0<strong>Gobierno de Mendoza gestion\u00f3 una l\u00ednea de cr\u00e9ditos\u00a0<\/strong>con un cupo total de financiamiento de hasta<strong>\u00a0$5.500 millones<\/strong>\u00a0dispuesta por el Consejo Federal de Inversiones (CFI) para pymes del sector productivo que inviertan en generaci\u00f3n de energ\u00eda el\u00e9ctrica a trav\u00e9s de recursos renovables fotovoltaicos, como los\u00a0<strong>paneles solares<\/strong>.<\/p>\n\n\n\n<p>El objetivo es mejorar la eficiencia en el uso de los recursos naturales y energ\u00e9ticos, a trav\u00e9s de la&nbsp;<strong>transici\u00f3n de la matriz energ\u00e9tica hacia fuentes de energ\u00eda limpias<\/strong>&nbsp;que permitan mitigar efectos del cambio clim\u00e1tico mediante la promoci\u00f3n de acciones sustentables en actividades productivas de la provincia.<\/p>\n\n\n\n<p>Los fondos de la l\u00ednea financiera pueden ser utilizados para&nbsp;<strong>adquirir m\u00f3dulos fotovoltaicos y todo otro componente u obra necesaria para la instalaci\u00f3n completa de los equipos y su puesta en marcha<\/strong>.<\/p>\n\n\n\n<p>En la actualidad, el Gobierno de Mendoza cuenta con\u00a0<strong>663 usuarios \/generadores<\/strong>, con una potencia total fotovoltaica solicitada para el per\u00edodo 2016\/2024 de 12.953 MW, lo que equivale al consumo de alrededor de 6.000 hogares.<\/p>\n\n\n\n<h2 class=\"wp-block-heading\">El Gobierno de Mendoza remarc\u00f3 la importancia de las energ\u00edas renovables<\/h2>\n\n\n\n<p>El anuncio del plan de financiamiento para los paneles solares lo realizaron el gobernador Alfredo Cornejo, y la ministra de Energ\u00eda y Ambiente, Jimena Latorre. En la presentaci\u00f3n de la l\u00ednea de cr\u00e9ditos tambi\u00e9n participaron la vicegobernadora de Mendoza, Hebe Casado; los intendentes de Ciudad de Mendoza, Ulpiano Suarez; de Godoy Cruz, Diego Costarelli; de Guaymall\u00e9n, Marcos Calvente, y de Las Heras, Francisco Lo Presti; el ministro de Gobierno, Infraestructura y Desarrollo Territorial, Natalio Mema; el de Producci\u00f3n, Rodolfo Vargas Arizu; el secretario de Articulaci\u00f3n Federal del Ministerio de Seguridad de la Naci\u00f3n, N\u00e9stor Majul; la presidenta del EPRE, Andrea Molina; concejales y representantes de cooperativas el\u00e9ctricas de la provincia.<\/p>\n\n\n\n<p><strong>El gobernador habl\u00f3 del financiamiento y de las etapas que lo componen<\/strong>: &#8220;Creemos que dentro de los escasos instrumentos de pol\u00edtica econ\u00f3mica que tiene la Provincia, nosotros debemos asistir con cr\u00e9ditos que sean de f\u00e1cil acceso, pero cr\u00e9ditos de una tasa baja, y con plazos de gracia, como la que estamos ofreciendo en esta oportunidad para que reconviertan su estructura a las pymes\u201d.<\/p>\n\n\n\n<p><strong>Cornejo destac\u00f3 el cuidado de ambiente y las ventajas de generar energ\u00eda solar<\/strong>: &#8220;Es un gran aporte al medio ambiente. Estamos trabajando para remplazar por energ\u00edas limpias. Este programa de financiamiento debe ser lo m\u00e1s masivo posible. Es un programa muy ambicioso, pero creemos que es derivado de las reformas que hicimos en mi primer gobierno, con la ley de generaci\u00f3n de energ\u00eda distribuida. Hoy tenemos 600 usuarios en la provincia que tienen paneles solares y dem\u00e1s. Obviamente, como la tarifa no ha sido la adecuada, esos usuarios no han tenido incentivos buenos para amortizar la inversi\u00f3n de esos paneles. Somos un lugar para generar energ\u00eda solar de calidad y en cantidad, y aspiramos a que esto sea una pol\u00edtica sostenida en el tiempo\u201d.<\/p>\n\n\n\n<p>Jimena Latorre, Alfredo Cornejo y Hebe Casado durante el auncio del finciamiento para los paneles solares.<\/p>\n\n\n\n<p>El mandatario tambi\u00e9n sostuvo la importancia de la labor de los intendentes para poder facilitar el desarrollo de este programa: \u201cEs muy relevante el papel de los intendentes, fundamentalmente los del Gran Mendoza. Ellos conocen muchos comercios y pymes. Es importante poder identificarlos en esta primera etapa para trabajar mano a mano con ellos y sacar sus temores y dem\u00e1s. Es una pol\u00edtica que es inexorable, que va a ir por ese lugar a partir de los lineamientos del Gobierno nacional, con el sinceramiento de tarifas, que har\u00e1 m\u00e1s sano el funcionamiento de la econom\u00eda. Creo adem\u00e1s que estamos haciendo un aporte sustantivo al ambiente\u201d.<\/p>\n\n\n\n<p><strong>Latorre destac\u00f3 la importancia de esta l\u00ednea de financiamiento<\/strong>: &#8220;Para el Gobierno de la Provincia es muy importante hacer el anuncio de una l\u00ednea de financiamiento que se ha generado con el Consejo Federal de Inversiones espec\u00edficamente para pymes. En un sendero de actualizaci\u00f3n tarifaria, la reconversi\u00f3n de la matriz de consumo energ\u00e9tica da oportunidad para que nuevamente incorporemos a esta figura de la generaci\u00f3n distribuida, en la cual nuestra provincia ha sido pionera, haciendo posible<strong>&nbsp;que los grandes usuarios como comercios y peque\u00f1as industrias puedan ser a su vez generadores que cambien, que muden a una matriz m\u00e1s limpia<\/strong>\u201d.<\/p>\n\n\n\n<h2 class=\"wp-block-heading\"><strong>Los cr\u00e9ditos y la financiaci\u00f3n del programa<\/strong><\/h2>\n\n\n\n<p><strong>El monto m\u00e1ximo del cr\u00e9dito es hasta $120 millones<\/strong>&nbsp;y podr\u00e1 garantizarse a trav\u00e9s de sociedad de garant\u00eda rec\u00edproca (SGR), como Cuyo Aval o Garantizar.&nbsp;<strong>El plazo de devoluci\u00f3n m\u00e1ximo es de 48 meses y otorga hasta 6 meses de gracia.<\/strong><\/p>\n\n\n\n<p><strong>La financiaci\u00f3n alcanza hasta 80% de la inversi\u00f3n<\/strong>. Las tasas var\u00edan en funci\u00f3n del monto solicitado con una tasa equivalente a 50% de la tasa compensatoria variable (actualmente, 20%).<\/p>\n\n\n\n<p>Este programa gestionado por el Gobierno de Mendoza ante el CFI permite, por ejemplo, que una mediana empresa productiva, para generar 66.479 watts por a\u00f1o, con una inversi\u00f3n estimada de $50 millones, pueda instalar 72 paneles solares y su medidor, lo que implica una potencia fotovoltaica instalada de 39,6 kW\/pico.<\/p>\n\n\n\n<p>Adem\u00e1s, desde el punto de vista ambiental trae aparejada una reducci\u00f3n de 33.193 kg CO2 por a\u00f1o y contribuye a una disminuci\u00f3n del consumo energ\u00e9tico, que se refleja en la factura del servicio.<\/p>\n\n\n\n<p>Las peque\u00f1as y medianas empresas productivas de la provincia de Mendoza interesadas pueden obtener m\u00e1s informaci\u00f3n y consultar los detalles del programa en\u00a0https:\/\/cfi.org.ar\/financiamiento_verde.<\/p>\n\n\n\n<p>Fuente: www.diariouno.com.ar<\/p>\n","protected":false},"excerpt":{"rendered":"<p>El\u00a0Gobierno de Mendoza gestion\u00f3 una l\u00ednea de cr\u00e9ditos\u00a0con un cupo total de financiamiento de hasta\u00a0$5.500 millones\u00a0dispuesta por el Consejo Federal de Inversiones (CFI) para pymes del sector productivo que inviertan en generaci\u00f3n de energ\u00eda el\u00e9ctrica a trav\u00e9s de recursos renovables fotovoltaicos, como los\u00a0paneles solares. El objetivo es mejorar la eficiencia en el uso de los [&hellip;]<\/p>\n","protected":false},"author":2,"featured_media":8323,"comment_status":"open","ping_status":"open","sticky":false,"template":"","format":"standard","meta":[],"categories":[75],"tags":[],"_links":{"self":[{"href":"https:\/\/pasaenmendoza.com\/index.php?rest_route=\/wp\/v2\/posts\/8322"}],"collection":[{"href":"https:\/\/pasaenmendoza.com\/index.php?rest_route=\/wp\/v2\/posts"}],"about":[{"href":"https:\/\/pasaenmendoza.com\/index.php?rest_route=\/wp\/v2\/types\/post"}],"author":[{"embeddable":true,"href":"https:\/\/pasaenmendoza.com\/index.php?rest_route=\/wp\/v2\/users\/2"}],"replies":[{"embeddable":true,"href":"https:\/\/pasaenmendoza.com\/index.php?rest_route=%2Fwp%2Fv2%2Fcomments&post=8322"}],"version-history":[{"count":1,"href":"https:\/\/pasaenmendoza.com\/index.php?rest_route=\/wp\/v2\/posts\/8322\/revisions"}],"predecessor-version":[{"id":8324,"href":"https:\/\/pasaenmendoza.com\/index.php?rest_route=\/wp\/v2\/posts\/8322\/revisions\/8324"}],"wp:featuredmedia":[{"embeddable":true,"href":"https:\/\/pasaenmendoza.com\/index.php?rest_route=\/wp\/v2\/media\/8323"}],"wp:attachment":[{"href":"https:\/\/pasaenmendoza.com\/index.php?rest_route=%2Fwp%2Fv2%2Fmedia&parent=8322"}],"wp:term":[{"taxonomy":"category","embeddable":true,"href":"https:\/\/pasaenmendoza.com\/index.php?rest_route=%2Fwp%2Fv2%2Fcategories&post=8322"},{"taxonomy":"post_tag","embeddable":true,"href":"https:\/\/pasaenmendoza.com\/index.php?rest_route=%2Fwp%2Fv2%2Ftags&post=8322"}],"curies":[{"name":"wp","href":"https:\/\/api.w.org\/{rel}","templated":true}]}}