{"id":8325,"date":"2024-06-20T00:18:59","date_gmt":"2024-06-19T22:18:59","guid":{"rendered":"https:\/\/pasaenmendoza.com\/?p=8325"},"modified":"2024-06-20T00:19:01","modified_gmt":"2024-06-19T22:19:01","slug":"cacho-garay-obtuvo-la-prision-domiciliaria-y-sale-de-la-carcel-despues-de-casi-un-ano","status":"publish","type":"post","link":"https:\/\/pasaenmendoza.com\/?p=8325","title":{"rendered":"Cacho Garay obtuvo la prisi\u00f3n domiciliaria y sale de la c\u00e1rcel despu\u00e9s de casi un a\u00f1o"},"content":{"rendered":"\n<p><strong>Juan<\/strong>\u00a0<strong>Cacho Garay (69)\u00a0<\/strong>estuvo a d\u00edas de cumplir un a\u00f1o alojado en la penitenciar\u00eda.\u00a0Sin embargo, este martes obtuvo un beneficio procesal ya que un juez determin\u00f3 que su arresto continuara en forma domiciliaria, lo que se concret\u00f3 pasadas las 16 de este mi\u00e9rcoles.<\/p>\n\n\n\n<p>Esto fue tras un pedido de la propia fiscal que investiga&nbsp;<strong>delitos sexuales y de violencia de g\u00e9nero&nbsp;<\/strong>contra su expareja&nbsp;<strong>Ver\u00f3nica Mac\u00edas (37).<\/strong><\/p>\n\n\n\n<p><strong>Adem\u00e1s, el magistrado le impuso una cauci\u00f3n de $5.000.000\u00a0<\/strong>como garant\u00eda del cumplimiento del arresto domiciliario. Tiene prohibido salir del pa\u00eds y de Mendoza.<\/p>\n\n\n\n<p>Hace algunas semanas que&nbsp;<strong>la fiscal de Violencia de G\u00e9nero M\u00f3nica Fern\u00e1ndez Poblet solicit\u00f3 que la prisi\u00f3n preventiva del humorista contin\u00fae en modalidad domiciliaria. Esto se debe principalmente al estado de salud de&nbsp;<em>Cacho<\/em>&nbsp;Garay<\/strong>, que se ha visto desmejorado desde su estad\u00eda en el penal. Si bien en el Servicio Penitenciario han ratificado que lo pueden tratar dentro de la c\u00e1rcel, lo cierto es que debe asistirlo un m\u00e9dico hasta m\u00e1s de una vez por d\u00eda, seg\u00fan comentaron fuentes judiciales.<\/p>\n\n\n\n<p>Adem\u00e1s, Ver\u00f3nica Mac\u00edas ya no est\u00e1 viviendo en Mendoza por lo que se elimin\u00f3 el riesgo de que Cacho Garay intente entorpecer la investigaci\u00f3n contact\u00e1ndola.<\/p>\n\n\n\n<p>Los propios abogados querellantes, Agust\u00edn Magdalena y Cristian Vaira Leyton, estuvieron de acuerdo con la postura de la Fiscal\u00eda durante la audiencia que se realiz\u00f3 esta tarde.<\/p>\n\n\n\n<p>En tanto que los abogados defensores, Daniel Romero y Juan Pablo Ildarraz, hab\u00edan solicitado directamente la libertad de su cliente argumentando que la \u00faltima pericia psicol\u00f3gica que se incorpor\u00f3 en el expediente le quit\u00f3 grado de credibilidad al testimonio de la denunciante.<\/p>\n\n\n\n<p><strong>El juez Federico Mart\u00ednez termin\u00f3 otorgando el beneficio de la prisi\u00f3n domiciliaria<\/strong>, que Cacho Garay pasar\u00e1 a cumplir en el domicilio de una hermana ubicado en Luj\u00e1n de Cuyo, seg\u00fan comentaron fuentes cercanas a la causa.<\/p>\n\n\n\n<h2 class=\"wp-block-heading\">La denuncia de violencia de g\u00e9nero y abuso sexual contra Cacho Garay<\/h2>\n\n\n\n<p>En los primeros d\u00edas de abril trascendi\u00f3 una denuncia por violencia de g\u00e9nero que Ver\u00f3nica Mac\u00edas hizo contra su esposo, Cacho Garay. La mujer explic\u00f3 que el 5 de abril mantuvo una discusi\u00f3n con Cacho Garay en el domicilio donde conviv\u00edan en Luj\u00e1n de Cuyo. La situaci\u00f3n se fue elevando de tono hasta que\u00a0<strong>el acusado tom\u00f3 un arma de fuego, le apunt\u00f3 a la cabeza y le advirti\u00f3: &#8220;Te voy a matar&#8221;.<\/strong><\/p>\n\n\n\n<p>Una semana despu\u00e9s se realiz\u00f3 un allanamiento en el domicilio donde el humorista fue detenido y&nbsp;<strong>se secuestraron cuatro armas de fuego de colecci\u00f3n, de las cuales dos estaban aptas para el disparo.&nbsp;<\/strong>Sin embargo, estuvo menos de 24 horas preso ya que recuper\u00f3 la libertad.<\/p>\n\n\n\n<p>La bailarina ampli\u00f3 su testimonio y&nbsp;<strong>habl\u00f3 de reiterados abusos sexuales y de haber sido privada de su libertad por parte de Cacho Garay.&nbsp;<\/strong>La Fiscal\u00eda de Violencia de G\u00e9nero agrav\u00f3 la imputaci\u00f3n y orden\u00f3 la detenci\u00f3n domiciliaria del sospechoso.<\/p>\n\n\n\n<p><strong>El humorista est\u00e1 acusado de amenazas agravadas, tenencia ilegal de arma de fuego de uso civil, abuso sexual con acceso carnal, privaci\u00f3n de la libertad agravada y desobediencia a una orden judicial.&nbsp;<\/strong>Arriesga una potencial condena de 8 a 32 a\u00f1os de c\u00e1rcel.<\/p>\n\n\n\n<p>Semanas despu\u00e9s se apunt\u00f3 contra la empleada legislativa Sandra Astudillo Staffolani, quien hab\u00eda sido pareja de Cacho Garay. Creen que particip\u00f3 en varios abusos sexuales que el humorista cometi\u00f3 contra Ver\u00f3nica Mac\u00edas\u00a0<strong>entre los a\u00f1os 2011 y 2013<\/strong>. Los hechos ocurrieron en distintas viviendas y se trat\u00f3 de<strong>\u00a0vej\u00e1menes con penetraci\u00f3n y hasta la obligaron a consumir sedantes<\/strong>, seg\u00fan declar\u00f3 la denunciante.<\/p>\n\n\n\n<p><strong>Fuente: www.diariouno.com.ar<\/strong><\/p>\n","protected":false},"excerpt":{"rendered":"<p>Juan\u00a0Cacho Garay (69)\u00a0estuvo a d\u00edas de cumplir un a\u00f1o alojado en la penitenciar\u00eda.\u00a0Sin embargo, este martes obtuvo un beneficio procesal ya que un juez determin\u00f3 que su arresto continuara en forma domiciliaria, lo que se concret\u00f3 pasadas las 16 de este mi\u00e9rcoles. Esto fue tras un pedido de la propia fiscal que investiga&nbsp;delitos sexuales y [&hellip;]<\/p>\n","protected":false},"author":2,"featured_media":8326,"comment_status":"open","ping_status":"open","sticky":false,"template":"","format":"standard","meta":[],"categories":[51],"tags":[],"_links":{"self":[{"href":"https:\/\/pasaenmendoza.com\/index.php?rest_route=\/wp\/v2\/posts\/8325"}],"collection":[{"href":"https:\/\/pasaenmendoza.com\/index.php?rest_route=\/wp\/v2\/posts"}],"about":[{"href":"https:\/\/pasaenmendoza.com\/index.php?rest_route=\/wp\/v2\/types\/post"}],"author":[{"embeddable":true,"href":"https:\/\/pasaenmendoza.com\/index.php?rest_route=\/wp\/v2\/users\/2"}],"replies":[{"embeddable":true,"href":"https:\/\/pasaenmendoza.com\/index.php?rest_route=%2Fwp%2Fv2%2Fcomments&post=8325"}],"version-history":[{"count":1,"href":"https:\/\/pasaenmendoza.com\/index.php?rest_route=\/wp\/v2\/posts\/8325\/revisions"}],"predecessor-version":[{"id":8327,"href":"https:\/\/pasaenmendoza.com\/index.php?rest_route=\/wp\/v2\/posts\/8325\/revisions\/8327"}],"wp:featuredmedia":[{"embeddable":true,"href":"https:\/\/pasaenmendoza.com\/index.php?rest_route=\/wp\/v2\/media\/8326"}],"wp:attachment":[{"href":"https:\/\/pasaenmendoza.com\/index.php?rest_route=%2Fwp%2Fv2%2Fmedia&parent=8325"}],"wp:term":[{"taxonomy":"category","embeddable":true,"href":"https:\/\/pasaenmendoza.com\/index.php?rest_route=%2Fwp%2Fv2%2Fcategories&post=8325"},{"taxonomy":"post_tag","embeddable":true,"href":"https:\/\/pasaenmendoza.com\/index.php?rest_route=%2Fwp%2Fv2%2Ftags&post=8325"}],"curies":[{"name":"wp","href":"https:\/\/api.w.org\/{rel}","templated":true}]}}