{"id":8331,"date":"2024-06-20T00:29:42","date_gmt":"2024-06-19T22:29:42","guid":{"rendered":"https:\/\/pasaenmendoza.com\/?p=8331"},"modified":"2024-06-20T00:29:43","modified_gmt":"2024-06-19T22:29:43","slug":"el-fenomeno-de-intensamente-2-se-instalo-en-mendoza-y-reactivo-las-salas-de-cine","status":"publish","type":"post","link":"https:\/\/pasaenmendoza.com\/?p=8331","title":{"rendered":"El fen\u00f3meno de \u201cIntensamente 2\u201d se instal\u00f3 en Mendoza y reactiv\u00f3 las salas de cine"},"content":{"rendered":"\n<p>A\u00fan no ha pasado una semana desde que se estren\u00f3&nbsp;<strong><em>\u201cIntensamente 2\u201d<\/em><\/strong>&nbsp;y las salas del mundo entero colapsaron por la cantidad de espectadores dispuestos a disfrutar del \u00e9xito de Disney y Pixar.&nbsp;<strong>Mendoza<\/strong>&nbsp;no se qued\u00f3 atr\u00e1s y hoy&nbsp;<mark>todas las salas de la provincia cuentan con la proyecci\u00f3n del filme animado.<\/mark><\/p>\n\n\n\n<p>Son m\u00e1s de 100 las funciones diarias disponibles, en los diferentes complejos de la provincia.&nbsp;<mark>Los valores de las entradas oscilan entre los 2.000 y 4.000 mil pesos<\/mark>, con promoci\u00f3n incluida, aunque el&nbsp;<mark>precio normal es de 7.800 pesos.<\/mark><\/p>\n\n\n\n<p>Frente a este fen\u00f3meno que no se detiene, los responsables de las principales salas cinematogr\u00e1ficas de la provincia advierten que\u00a0<em>\u201cla pel\u00edcula activ\u00f3 el sector que ven\u00eda en baja\u201d<\/em>\u00a0y se prev\u00e9 que perdure varias semanas m\u00e1s.<\/p>\n\n\n\n<h2 class=\"wp-block-heading\" id=\"h-intensamente-2-reanimo-al-cine-local\">\u201cIntensamente 2\u201d reanim\u00f3 al cine local<\/h2>\n\n\n\n<p>Hac\u00eda mucho tiempo que una pel\u00edcula no generaba un batacazo como lo hizo&nbsp;<em>Intensamente 2<\/em>, uno de los tanques esperados para estas vacaciones de invierno, que&nbsp;<mark>se posicion\u00f3 como el segundo estreno animado m\u00e1s grande de la historia del cine.<\/mark><\/p>\n\n\n\n<p>El efecto se dio a nivel mundial y en Mendoza es impresionante la demanda que ha generado.\u00a0<em>\u201cSab\u00edamos que iba a dar un sacud\u00f3n en la pantalla grande, pero no imaginamos la repercusi\u00f3n, realmente ha superado todas nuestras expectativas\u201d<\/em>, coment\u00f3<em>\u00a0<\/em><strong>Diego Bachiller,<\/strong>\u00a0de\u00a0Cinemark\u00a0y agreg\u00f3:<\/p>\n\n\n\n<p>Por su parte,\u00a0<strong>Luciano Barchetti<\/strong>, gerente de\u00a0Cin\u00e9polis de Mendoza\u00a0cont\u00f3 que\u00a0<em>\u201cel complejo, ubicado en el Mendoza Plaza Shopping, hoy est\u00e1 ofreciendo 46 funciones diarias, repartidas en sus diez salas\u201d.<\/em><\/p>\n\n\n\n<p><em>\u201cDesde su estreno, hasta la actualidad, en los principales complejos de Mendoza, unas 70.000 personas ya pudieron disfrutar del filme. En nuestro caso particular, el fin de semana, de diez salas habilitadas, ocho contaron con funciones agotadas, un verdadero logro\u201d<\/em>, dijo el responsable de Cin\u00e9polis.<\/p>\n\n\n\n<p>Asimismo, el empresario asegur\u00f3 que&nbsp;<mark>el cine sigue siendo el entretenimiento elegido por los mendocinos:<\/mark><em>&nbsp;\u201cCuando hay buenos t\u00edtulos, la gente opta por venir\u201d.<\/em><\/p>\n\n\n\n<p>Un dato que no es menor es que mucha gente aprovecha los d\u00edas de promoci\u00f3n para poder adquirir sus\u00a0<strong>entradas con el 50% de descuento<\/strong>, cuyo precio final no supera los 4.000 pesos por persona, aproximadamente.<\/p>\n\n\n\n<p>El \u00e9xito de&nbsp;<strong>Intensamente 2<\/strong>&nbsp;no se detiene esta semana, sino que contin\u00faa, por lo que los responsables de las salas locales advirtieron que&nbsp;<em>\u201cel filme permanecer\u00e1 en taquilla por varias semanas m\u00e1s\u201d.<\/em><\/p>\n\n\n\n<p>Sin dudas,\u00a0<mark>ser\u00e1 una de las grandes apuestas de las vacaciones de invierno junto con\u00a0<em>Mi villano favorito 4<\/em>, que se estrena este jueves.<\/mark><\/p>\n\n\n\n<h2 class=\"wp-block-heading\" id=\"h-el-imperial-con-funciones-accesibles\">El Imperial, con funciones accesibles<\/h2>\n\n\n\n<p>Adem\u00e1s de las salas comerciales, el\u00a0<strong>cine-teatro Imperial<\/strong>, ubicado en Maip\u00fa, tambi\u00e9n se subi\u00f3 al \u00e9xito de \u201cIntensamente 2\u201d y\u00a0<mark>ofrece cuatro funciones semanales<\/mark>, previstas de jueves a domingos.<\/p>\n\n\n\n<p><mark>Las entradas tienen un costo de 2.000 pesos<\/mark>\u00a0(s\u00f3lo se paga en efectivo, en la boleter\u00eda del lugar) y los horarios de exhibici\u00f3n son: el jueves 20 a las 19; viernes 21 a las 15; s\u00e1bado 22 a las 15 y domingo 23 a las 19.<\/p>\n\n\n\n<p><em>\u201cEs impresionante la demanda que hemos tenido. Realmente la pel\u00edcula es uno de esos tanques que llegan para quedarse y ha arrasado en la taquilla mundial\u201d<\/em>, coment\u00f3&nbsp;<strong>Gabriel Zamora,<\/strong>&nbsp;director del Teatro Imperial.<\/p>\n\n\n\n<p>El funcionario, adem\u00e1s, anticip\u00f3 que&nbsp;<em>\u201cdado el fen\u00f3meno que est\u00e1 generando la pel\u00edcula, desde el mi\u00e9rcoles 10 de julio, en plenas vacaciones de invierno, se sumar\u00e1 una nueva funci\u00f3n a las 11, para que todos los ni\u00f1os y grandes puedan disfrutarla\u201d.<\/em><\/p>\n\n\n\n<p><em>\u201cTambi\u00e9n estamos muy expectantes por el estreno de Mi villano Favorito 4 que llega a las salas el pr\u00f3ximo jueves 20 de junio y que en el Imperial empezaremos a exhibir en una semana m\u00e1s\u201d<\/em>, cerr\u00f3.<\/p>\n\n\n\n<h2 class=\"wp-block-heading\" id=\"h-sobre-el-filme\">Sobre el filme<\/h2>\n\n\n\n<p><em>Intensamente 2<\/em>\u00a0fue dirigida por\u00a0<strong>Kelsey Mann.<\/strong>\u00a0La pel\u00edcula cuenta la historia de las emociones de\u00a0<strong>Riley<\/strong>, ahora una flamante adolescente, cuya nueva etapa provoca una repentina demolici\u00f3n del cuartel en su interior con la llegada de nuevos personajes.<\/p>\n\n\n\n<p>Es as\u00ed como\u00a0<strong>Alegr\u00eda<\/strong>,\u00a0<strong>Tristeza<\/strong>,\u00a0<strong>Furia<\/strong>,\u00a0<strong>Temor\u00a0<\/strong>y\u00a0<strong>Desagrado<\/strong>, que llevan mucho tiempo realizando una operaci\u00f3n exitosa, no est\u00e1n seguros de c\u00f3mo sentirse cuando aparece\u00a0<strong>Ansiedad<\/strong>,\u00a0<strong>Envidia<\/strong>,\u00a0<strong>Timidez\u00a0<\/strong>y\u00a0<strong>Aburrimiento<\/strong>.<\/p>\n\n\n\n<p><strong>Fuente: www.elsol.com.ar<\/strong><\/p>\n\n\n\n<p><\/p>\n","protected":false},"excerpt":{"rendered":"<p>A\u00fan no ha pasado una semana desde que se estren\u00f3&nbsp;\u201cIntensamente 2\u201d&nbsp;y las salas del mundo entero colapsaron por la cantidad de espectadores dispuestos a disfrutar del \u00e9xito de Disney y Pixar.&nbsp;Mendoza&nbsp;no se qued\u00f3 atr\u00e1s y hoy&nbsp;todas las salas de la provincia cuentan con la proyecci\u00f3n del filme animado. Son m\u00e1s de 100 las funciones diarias [&hellip;]<\/p>\n","protected":false},"author":2,"featured_media":8332,"comment_status":"open","ping_status":"open","sticky":false,"template":"","format":"standard","meta":[],"categories":[50],"tags":[],"_links":{"self":[{"href":"https:\/\/pasaenmendoza.com\/index.php?rest_route=\/wp\/v2\/posts\/8331"}],"collection":[{"href":"https:\/\/pasaenmendoza.com\/index.php?rest_route=\/wp\/v2\/posts"}],"about":[{"href":"https:\/\/pasaenmendoza.com\/index.php?rest_route=\/wp\/v2\/types\/post"}],"author":[{"embeddable":true,"href":"https:\/\/pasaenmendoza.com\/index.php?rest_route=\/wp\/v2\/users\/2"}],"replies":[{"embeddable":true,"href":"https:\/\/pasaenmendoza.com\/index.php?rest_route=%2Fwp%2Fv2%2Fcomments&post=8331"}],"version-history":[{"count":1,"href":"https:\/\/pasaenmendoza.com\/index.php?rest_route=\/wp\/v2\/posts\/8331\/revisions"}],"predecessor-version":[{"id":8333,"href":"https:\/\/pasaenmendoza.com\/index.php?rest_route=\/wp\/v2\/posts\/8331\/revisions\/8333"}],"wp:featuredmedia":[{"embeddable":true,"href":"https:\/\/pasaenmendoza.com\/index.php?rest_route=\/wp\/v2\/media\/8332"}],"wp:attachment":[{"href":"https:\/\/pasaenmendoza.com\/index.php?rest_route=%2Fwp%2Fv2%2Fmedia&parent=8331"}],"wp:term":[{"taxonomy":"category","embeddable":true,"href":"https:\/\/pasaenmendoza.com\/index.php?rest_route=%2Fwp%2Fv2%2Fcategories&post=8331"},{"taxonomy":"post_tag","embeddable":true,"href":"https:\/\/pasaenmendoza.com\/index.php?rest_route=%2Fwp%2Fv2%2Ftags&post=8331"}],"curies":[{"name":"wp","href":"https:\/\/api.w.org\/{rel}","templated":true}]}}