{"id":8334,"date":"2024-06-25T00:36:06","date_gmt":"2024-06-24T22:36:06","guid":{"rendered":"https:\/\/pasaenmendoza.com\/?p=8334"},"modified":"2024-06-25T00:36:07","modified_gmt":"2024-06-24T22:36:07","slug":"turismo-para-la-came-la-ocupacion-hotelera-en-mendoza-fue-del-78-en-mendoza","status":"publish","type":"post","link":"https:\/\/pasaenmendoza.com\/?p=8334","title":{"rendered":"Turismo: para la CAME, la ocupaci\u00f3n hotelera en Mendoza fue del 78% en Mendoza"},"content":{"rendered":"\n<p>Seg\u00fan\u00a0<strong>datos de la CAME<\/strong>,\u00a0<strong>durante los tres feriados de la \u00faltima semana,<\/strong>\u00a0que redondearon un total de siete jornadas para viajar, casi 2,6 millones de personas salieron de paseo por Argentina, un\u00a0<strong>15,3% m\u00e1s que en los cuatro d\u00edas que dur\u00f3 el fin de semana combinado de 2023<\/strong>.<\/p>\n\n\n\n<p>La Confederaci\u00f3n Argentina de la Mediana Empresa (CAME) detall\u00f3 que&nbsp;<strong>en materia de gasto, igualmente este a\u00f1o fue m\u00e1s austero<\/strong>: gastaron en total $384.869 millones (U$S 418 millones), 4% menos en pesos, a precios reales, que lo que se gast\u00f3 en solo cuatro d\u00edas del 2023. Una diferencia la aport\u00f3&nbsp;<strong>el turista internacional, que este a\u00f1o tuvo muy poca presencia<\/strong>, y redujo el gasto per c\u00e1pita.<\/p>\n\n\n\n<p><strong>Mendoza, detall\u00f3 la CAME, super\u00f3 el 78% de ocupaci\u00f3n<\/strong>, con la nieve como atracci\u00f3n principal y una estad\u00eda promedio de tres d\u00edas, con un gasto por persona diario promedio de $50.000.<\/p>\n\n\n\n<p>Desde el Gobierno de Mendoza la presidenta del Ente Mendoza Turismo,\u00a0<strong>Gabriela Testa, hab\u00eda anticipado que \u201cen ambos casos,\u00a0el n\u00famero de ocupaci\u00f3n consolidado supera las expectativas\u00a0y esto se da por el fen\u00f3meno del turista espont\u00e1neo, que toma su decisi\u00f3n de viajar a \u00faltimo momento\u201d.<\/strong><\/p>\n\n\n\n<h2 class=\"wp-block-heading\"><strong>Datos de la CAME por los feriados por G\u00fcemes, el D\u00eda de la Bandera y el puente<\/strong><\/h2>\n\n\n\n<p>Este a\u00f1o los dos feriados de junio se festejaron en fines de semana separados y en el balance final,&nbsp;<strong>result\u00f3 favorable para el sector<\/strong>.<\/p>\n\n\n\n<p>Al sumar las dos fechas, los turistas tuvieron siete d\u00edas para viajar, cuando en junio de 2023 fueron solo cuatro. Como resultado, esta vez se moviliz\u00f3 un 15,3% m\u00e1s de personas que en 2023.\u00a0<strong>Unos 800 mil viajaron por la Inmortalidad de G\u00fcemes, del 14 al 17 de junio, y 1,8 millones lo hicieron este fin de semana por el D\u00eda de la Bandera.\u00a0<\/strong>Hubo\u00a0<strong>muchos arribos sobre hora con venta de mostrador.<\/strong><\/p>\n\n\n\n<p>En el fin de semana de cuatro jornadas por el D\u00eda de la Bandera viajaron 1,8 millones de turistas por la Argentina y gastaron $303.405 millones en alimentos, bebidas, alojamiento, transporte, recreaci\u00f3n y compras diversas.<\/p>\n\n\n\n<p><strong>La cantidad de gente que se traslad\u00f3 fue 20% menor al mismo fin de semana del a\u00f1o pasado<\/strong>, que tuvo igual cantidad de d\u00edas (4) y gast\u00f3 24,3% menos a precios reales.<\/p>\n\n\n\n<p>Pero en el balance final, festejar los feriados en fines de semana separados, como sucedi\u00f3 este a\u00f1o, termin\u00f3 siendo mejor para la actividad:\u00a0<strong>si se agregan los resultados de este fin de semana con los del feriado del pasado 17 de junio, al sumar siete d\u00edas, casi 2,6 millones de personas salieron de paseo<\/strong>, es 15,3% m\u00e1s que en los cuatro d\u00edas que dur\u00f3 el fin de semana combinado de 2023.<\/p>\n\n\n\n<p>Los turistas de este fin de semana tuvieron una estad\u00eda promedio de 3 noches y gastaron $56.500 diarios cada uno, por encima del desembolso realizado el fin de semana pasado, donde ante la baja demanda, hubo&nbsp;<strong>muchas m\u00e1s promociones<\/strong>&nbsp;y menos opciones recreativas donde gastar.<\/p>\n\n\n\n<p>El tiempo este a\u00f1o fue menos amigable, con nevadas en la Patagonia, tormentas en algunas zonas de Cuyo y NOA, temporales en el NEA, y vientos fuertes en la Costa. Aun as\u00ed, hubo sol y tambi\u00e9n momentos de temperaturas templadas.<\/p>\n\n\n\n<p><strong>En lo que va del a\u00f1o tuvieron lugar 4 fines de semana largos<\/strong>, donde viajaron 8,4 millones de turistas y gastaron $1.369.395 millones (U$S 1.488 millones a d\u00f3lar oficial venta del BNA).<\/p>\n\n\n\n<p><strong>Fuente: www.diariouno.com.ar<\/strong><\/p>\n","protected":false},"excerpt":{"rendered":"<p>Seg\u00fan\u00a0datos de la CAME,\u00a0durante los tres feriados de la \u00faltima semana,\u00a0que redondearon un total de siete jornadas para viajar, casi 2,6 millones de personas salieron de paseo por Argentina, un\u00a015,3% m\u00e1s que en los cuatro d\u00edas que dur\u00f3 el fin de semana combinado de 2023. La Confederaci\u00f3n Argentina de la Mediana Empresa (CAME) detall\u00f3 que&nbsp;en [&hellip;]<\/p>\n","protected":false},"author":2,"featured_media":8335,"comment_status":"open","ping_status":"open","sticky":false,"template":"","format":"standard","meta":[],"categories":[64],"tags":[],"_links":{"self":[{"href":"https:\/\/pasaenmendoza.com\/index.php?rest_route=\/wp\/v2\/posts\/8334"}],"collection":[{"href":"https:\/\/pasaenmendoza.com\/index.php?rest_route=\/wp\/v2\/posts"}],"about":[{"href":"https:\/\/pasaenmendoza.com\/index.php?rest_route=\/wp\/v2\/types\/post"}],"author":[{"embeddable":true,"href":"https:\/\/pasaenmendoza.com\/index.php?rest_route=\/wp\/v2\/users\/2"}],"replies":[{"embeddable":true,"href":"https:\/\/pasaenmendoza.com\/index.php?rest_route=%2Fwp%2Fv2%2Fcomments&post=8334"}],"version-history":[{"count":1,"href":"https:\/\/pasaenmendoza.com\/index.php?rest_route=\/wp\/v2\/posts\/8334\/revisions"}],"predecessor-version":[{"id":8336,"href":"https:\/\/pasaenmendoza.com\/index.php?rest_route=\/wp\/v2\/posts\/8334\/revisions\/8336"}],"wp:featuredmedia":[{"embeddable":true,"href":"https:\/\/pasaenmendoza.com\/index.php?rest_route=\/wp\/v2\/media\/8335"}],"wp:attachment":[{"href":"https:\/\/pasaenmendoza.com\/index.php?rest_route=%2Fwp%2Fv2%2Fmedia&parent=8334"}],"wp:term":[{"taxonomy":"category","embeddable":true,"href":"https:\/\/pasaenmendoza.com\/index.php?rest_route=%2Fwp%2Fv2%2Fcategories&post=8334"},{"taxonomy":"post_tag","embeddable":true,"href":"https:\/\/pasaenmendoza.com\/index.php?rest_route=%2Fwp%2Fv2%2Ftags&post=8334"}],"curies":[{"name":"wp","href":"https:\/\/api.w.org\/{rel}","templated":true}]}}