{"id":834,"date":"2023-08-22T14:28:16","date_gmt":"2023-08-22T12:28:16","guid":{"rendered":"https:\/\/pasaenmendoza.com\/?p=834"},"modified":"2023-08-22T14:28:17","modified_gmt":"2023-08-22T12:28:17","slug":"cornejo-busca-atraer-a-los-votantes-de-petri-y-promete-una-revision-integral-del-item-aula","status":"publish","type":"post","link":"https:\/\/pasaenmendoza.com\/?p=834","title":{"rendered":"Cornejo busca atraer a los votantes de Petri y promete una \u201crevisi\u00f3n integral\u201d del \u00edtem aula"},"content":{"rendered":"\n<p>Los resultados de las Primarias provinciales del 11 de junio dejaron un gusto agridulce para&nbsp;<strong>Alfredo Cornejo<\/strong>. Si bien&nbsp;<strong>Cambia Mendoza<\/strong>&nbsp;fue el frente m\u00e1s votado y \u00e9l gan\u00f3 la interna, la sorpresiva performance de&nbsp;<strong>Luis Petri<\/strong>&nbsp;lo oblig\u00f3 a repensar la estrategia de cara a las generales del 24 de septiembre.<\/p>\n\n\n\n<p>En ese contexto, Cornejo y Petri se reunieron este lunes junto con sus respectivas compa\u00f1eras de f\u00f3rmulas,&nbsp;<strong>Hebe Casada y Patricia Gim\u00e9nez<\/strong>, para debatir iniciativas en materia de seguridad, producci\u00f3n, impositiva y educativa.<\/p>\n\n\n\n<p>De acuerdo con fuentes de Cambia Mendoza, Cornejo y Petri se comprometieron a trabajar juntos. En tal sentido, el candidato a gobernador \u201ctomar\u00e1\u201d algunas de las propuestas del actual postulante a vicepresidente de Juntos por el Cambio.<\/p>\n\n\n\n<p>Entre las conclusiones m\u00e1s llamativas del encuentro,&nbsp;<strong>Cornejo prometi\u00f3 realizar una revisi\u00f3n integral del \u00edtem aula<\/strong>. Se trata de una herramienta creada por el propio senador provincial cuando fue gobernador, que permiti\u00f3 quitarle poder al gremio docente y minimizar el impacto de los paros.<\/p>\n\n\n\n<p>Ahora, en el cornejismo aseguran que el \u00edtem aula est\u00e1<em>&nbsp;\u201cdevaluado por la inflaci\u00f3n y que no constituye una parte significativa del salario docente\u201d.<\/em><\/p>\n\n\n\n<h2 class=\"wp-block-heading\" id=\"h-otras-propuestas\">Otras propuestas<\/h2>\n\n\n\n<p>Otras de las promesas de campa\u00f1a de Petri que Cornejo asegura que tomar\u00e1 en cuenta en caso de convertirse en gobernador son:<\/p>\n\n\n\n<ul>\n<li>La implementaci\u00f3n de la&nbsp;<strong>malla antigranizo<\/strong>&nbsp;y la promoci\u00f3n del&nbsp;<strong>riego por goteo<\/strong>&nbsp;en todo el territorio productivo de Mendoza.<\/li>\n\n\n\n<li>Ampliar la instalaci\u00f3n de<strong>&nbsp;inhibidores en las c\u00e1rceles mendocinas<\/strong>&nbsp;y otros centros donde las personas privadas de libertad no puedan acceder a dispositivos de comunicaci\u00f3n con se\u00f1al de internet.<\/li>\n\n\n\n<li>Continuar con la\u00a0<strong>reducci\u00f3n de impuestos<\/strong>\u00a0y la disminuci\u00f3n gradual de los Ingresos Brutos.<\/li>\n\n\n\n<li><strong>Fuente: www.elsol.com.ar<\/strong><\/li>\n<\/ul>\n","protected":false},"excerpt":{"rendered":"<p>Los resultados de las Primarias provinciales del 11 de junio dejaron un gusto agridulce para&nbsp;Alfredo Cornejo. Si bien&nbsp;Cambia Mendoza&nbsp;fue el frente m\u00e1s votado y \u00e9l gan\u00f3 la interna, la sorpresiva performance de&nbsp;Luis Petri&nbsp;lo oblig\u00f3 a repensar la estrategia de cara a las generales del 24 de septiembre. En ese contexto, Cornejo y Petri se reunieron [&hellip;]<\/p>\n","protected":false},"author":2,"featured_media":838,"comment_status":"open","ping_status":"open","sticky":false,"template":"","format":"standard","meta":[],"categories":[56],"tags":[],"_links":{"self":[{"href":"https:\/\/pasaenmendoza.com\/index.php?rest_route=\/wp\/v2\/posts\/834"}],"collection":[{"href":"https:\/\/pasaenmendoza.com\/index.php?rest_route=\/wp\/v2\/posts"}],"about":[{"href":"https:\/\/pasaenmendoza.com\/index.php?rest_route=\/wp\/v2\/types\/post"}],"author":[{"embeddable":true,"href":"https:\/\/pasaenmendoza.com\/index.php?rest_route=\/wp\/v2\/users\/2"}],"replies":[{"embeddable":true,"href":"https:\/\/pasaenmendoza.com\/index.php?rest_route=%2Fwp%2Fv2%2Fcomments&post=834"}],"version-history":[{"count":1,"href":"https:\/\/pasaenmendoza.com\/index.php?rest_route=\/wp\/v2\/posts\/834\/revisions"}],"predecessor-version":[{"id":835,"href":"https:\/\/pasaenmendoza.com\/index.php?rest_route=\/wp\/v2\/posts\/834\/revisions\/835"}],"wp:featuredmedia":[{"embeddable":true,"href":"https:\/\/pasaenmendoza.com\/index.php?rest_route=\/wp\/v2\/media\/838"}],"wp:attachment":[{"href":"https:\/\/pasaenmendoza.com\/index.php?rest_route=%2Fwp%2Fv2%2Fmedia&parent=834"}],"wp:term":[{"taxonomy":"category","embeddable":true,"href":"https:\/\/pasaenmendoza.com\/index.php?rest_route=%2Fwp%2Fv2%2Fcategories&post=834"},{"taxonomy":"post_tag","embeddable":true,"href":"https:\/\/pasaenmendoza.com\/index.php?rest_route=%2Fwp%2Fv2%2Ftags&post=834"}],"curies":[{"name":"wp","href":"https:\/\/api.w.org\/{rel}","templated":true}]}}