{"id":8346,"date":"2024-06-25T13:54:11","date_gmt":"2024-06-25T11:54:11","guid":{"rendered":"https:\/\/pasaenmendoza.com\/?p=8346"},"modified":"2024-06-25T13:54:13","modified_gmt":"2024-06-25T11:54:13","slug":"alfredo-cornejo-en-buenos-aires-ley-bases-evento-en-la-amia-y-una-convencion-con-empresarios","status":"publish","type":"post","link":"https:\/\/pasaenmendoza.com\/?p=8346","title":{"rendered":"Alfredo Cornejo en Buenos Aires: Ley Bases, evento en la AMIA y una convenci\u00f3n con empresarios"},"content":{"rendered":"\n<p>El gobernador mendocino participar\u00e1 de diferentes eventos, aunque el plato principal ser\u00e1 la reuni\u00f3n con otros mandatarios provinciales para as\u00ed acercar posiciones respecto a la Ley Bases.<\/p>\n\n\n\n<p><strong>Alfredo Cornejo\u00a0<\/strong>aterriza en Buenos Aires y este martes comenzar\u00e1 con una serie de actividades previstas en la Capital. En su viaje, el gobernador de Mendoza tiene como principal objetivo reunirse con sus pares de la UCR y del PRO. Dicho c\u00f3nclave -que a\u00fan no tiene todas las presencias confirmadas- se dar\u00e1 en la previa al debate de la\u00a0<strong>Ley<\/strong>\u00a0<strong>Bases\u00a0<\/strong>y del paquete fiscal en la C\u00e1mara de Diputados y ser\u00e1 para que los mandatarios puedan acercar posiciones. Pero, antes,\u00a0<strong>Cornejo\u00a0<\/strong>fue\u00a0invitado a participar en\u00a0otros dos eventos.<\/p>\n\n\n\n<p>Por un lado, un grupo de 15 gobernadores -de todos los partidos-\u00a0firmar\u00e1\u00a0este martes en el emblem\u00e1tico edificio de la\u00a0Asociaci\u00f3n Mutual Israelita Argentina\u00a0(AMIA)\u00a0una declaraci\u00f3n conjunta &#8220;para renovar el compromiso con la b\u00fasqueda de justicia y con la denuncia de la impunidad vigente en la causa&#8221;,\u00a0a 30 a\u00f1os del atentado terrorista\u00a0del 18 de julio de 1994.\u00a0<strong>Alfredo<\/strong>\u00a0<strong>Cornejo\u00a0<\/strong>fue incluido en dicho grupo de gobernadores.<\/p>\n\n\n\n<p>Estar\u00e1n all\u00ed Axel Kicillof (Buenos Aires),&nbsp;Jorge Macri (CABA),&nbsp;Ra\u00fal Jalil (Catamarca),&nbsp;Mart\u00edn Llaryora (C\u00f3rdoba),&nbsp;Leandro Zdero (Chaco); Rogelio Frigerio (Entre R\u00edos), Sergio Ziliotto (La Pampa),&nbsp;Maximiliano Pullaro (Santa Fe),&nbsp;Gerardo Zamora (Santiago del Estero), Claudio Poggi (San Luis),&nbsp;Marcelo Orrego (San Juan),&nbsp;Claudio Vidal (Santa Cruz) y&nbsp;Osvaldo Jaldo (Tucum\u00e1n).<\/p>\n\n\n\n<p>Por el otro, fue invitado a participar de la Convenci\u00f3n Anual de la C\u00e1mara Argentina de la Construcci\u00f3n (Camarco) en el predio La Rural junto a los gobernadores Rogelio Frigerio (Entre R\u00edos), Mart\u00edn Llaryora (C\u00f3rdoba) y Maximiliano Pullaro (Santa Fe). Tambi\u00e9n ser\u00e1 parte del evento el ministro de Econom\u00eda de la Naci\u00f3n, Luis Caputo.<\/p>\n\n\n\n<p>El pr\u00f3ximo mi\u00e9rcoles, un d\u00eda antes de la sesi\u00f3n que tratar\u00e1 la Ley Bases, los mandatarios provinciales de Juntos por el Cambio tienen previsto reunirse en la sede de Gobierno de la Ciudad Aut\u00f3noma de Buenos Aires.\u00a0La semana pasada\u00a0<strong>Cornejo<\/strong>\u00a0anticip\u00f3\u00a0respecto a dicho encuentro que mantendr\u00e1 con sus pares de otras provincias que ser\u00e1 una &#8220;reuni\u00f3n presencial entre los 10 gobernadores, tratando de que tengamos la mejor sanci\u00f3n de esas dos leyes (<strong>Ley Bases\u00a0<\/strong>y paquete fiscal) que son importantes&#8221;. &#8220;Despu\u00e9s vendr\u00e1n otras leyes de reformas que necesita el pa\u00eds. Nosotros pujando por el inter\u00e9s de Mendoza. La provincia necesita orden macroecon\u00f3mico nacional&#8221;, sum\u00f3.<\/p>\n\n\n\n<p>El entorno de&nbsp;<strong>Cornejo&nbsp;<\/strong>a\u00fan no confirma el resto de la agenda durante su estad\u00eda en Buenos Aires.<\/p>\n\n\n\n<h2 class=\"wp-block-heading\">La Ley Bases, en la mira de Cornejo<\/h2>\n\n\n\n<p>Se espera que el jueves, se discuta y vote el proyecto y que el oficialismo insista con el Impuesto a las Ganancias, a los Bienes Personales y las privatizaciones eliminados en el Senado. Tres diputados nacionales mendocinos de la Uni\u00f3n C\u00edvica Radical adquieren un papel clave. Se trata de Pamela Verasay,&nbsp;Lisandro Nieri y Julio Cobos. Los primeros dos responden directamente a&nbsp;<strong>Alfredo<\/strong>&nbsp;<strong>Cornejo<\/strong>, mientras que -a la hora de tener en cuenta a Cobos- existen matices en algunos puntos de los proyectos.<\/p>\n\n\n\n<p><strong>Cornejo\u00a0<\/strong>coincide con la postura del jefe de bancada de la UCR en Diputados,\u00a0el cordob\u00e9s Rodrigo de Loredo, quien este \u00faltimo viernes asegur\u00f3\u00a0que van a &#8220;aprobar la Ley Bases y el paquete fiscal como ya lo hicimos&#8221;. El mendocino sigue de cerca el regreso del Impuesto a las Ganancias debido al impacto que generar\u00eda en las arcas provinciales.<\/p>\n\n\n\n<p>En tanto, el Gobierno sigue manteniendo una postura de acercamiento con los mandatarios provinciales. El jefe de Gabinete, Guillermo Francos, recibir\u00e1 este martes a tres gobernadores en una semana determinante para la sanci\u00f3n de la&nbsp;<strong>Ley Bases&nbsp;<\/strong>y el paquete fiscal del presidente Javier Milei. De esta forma, Marcelo Orrego (San Juan), Claudio Poggi (San Luis) y Maximiliano Pullaro (Santa Fe) desfilar\u00e1n uno a uno -por separado- a partir de las 16 por los pasillos de Casa Rosada, con la intenci\u00f3n de firmar acuerdos para avanzar en el desarrollo de las obras p\u00fablicas en sus provincias que se encuentran paralizadas.<\/p>\n\n\n\n<p>En los \u00faltimos d\u00edas, el funcionario particip\u00f3 adem\u00e1s de la reuni\u00f3n que encabez\u00f3 el Presidente con los gobernadores Carlos Sadir (Jujuy); Gustavo S\u00e1enz (Salta); Osvaldo Jaldo (Tucum\u00e1n); y Ra\u00fal Jalil (Catamarca), que tuvo lugar el pasado jueves en el sal\u00f3n Eva Per\u00f3n de Casa Rosada, en la que los representantes provinciales se comprometieron a respaldar el proyecto original del Poder Ejecutivo.<\/p>\n\n\n\n<p>Respecto a lo que pasar\u00e1 en el Congreso, Francos confes\u00f3 que &#8220;la intenci\u00f3n es insistir con Ganancias y Bienes Personales porque favorecen a las cuentas provinciales, en el caso de Bienes Personales asociado al blanqueo, son recursos de mucha importancia&#8221;.<\/p>\n\n\n\n<p>Con respecto a las privatizaciones de las empresas del Estado, confes\u00f3: &#8220;No ten\u00edamos los votos para aprobarlas como hab\u00edan salido, entonces hubo que sacarlas. Pero si Diputados insiste con las privatizaciones, estamos totalmente de acuerdo&#8221;.\u00a0\u00a0&#8220;Eso no quiere decir que haya habido una acuerdo sino que no ten\u00edamos los votos, por eso lo retiramos&#8221;, aclar\u00f3, y agreg\u00f3: &#8220;En el Senado tenemos 7 de 72, si no tenemos los votos se saca.<\/p>\n\n\n\n<p>FUENTE: MDZonline.<\/p>\n\n\n\n<p><\/p>\n","protected":false},"excerpt":{"rendered":"<p>El gobernador mendocino participar\u00e1 de diferentes eventos, aunque el plato principal ser\u00e1 la reuni\u00f3n con otros mandatarios provinciales para as\u00ed acercar posiciones respecto a la Ley Bases. Alfredo Cornejo\u00a0aterriza en Buenos Aires y este martes comenzar\u00e1 con una serie de actividades previstas en la Capital. En su viaje, el gobernador de Mendoza tiene como principal [&hellip;]<\/p>\n","protected":false},"author":2,"featured_media":8347,"comment_status":"open","ping_status":"open","sticky":true,"template":"","format":"standard","meta":[],"categories":[47],"tags":[],"_links":{"self":[{"href":"https:\/\/pasaenmendoza.com\/index.php?rest_route=\/wp\/v2\/posts\/8346"}],"collection":[{"href":"https:\/\/pasaenmendoza.com\/index.php?rest_route=\/wp\/v2\/posts"}],"about":[{"href":"https:\/\/pasaenmendoza.com\/index.php?rest_route=\/wp\/v2\/types\/post"}],"author":[{"embeddable":true,"href":"https:\/\/pasaenmendoza.com\/index.php?rest_route=\/wp\/v2\/users\/2"}],"replies":[{"embeddable":true,"href":"https:\/\/pasaenmendoza.com\/index.php?rest_route=%2Fwp%2Fv2%2Fcomments&post=8346"}],"version-history":[{"count":1,"href":"https:\/\/pasaenmendoza.com\/index.php?rest_route=\/wp\/v2\/posts\/8346\/revisions"}],"predecessor-version":[{"id":8348,"href":"https:\/\/pasaenmendoza.com\/index.php?rest_route=\/wp\/v2\/posts\/8346\/revisions\/8348"}],"wp:featuredmedia":[{"embeddable":true,"href":"https:\/\/pasaenmendoza.com\/index.php?rest_route=\/wp\/v2\/media\/8347"}],"wp:attachment":[{"href":"https:\/\/pasaenmendoza.com\/index.php?rest_route=%2Fwp%2Fv2%2Fmedia&parent=8346"}],"wp:term":[{"taxonomy":"category","embeddable":true,"href":"https:\/\/pasaenmendoza.com\/index.php?rest_route=%2Fwp%2Fv2%2Fcategories&post=8346"},{"taxonomy":"post_tag","embeddable":true,"href":"https:\/\/pasaenmendoza.com\/index.php?rest_route=%2Fwp%2Fv2%2Ftags&post=8346"}],"curies":[{"name":"wp","href":"https:\/\/api.w.org\/{rel}","templated":true}]}}