{"id":8349,"date":"2024-06-25T13:59:50","date_gmt":"2024-06-25T11:59:50","guid":{"rendered":"https:\/\/pasaenmendoza.com\/?p=8349"},"modified":"2024-06-25T13:59:51","modified_gmt":"2024-06-25T11:59:51","slug":"ampros-rechazo-la-nueva-oferta-salarial-y-pidio-el-bloqueo-de-titulos-para-los-medicos-mendocinos","status":"publish","type":"post","link":"https:\/\/pasaenmendoza.com\/?p=8349","title":{"rendered":"Ampros rechaz\u00f3 la nueva oferta salarial y pidi\u00f3 el bloqueo de t\u00edtulos para los m\u00e9dicos mendocinos"},"content":{"rendered":"\n<p>La Asociaci\u00f3n de Profesionales de la Salud sum\u00f3 la tercera respuesta negativa, luego de SUTE y ATE. Plantearon varios reclamos en la mesa de paritarias.<\/p>\n\n\n\n<p>El primer d\u00eda de paritarias termin\u00f3 con un rev\u00e9s para el Gobierno de Mendoza, ya que los tres gremios estatales m\u00e1s importantes rechazaron la oferta inicial para los pr\u00f3ximos tres meses. Al&nbsp;<strong>SUTE<\/strong>&nbsp;y&nbsp;<strong>ATE<\/strong>, en la tarde de este lunes se sum\u00f3&nbsp;<strong>Ampros<\/strong>, que consider\u00f3 \u201c<em>insuficiente<\/em>\u201d la propuesta de aumento en paritarias.<\/p>\n\n\n\n<p>Desde el gremio de los profesionales de la salud aseguraron por otra parte que le insistieron a la jefa de paritarios de la Provincia, Mariana Lima, por varios pedidos relativos al sector.<\/p>\n\n\n\n<p>\u201c<em>El ofrecimiento de incremento salarial fue de 5 por ciento para los meses de julio, agosto y septiembre, cifras muy alejadas de la recomposici\u00f3n salarial<\/em>\u201d que ha reclamado la asociaci\u00f3n, expresaron en un comunicado.<\/p>\n\n\n\n<p>\u201c<em>Es absolutamente insuficiente, cuando la p\u00e9rdida salarial del a\u00f1o pasado fue alrededor de 70%. Lo que buscamos es una recomposici\u00f3n salarial<\/em>\u201c, cuestion\u00f3 Claudia Iturbe, secretaria general de Ampros.<\/p>\n\n\n\n<p>Por otro lado, el gremio pidieron que se deroguen las leyes que integraron la reforma sanitaria, el pase a planta de prestadores y los cambios de r\u00e9gimen y las mayores dedicaciones.<\/p>\n\n\n\n<p>\u201c<em>Finalmente hemos pedido, con el objetivo de retener a los m\u00e9dicos que son los que se est\u00e1n yendo de la provincia, el bloqueo de t\u00edtulo de todos los m\u00e9dicos de Mendoza y que la plata que viene de Portezuelo del Viento sea para construir un nuevo hospital Notti, ya que el nosocomio se encuentra totalmente desbordado<\/em>\u201c, explic\u00f3 la dirigente gremial.<\/p>\n\n\n\n<p>El pr\u00f3ximo encuentro Paritario se realizar\u00e1 el pr\u00f3ximo martes a las 9 de la ma\u00f1ana en la Subsecretar\u00eda de Trabajo.<\/p>\n\n\n\n<p>FUENTE: Elsol.com.ar <\/p>\n","protected":false},"excerpt":{"rendered":"<p>La Asociaci\u00f3n de Profesionales de la Salud sum\u00f3 la tercera respuesta negativa, luego de SUTE y ATE. Plantearon varios reclamos en la mesa de paritarias. El primer d\u00eda de paritarias termin\u00f3 con un rev\u00e9s para el Gobierno de Mendoza, ya que los tres gremios estatales m\u00e1s importantes rechazaron la oferta inicial para los pr\u00f3ximos tres [&hellip;]<\/p>\n","protected":false},"author":2,"featured_media":8350,"comment_status":"open","ping_status":"open","sticky":true,"template":"","format":"standard","meta":[],"categories":[47],"tags":[],"_links":{"self":[{"href":"https:\/\/pasaenmendoza.com\/index.php?rest_route=\/wp\/v2\/posts\/8349"}],"collection":[{"href":"https:\/\/pasaenmendoza.com\/index.php?rest_route=\/wp\/v2\/posts"}],"about":[{"href":"https:\/\/pasaenmendoza.com\/index.php?rest_route=\/wp\/v2\/types\/post"}],"author":[{"embeddable":true,"href":"https:\/\/pasaenmendoza.com\/index.php?rest_route=\/wp\/v2\/users\/2"}],"replies":[{"embeddable":true,"href":"https:\/\/pasaenmendoza.com\/index.php?rest_route=%2Fwp%2Fv2%2Fcomments&post=8349"}],"version-history":[{"count":1,"href":"https:\/\/pasaenmendoza.com\/index.php?rest_route=\/wp\/v2\/posts\/8349\/revisions"}],"predecessor-version":[{"id":8351,"href":"https:\/\/pasaenmendoza.com\/index.php?rest_route=\/wp\/v2\/posts\/8349\/revisions\/8351"}],"wp:featuredmedia":[{"embeddable":true,"href":"https:\/\/pasaenmendoza.com\/index.php?rest_route=\/wp\/v2\/media\/8350"}],"wp:attachment":[{"href":"https:\/\/pasaenmendoza.com\/index.php?rest_route=%2Fwp%2Fv2%2Fmedia&parent=8349"}],"wp:term":[{"taxonomy":"category","embeddable":true,"href":"https:\/\/pasaenmendoza.com\/index.php?rest_route=%2Fwp%2Fv2%2Fcategories&post=8349"},{"taxonomy":"post_tag","embeddable":true,"href":"https:\/\/pasaenmendoza.com\/index.php?rest_route=%2Fwp%2Fv2%2Ftags&post=8349"}],"curies":[{"name":"wp","href":"https:\/\/api.w.org\/{rel}","templated":true}]}}