{"id":8355,"date":"2024-06-25T14:11:45","date_gmt":"2024-06-25T12:11:45","guid":{"rendered":"https:\/\/pasaenmendoza.com\/?p=8355"},"modified":"2024-06-25T14:11:46","modified_gmt":"2024-06-25T12:11:46","slug":"la-batalla-final-por-el-pro-se-define-entre-una-guerra-por-las-urnas-y-mas-avales-sospechosos","status":"publish","type":"post","link":"https:\/\/pasaenmendoza.com\/?p=8355","title":{"rendered":"La batalla final por el PRO se define entre una guerra por las urnas y m\u00e1s avales sospechosos"},"content":{"rendered":"\n<p>Este martes se conocer\u00e1n las escuelas habilitadas y los detalles del operativo para la elecci\u00f3n de autoridades partidarias. Historias de una previa caliente.<\/p>\n\n\n\n<p>Es una carrera a contrarreloj que no tiene certezas. El domingo por la noche, o la vicegobernadora<strong>\u00a0Hebe Casado<\/strong>\u00a0o el senador demarchista\u00a0<strong>Gabriel Pradines<\/strong>\u00a0festejar\u00e1 ser el nuevo\u00a0presidente del\u00a0<strong>PRO\u00a0<\/strong>en Mendoza. Sin embargo, a seis d\u00edas de esos comicios, todav\u00eda no se sabe en qu\u00e9 escuelas se votar\u00e1, qui\u00e9n ser\u00e1 el encargado de custodiar las urnas ni cu\u00e1nto costar\u00e1 todo el operativo. Las \u00faltimas jornadas de campa\u00f1a, adem\u00e1s, quedaron te\u00f1idas por nuevas sospechas de avales truchos. C\u00f3mo es el singular poroteo que hacen en las dos fuerzas.<\/p>\n\n\n\n<p>La elecci\u00f3n ser\u00e1 una novedad para todos,<strong>&nbsp;porque hace muchos a\u00f1os que una interna partidaria en la provincia no se define de esta manera.<\/strong>&nbsp;El mismo Gobierno admiti\u00f3 que tener que abrir escuelas<strong>&nbsp;para que un partido selle su destino a trav\u00e9s del voto es muy desafiante&nbsp;<\/strong>y que no est\u00e1n acostumbrados a hacerlo. Pasar\u00e1 este 30 de junio, si es que se sortean los problemas y se clarifican todas las definiciones que a\u00fan est\u00e1n irresueltas.<\/p>\n\n\n\n<p>Lo primero que surge al analizar lo que viene es que a\u00fan<strong>&nbsp;no se conoce c\u00f3mo se manejar\u00e1n las urnas el d\u00eda de la votaci\u00f3n<\/strong>&nbsp;y el sector de Casado viene de pedir formalmente que sea el&nbsp;<strong>Correo Argentino<\/strong>&nbsp;el encargado custodiar y trasladar esos votos. Hubo carta al interventor del partido incluida para que se habilite al sistema de correos estatal.<\/p>\n\n\n\n<p><strong>La gente de Pradines resiste esa petici\u00f3n\u00a0<\/strong>aduciendo que es muy caro pagarlo, aunque en verdad todav\u00eda nadie en las filas del PRO sabe a ciencia cierta cu\u00e1nto saldr\u00eda. Falta menos de una semana y no s\u00f3lo no saben c\u00f3mo se manejar\u00e1 el operativo, sino que<strong>\u00a0ni siquiera hay un detalle fino de los costos que implicar\u00e1.<\/strong><\/p>\n\n\n\n<p>En el transcurso del lunes se iban a solicitar presupuestos<strong>&nbsp;tanto al Correo como a la firma privada Andreani,&nbsp;<\/strong>pero con un problema de fondo para poder sacar la cuenta: todav\u00eda&nbsp;<strong>no se sabe oficialmente cu\u00e1les son las escuelas involucradas;&nbsp;<\/strong>con lo cual es casi imposible ponerle un precio a esa log\u00edstica.<\/p>\n\n\n\n<p>En la Direcci\u00f3n General de Escuelas (DGE) confirmaron a\u00a0que antes del martes por la tarde estar\u00e1 definido y publicado, pero argumentaron que no es su culpa que a tan pocos d\u00edas de la fecha no se supiera d\u00f3nde estar\u00e1n las mesas.<\/p>\n\n\n\n<h2 class=\"wp-block-heading\">El operativo cuesta m\u00e1s de 40 mil pesos por escuela<\/h2>\n\n\n\n<p>La dilaci\u00f3n tiene sus explicaciones:<strong>&nbsp;reci\u00e9n el mi\u00e9rcoles 19 a las dos de la tarde<\/strong>&nbsp;-fue el \u00faltimo d\u00eda laboral antes de este lunes-, la cartera de&nbsp;<strong>Tadeo Garc\u00eda Zalazar<\/strong>&nbsp;recibi\u00f3 el \u00faltimo listado, actualizado, de los establecimientos que pueden ser parte.<\/p>\n\n\n\n<p>Como hace tanto que no se dirime as\u00ed una interna, en la DGE no est\u00e1n acostumbrados y hubo algo de zozobra para actuar.<strong>&nbsp;Ahora, lo que est\u00e1n terminando de decidir es el asunto de los pagos:&nbsp;<\/strong>en Escuelas quieren que sean $20 mil para al menos un celador que limpie al terminar la jornada y la misma cifra para los directivos que est\u00e9n en su lugar de trabajo.<\/p>\n\n\n\n<p><strong>Lo \u00faltimo se explica porque, como en un d\u00eda de elecci\u00f3n normal<\/strong>, el director tiene que abrir la escuela y quedarse como autoridad referente mientras se vote. Los veinte mil pesos asuman como cifra posible,&nbsp;<strong>aunque no es el n\u00famero definitivo.<\/strong>&nbsp;Lo tomaron como par\u00e1metro porque es lo que se pag\u00f3 en los comicios que definieron a miembros de las juntas calificadoras, a mediados de mayo.<\/p>\n\n\n\n<p><strong>Son entonces 1.240.000 pesos,<\/strong>\u00a0no es demasiada plata para el partido, que tiene que pagar s\u00ed o s\u00ed el sello pol\u00edtico. La Junta Electoral debe sacar de la caja del PRO para abonarle al Estado y que este al mismo tiempo le gire la plata a esa comunidad educativa que se vea afectada. Insisten: no est\u00e1n acostumbrados a este procedimiento, pero as\u00ed ser\u00e1.<strong>\u00a0Lo mismo pasar\u00eda con la log\u00edstica &#8220;urnera&#8221;,<\/strong>\u00a0que -si es del Correo Argentino o Andreani u otros, tambi\u00e9n deber\u00e1 ser\u00a0<strong>costeada con fondos del espacio pol\u00edtico.<\/strong><\/p>\n\n\n\n<p>Una vez montadas las mesas, ya est\u00e1 estipulado que las autoridades se repartir\u00e1n\u00a0<strong>&#8220;democr\u00e1ticamente&#8221;<\/strong>: en una, el presidente de la mesa lo pone la<strong>\u00a0Lista Amarilla\u00a0<\/strong>(o sea Hebe) y<strong>\u00a0el vice lo pone Propuesta Federal\u00a0<\/strong>(o sea pradines); en la mesa siguiente se invierten esos roles: el que puso vice pone al presidente, y as\u00ed hasta completar las mesas, que ser\u00edan<strong>\u00a036 en total\u00a0<\/strong>y dispuestas en todas las comunas de la provincia.\u00a0<strong>Son alrededor de 18 mil afiliados<\/strong>, pero de los dos lados aseguran que, si va a votar apenas un tercio de ese n\u00famero se tienen que dar por satisfechos.<\/p>\n\n\n\n<h2 class=\"wp-block-heading\">M\u00e1s denuncias de avales truchos<\/h2>\n\n\n\n<p>La novedad en los \u00faltimos d\u00edas la puso la Justicia Electoral:<strong>&nbsp;el juez reemplazante de Walter Bento en Mendoza, Pablo Quir\u00f3s,<\/strong>&nbsp;le dio la derecha a los casadistas, que pidieron impugnar varios avales de Propuesta Federal en distintas comunas, bajo la denuncia de que estaban&nbsp;<strong>falsificados<\/strong>. Para el juez la decisi\u00f3n fue absoluta: concedi\u00f3 que varios de esos nombres propios no deb\u00edan contarse y eso determin\u00f3 que se<strong>&nbsp;dieran de baja las listas en Godoy Cruz y en Capital para el demarchismo.<\/strong><\/p>\n\n\n\n<p>Las dos se perdieron porque,&nbsp;<strong>al restarle los supuestos &#8220;truchos&#8221;, Pradines ya no pudo llegar a los 74 nombres que marcaban<\/strong>&nbsp;el piso m\u00ednimo de participaci\u00f3n en esos departamentos. Esto es porque de acuerdo a la&nbsp;<strong>Carta Org\u00e1nica del PRO,<\/strong>&nbsp;las n\u00f3minas tienen que tener al menos un 5% del padr\u00f3n avalando las candidaturas.<\/p>\n\n\n\n<p><strong>La de Capital fue una baja extremadamente sensible<\/strong>, porque es precisamente el \u00e1rea de influencia de uno de los mayores armadores que tiene La Uni\u00f3n Mendocina, el concejal\u00a0<strong>Lucas Carosio,\u00a0<\/strong>que adem\u00e1s es vicepresidente primero del concejo de Ciudad.<\/p>\n\n\n\n<p>La defensa de<strong>&nbsp;Pradines&nbsp;<\/strong>es que la pericia caligr\u00e1fica que presentaron sus rivales no ser\u00eda taxativa. Es decir, no dir\u00eda, rotundamente, que los avales son falsos, sino que podr\u00edan serlo. Adem\u00e1s, en su entorno aseguraron que&nbsp;<strong>algunos de los nombres objetados son de sus mismos candidatos;<\/strong>&nbsp;o sea que jam\u00e1s podr\u00edan estar puestos de forma incorrecta en las planillas.<\/p>\n\n\n\n<p>De todos modos, no hubo una apelaci\u00f3n efectiva a la decisi\u00f3n del magistrado y esas n\u00f3minas ahora no correr\u00e1n<strong>. En Godoy Cruz aseguran que el problema fue que cinco de los que estaban anotados decidieron &#8220;retirar su apoyo&#8221;<\/strong>\u00a0y contragolpearon diciendo que en la Lista Amarilla hab\u00eda varios avales\u00a0<strong>puestos en orden alfab\u00e9tico<\/strong>, cuando supuestamente eso va generando casa por casa; es decir, con una correlaci\u00f3n de direcciones y no de iniciales de los apellidos. Si es que fue as\u00ed, tampoco elevaron una queja formal sobre eso.<\/p>\n\n\n\n<h2 class=\"wp-block-heading\">La campa\u00f1a de los \u00faltimos d\u00edas<\/h2>\n\n\n\n<p>Como cualquiera puede imaginarse, son jornadas de mucha tensi\u00f3n para los dos bandos.<strong>&nbsp;La vicegobernadora est\u00e1 en Espa\u00f1a<\/strong>, donde podr\u00eda conseguir algo as\u00ed como un tremendo bot\u00edn pol\u00edtico de cara al domingo: una foto con Mauricio Macri, los dos sonrientes en las ceremonias de la<strong>&nbsp;Fundaci\u00f3n Libertad,&nbsp;<\/strong>donde tambi\u00e9n estar\u00e1 la figura de la derecha espa\u00f1ola y presidenta de la&nbsp;<strong>Comunidad de Madrid, Isabel D\u00edaz Ayuso.&nbsp;<\/strong>Si bien en la interna nacional del&nbsp;<strong>PRO Casado parece una clara alfil de Patricia Bullrich,&nbsp;<\/strong>no est\u00e1 descartado el encuentro con el expresidente. Podr\u00eda sumarle para la elecci\u00f3n.<\/p>\n\n\n\n<p>De cara a estos comicios no hay encuestas pero s\u00ed hay un fuerte -fort\u00edsimo-<strong>\u00a0poroteo interno de los candidatos y de sus laderos pol\u00edticos.\u00a0<\/strong>No hay nadie que tenga estudiado con precisi\u00f3n a qui\u00e9n votar\u00e1n los afiliados amarillos; pero s\u00ed cada uno sabe m\u00e1s o menos con cu\u00e1ntos nombres cuenta. De hecho, desde uno de los sectores narraron a<strong>\u00a0UNO que la tarea\u00a0<\/strong>que hacen es directamente mirar planillas donde tienen nombres marcados con fibr\u00f3n. De un lado &#8220;los nuestros&#8221; y del otro,\u00a0<strong>los que no votar\u00edan o lo har\u00edan en contra.<\/strong><\/p>\n\n\n\n<p><strong>Casado dijo en una entrevista que Pradines tiene que prepararse para un batacazo en contra en su Guaymall\u00e9n natal.<\/strong>&nbsp;Que lo van a &#8220;sorprender&#8221; a votos, si esa expresi\u00f3n existiera. En su rinc\u00f3n descolocan un poco, porque admiten que &#8220;puede ser&#8221; que se d\u00e9 ese escenario. Lo que s\u00ed, detr\u00e1s de esa modestia esconden<strong>&nbsp;el deseo de devolver la gentileza metiendo muchos votos en San Rafael<\/strong>, la tierra de la vice. Ah\u00ed el que se mueve fuertemente es el candidato que secunda a Pradines, el senador&nbsp;<strong>Mart\u00edn Rostand.<\/strong><\/p>\n\n\n\n<p>All\u00e1 en el sur est\u00e1n haciendo lo que se llama&nbsp;<strong>&#8220;puntear el padr\u00f3n&#8221;.&nbsp;<\/strong>Visitan, nombre por nombre, a todos los que pueden<strong>. Sobre todo en el centro, en Cuadro Benegas, Villa Atuel y Monte Com\u00e1n.&nbsp;<\/strong>Son zonas donde hay buena cantidad de afiliados pero donde cunde la necesidad de aportarles movilidad: de&nbsp;<strong>sumarles formas y facilidades para que vayan a votar<\/strong>, que es una de las cuestiones m\u00e1s complicadas.<\/p>\n\n\n\n<p>Hebe volver\u00e1 antes del fin de semana, pero estar\u00e1 poco abocada a estos \u00faltimos d\u00edas de campa\u00f1a. El domingo se har\u00e1 por fin una elecci\u00f3n que tambale\u00f3 en todo momento; y<strong>&nbsp;que con las idas y vueltas en la Justicia, m\u00e1s los chisporroteos pol\u00edticos que regaron los dirigentes por todo Twitter (X), parec\u00eda que no se iban a hacer nunca.<\/strong><\/p>\n\n\n\n<p>Para&nbsp;<strong>Casado<\/strong>, ganar ser\u00eda un golpe fuerte a la mesa y&nbsp;<strong>otro ascenso en su construcci\u00f3n como dirigente pol\u00edtica&nbsp;<\/strong>-aunque imposible superar a su gran avance que fue y es ser vicegobernadora de Mendoza-. Para Pradines tambi\u00e9n ser\u00eda un triunfo imponente, pero sumado adem\u00e1s a que<strong>&nbsp;De Marchi podr\u00eda clavar un dardo en uno de los espacios vitales<\/strong>&nbsp;para Cambia Mendoza como es el PRO.<\/p>\n\n\n\n<p>Todo se define el domingo, en\u00a0<strong>las elecciones partidarias que m\u00e1s miradas se han robado durante los \u00faltimos a\u00f1os de pol\u00edtica local<\/strong>.<\/p>\n\n\n\n<p>FUENTE: Diariouno.com.ar <\/p>\n","protected":false},"excerpt":{"rendered":"<p>Este martes se conocer\u00e1n las escuelas habilitadas y los detalles del operativo para la elecci\u00f3n de autoridades partidarias. Historias de una previa caliente. Es una carrera a contrarreloj que no tiene certezas. El domingo por la noche, o la vicegobernadora\u00a0Hebe Casado\u00a0o el senador demarchista\u00a0Gabriel Pradines\u00a0festejar\u00e1 ser el nuevo\u00a0presidente del\u00a0PRO\u00a0en Mendoza. Sin embargo, a seis d\u00edas [&hellip;]<\/p>\n","protected":false},"author":2,"featured_media":8356,"comment_status":"open","ping_status":"open","sticky":true,"template":"","format":"standard","meta":[],"categories":[47],"tags":[],"_links":{"self":[{"href":"https:\/\/pasaenmendoza.com\/index.php?rest_route=\/wp\/v2\/posts\/8355"}],"collection":[{"href":"https:\/\/pasaenmendoza.com\/index.php?rest_route=\/wp\/v2\/posts"}],"about":[{"href":"https:\/\/pasaenmendoza.com\/index.php?rest_route=\/wp\/v2\/types\/post"}],"author":[{"embeddable":true,"href":"https:\/\/pasaenmendoza.com\/index.php?rest_route=\/wp\/v2\/users\/2"}],"replies":[{"embeddable":true,"href":"https:\/\/pasaenmendoza.com\/index.php?rest_route=%2Fwp%2Fv2%2Fcomments&post=8355"}],"version-history":[{"count":1,"href":"https:\/\/pasaenmendoza.com\/index.php?rest_route=\/wp\/v2\/posts\/8355\/revisions"}],"predecessor-version":[{"id":8357,"href":"https:\/\/pasaenmendoza.com\/index.php?rest_route=\/wp\/v2\/posts\/8355\/revisions\/8357"}],"wp:featuredmedia":[{"embeddable":true,"href":"https:\/\/pasaenmendoza.com\/index.php?rest_route=\/wp\/v2\/media\/8356"}],"wp:attachment":[{"href":"https:\/\/pasaenmendoza.com\/index.php?rest_route=%2Fwp%2Fv2%2Fmedia&parent=8355"}],"wp:term":[{"taxonomy":"category","embeddable":true,"href":"https:\/\/pasaenmendoza.com\/index.php?rest_route=%2Fwp%2Fv2%2Fcategories&post=8355"},{"taxonomy":"post_tag","embeddable":true,"href":"https:\/\/pasaenmendoza.com\/index.php?rest_route=%2Fwp%2Fv2%2Ftags&post=8355"}],"curies":[{"name":"wp","href":"https:\/\/api.w.org\/{rel}","templated":true}]}}