{"id":8369,"date":"2024-06-26T01:18:03","date_gmt":"2024-06-25T23:18:03","guid":{"rendered":"https:\/\/pasaenmendoza.com\/?p=8369"},"modified":"2024-06-26T01:18:04","modified_gmt":"2024-06-25T23:18:04","slug":"salud-privada-desde-julio-la-consulta-particular-costara-mas-cara","status":"publish","type":"post","link":"https:\/\/pasaenmendoza.com\/?p=8369","title":{"rendered":"Salud privada: desde julio, la consulta particular costar\u00e1 m\u00e1s cara"},"content":{"rendered":"\n<p>Tal como viene ocurriendo desde septiembre del 2023,&nbsp;<strong>ir al m\u00e9dico en Mendoza cuesta todos los meses m\u00e1s caro<\/strong>. De acuerdo con lo establecido por el C\u00edrculo M\u00e9dico de Mendoza (CMM), la Federaci\u00f3n M\u00e9dica de Mendoza (FMM)&nbsp;<strong>el valor de la consulta m\u00e9dica de julio pasar\u00e1 a costar 19.000 pesos, es decir, un 5.5% m\u00e1s que este mes.<\/strong><\/p>\n\n\n\n<p>Este honorario \u00e9tico puede ser absorbido por las entidades de medicina prepaga y obras sociales en forma total o parcial, de acuerdo a los contratos y convenios vigentes. En caso de que la cobertura no sea total, el paciente deber\u00e1 abonar la diferencia.<\/p>\n\n\n\n<p>A la hora de argumentar el motivo del incremento, desde el C\u00edrculo M\u00e9dico, advirtieron que \u201cla actualizaci\u00f3n se fundamenta en el actual&nbsp;<strong>nivel de inflaci\u00f3n y la demora con que las entidades prepagas pagan los servicios m\u00e9dicos<\/strong>, lo cual genera una p\u00e9rdida del valor adquisitivo de los honorarios\u201d.<\/p>\n\n\n\n<p>Asimismo, las entidades m\u00e9dicas firmantes sostienen que \u201cesta actualizaci\u00f3n es necesaria para asegurar la calidad de la atenci\u00f3n m\u00e9dica y garantizar la dignidad del trabajo profesional\u201d.<\/p>\n\n\n\n<figure class=\"wp-block-image\"><img decoding=\"async\" src=\"https:\/\/i0.wp.com\/newspack-elsol.s3.amazonaws.com\/wp-content\/uploads\/2024\/06\/federacion-medica.png?resize=492%2C703&amp;ssl=1\" alt=\"\" class=\"wp-image-1974806\"\/><\/figure>\n\n\n\n<h2 class=\"wp-block-heading\" id=\"h-que-pasara-con-la-consulta-psiquiatrica\">Qu\u00e9 pasar\u00e1 con la consulta psiqui\u00e1trica<\/h2>\n\n\n\n<p>En el caso del valor de la consulta psiqui\u00e1trica, desde las entidades refirieron que el aumento ronda el 4%. De este modo, el importe a pagar desde julio ser\u00e1 de 26.000 pesos.<\/p>\n\n\n\n<p><strong>Fuente: www.elsol.com.ar<\/strong><\/p>\n","protected":false},"excerpt":{"rendered":"<p>Tal como viene ocurriendo desde septiembre del 2023,&nbsp;ir al m\u00e9dico en Mendoza cuesta todos los meses m\u00e1s caro. De acuerdo con lo establecido por el C\u00edrculo M\u00e9dico de Mendoza (CMM), la Federaci\u00f3n M\u00e9dica de Mendoza (FMM)&nbsp;el valor de la consulta m\u00e9dica de julio pasar\u00e1 a costar 19.000 pesos, es decir, un 5.5% m\u00e1s que este [&hellip;]<\/p>\n","protected":false},"author":2,"featured_media":8370,"comment_status":"open","ping_status":"open","sticky":false,"template":"","format":"standard","meta":[],"categories":[58],"tags":[],"_links":{"self":[{"href":"https:\/\/pasaenmendoza.com\/index.php?rest_route=\/wp\/v2\/posts\/8369"}],"collection":[{"href":"https:\/\/pasaenmendoza.com\/index.php?rest_route=\/wp\/v2\/posts"}],"about":[{"href":"https:\/\/pasaenmendoza.com\/index.php?rest_route=\/wp\/v2\/types\/post"}],"author":[{"embeddable":true,"href":"https:\/\/pasaenmendoza.com\/index.php?rest_route=\/wp\/v2\/users\/2"}],"replies":[{"embeddable":true,"href":"https:\/\/pasaenmendoza.com\/index.php?rest_route=%2Fwp%2Fv2%2Fcomments&post=8369"}],"version-history":[{"count":1,"href":"https:\/\/pasaenmendoza.com\/index.php?rest_route=\/wp\/v2\/posts\/8369\/revisions"}],"predecessor-version":[{"id":8371,"href":"https:\/\/pasaenmendoza.com\/index.php?rest_route=\/wp\/v2\/posts\/8369\/revisions\/8371"}],"wp:featuredmedia":[{"embeddable":true,"href":"https:\/\/pasaenmendoza.com\/index.php?rest_route=\/wp\/v2\/media\/8370"}],"wp:attachment":[{"href":"https:\/\/pasaenmendoza.com\/index.php?rest_route=%2Fwp%2Fv2%2Fmedia&parent=8369"}],"wp:term":[{"taxonomy":"category","embeddable":true,"href":"https:\/\/pasaenmendoza.com\/index.php?rest_route=%2Fwp%2Fv2%2Fcategories&post=8369"},{"taxonomy":"post_tag","embeddable":true,"href":"https:\/\/pasaenmendoza.com\/index.php?rest_route=%2Fwp%2Fv2%2Ftags&post=8369"}],"curies":[{"name":"wp","href":"https:\/\/api.w.org\/{rel}","templated":true}]}}