{"id":8380,"date":"2024-06-26T23:46:25","date_gmt":"2024-06-26T21:46:25","guid":{"rendered":"https:\/\/pasaenmendoza.com\/?p=8380"},"modified":"2024-06-26T23:46:26","modified_gmt":"2024-06-26T21:46:26","slug":"un-fallo-en-mendoza-suspendio-la-venta-libre-de-medicamentos-que-habilito-el-dnu-de-javier-milei","status":"publish","type":"post","link":"https:\/\/pasaenmendoza.com\/?p=8380","title":{"rendered":"Un fallo en Mendoza suspendi\u00f3 la venta libre de medicamentos que habilit\u00f3 el DNU de Javier Milei"},"content":{"rendered":"\n<p>El&nbsp;<strong>Juzgado Federal N\u00b02 de Mendoza<\/strong>&nbsp;dispuso la suspensi\u00f3n del art\u00edculo del decreto de necesidad y urgencia 70\/2023&nbsp;del Gobierno Nacional que&nbsp;autorizaba&nbsp;la venta de&nbsp;<strong>medicamentos sin receta<\/strong>&nbsp;fuera de las&nbsp;<strong>farmacias&nbsp;<\/strong>y el expendio de f\u00e1rmacos<strong>&nbsp;sin la presencia de un profesional matriculado<\/strong>.<\/p>\n\n\n\n<p>De esta forma, la Justicia dio lugar al recurso de amparo que hab\u00eda presentado el&nbsp;<strong>Colegio de Farmac\u00e9uticos de Mendoza<\/strong>&nbsp;frente a la normativa que permit\u00eda el expendio en establecimientos no especializados, como kioscos.<\/p>\n\n\n\n<p>La medida cautelar restituye as\u00ed la&nbsp;<strong>plena vigencia<\/strong>&nbsp;del art\u00edculo 1 de la ley 17565 de 1967, que limitaba la venta de estos medicamentos exclusivamente a farmacias.&nbsp;<\/p>\n\n\n\n<p>A su vez, desde la entidad presidida por Mario Valestra destacaron que se present\u00f3 un recurso en lo referido espec\u00edficamente al ejercicio profesional del farmac\u00e9utico porque<strong>\u00a0no conciben farmacia sin farmac\u00e9uticos<\/strong>.<\/p>\n\n\n\n<p><strong>Fuente: www.elsol.com.ar<\/strong><\/p>\n","protected":false},"excerpt":{"rendered":"<p>El&nbsp;Juzgado Federal N\u00b02 de Mendoza&nbsp;dispuso la suspensi\u00f3n del art\u00edculo del decreto de necesidad y urgencia 70\/2023&nbsp;del Gobierno Nacional que&nbsp;autorizaba&nbsp;la venta de&nbsp;medicamentos sin receta&nbsp;fuera de las&nbsp;farmacias&nbsp;y el expendio de f\u00e1rmacos&nbsp;sin la presencia de un profesional matriculado. De esta forma, la Justicia dio lugar al recurso de amparo que hab\u00eda presentado el&nbsp;Colegio de Farmac\u00e9uticos de Mendoza&nbsp;frente a [&hellip;]<\/p>\n","protected":false},"author":2,"featured_media":8381,"comment_status":"open","ping_status":"open","sticky":false,"template":"","format":"standard","meta":[],"categories":[58],"tags":[],"_links":{"self":[{"href":"https:\/\/pasaenmendoza.com\/index.php?rest_route=\/wp\/v2\/posts\/8380"}],"collection":[{"href":"https:\/\/pasaenmendoza.com\/index.php?rest_route=\/wp\/v2\/posts"}],"about":[{"href":"https:\/\/pasaenmendoza.com\/index.php?rest_route=\/wp\/v2\/types\/post"}],"author":[{"embeddable":true,"href":"https:\/\/pasaenmendoza.com\/index.php?rest_route=\/wp\/v2\/users\/2"}],"replies":[{"embeddable":true,"href":"https:\/\/pasaenmendoza.com\/index.php?rest_route=%2Fwp%2Fv2%2Fcomments&post=8380"}],"version-history":[{"count":1,"href":"https:\/\/pasaenmendoza.com\/index.php?rest_route=\/wp\/v2\/posts\/8380\/revisions"}],"predecessor-version":[{"id":8382,"href":"https:\/\/pasaenmendoza.com\/index.php?rest_route=\/wp\/v2\/posts\/8380\/revisions\/8382"}],"wp:featuredmedia":[{"embeddable":true,"href":"https:\/\/pasaenmendoza.com\/index.php?rest_route=\/wp\/v2\/media\/8381"}],"wp:attachment":[{"href":"https:\/\/pasaenmendoza.com\/index.php?rest_route=%2Fwp%2Fv2%2Fmedia&parent=8380"}],"wp:term":[{"taxonomy":"category","embeddable":true,"href":"https:\/\/pasaenmendoza.com\/index.php?rest_route=%2Fwp%2Fv2%2Fcategories&post=8380"},{"taxonomy":"post_tag","embeddable":true,"href":"https:\/\/pasaenmendoza.com\/index.php?rest_route=%2Fwp%2Fv2%2Ftags&post=8380"}],"curies":[{"name":"wp","href":"https:\/\/api.w.org\/{rel}","templated":true}]}}