{"id":8383,"date":"2024-06-26T23:50:36","date_gmt":"2024-06-26T21:50:36","guid":{"rendered":"https:\/\/pasaenmendoza.com\/?p=8383"},"modified":"2024-06-26T23:50:37","modified_gmt":"2024-06-26T21:50:37","slug":"el-ministro-de-produccion-confirmo-una-linea-de-creditos-baratos-para-colocar-mallas-antigranizo","status":"publish","type":"post","link":"https:\/\/pasaenmendoza.com\/?p=8383","title":{"rendered":"El ministro de Producci\u00f3n confirm\u00f3 una l\u00ednea de cr\u00e9ditos baratos para colocar mallas antigranizo"},"content":{"rendered":"\n<p>El ministro de Producci\u00f3n de Mendoza,\u00a0<strong>Rodolfo Vargas Arizu<\/strong>, confirm\u00f3 este mi\u00e9rcoles que el Gobierno pretende inyectar un total de\u00a0<strong>$40 mil millones en cr\u00e9ditos para empresarios locales<\/strong>. Y uno de los ejes de esta pol\u00edtica, seg\u00fan destac\u00f3, es el apoyo a los productores que quieran colocar\u00a0<strong>mallas antigranizo<\/strong>.<\/p>\n\n\n\n<p>Con ello, el ministro ratific\u00f3 algo que ya era un secreto a voces: que\u00a0<strong>se est\u00e1n explorando formas de ampliar el abanico de herramientas de protecci\u00f3n ante ese tipo de precipitaciones<\/strong>, que casi todos los a\u00f1os generan\u00a0<strong>p\u00e9rdidas millonarias<\/strong>\u00a0en la econom\u00eda provincial.<\/p>\n\n\n\n<h2 class=\"wp-block-heading\">Dinero fresco<\/h2>\n\n\n\n<p>&#8220;Siendo este un encuentro donde el foco est\u00e1 en la&nbsp;<strong>agroindustria<\/strong>, quiero decirles que estamos enfocados fuertemente en&nbsp;<strong>potenciar la diversidad de actividades agroindustriales<\/strong>&nbsp;que representan a Mendoza. Para esto vamos a fortalecer los sistemas de informaci\u00f3n, elaboraci\u00f3n de informes y programas de vinculaci\u00f3n y asistencia directa.&nbsp;<strong>Queremos que el sector productivo sea protagonista<\/strong>&nbsp;en definir cu\u00e1les son los temas espec\u00edficos que quiere impulsar&#8221;, recalc\u00f3 el orador.<\/p>\n\n\n\n<p>Y luego revel\u00f3 que &#8220;el Ministerio de la Producci\u00f3n ha cerrado un acuerdo con el\u00a0<strong>Banco de la Naci\u00f3n Argentina<\/strong>\u00a0para lanzar una l\u00ednea de cr\u00e9dito de hasta\u00a0<strong>$20.000 millones<\/strong>\u00a0destinada\u00a0<strong>colocaci\u00f3n de malla antigranizo, eficiencia h\u00eddrica y\/o energ\u00e9tica y compra de activos fijos<\/strong>&#8220;.<\/p>\n\n\n\n<p>En esa coyuntura, la provincia -a trav\u00e9s del Fondo para la Transformaci\u00f3n y Crecimiento-&nbsp;<strong>asumir\u00e1 el pago de una bonificaci\u00f3n de 5 puntos porcentuales de la tasa de inter\u00e9s de los cr\u00e9ditos<\/strong>, para alcanzar una<strong>&nbsp;tasa nominal anual del 14% para los primeros 3 a\u00f1os<\/strong>. &#8220;Algo sumamente ventajoso y competitivo, considerando el contexto actual&#8221;, analiz\u00f3 el ministro.<\/p>\n\n\n\n<p>Adem\u00e1s, Vargas Arizu se refiri\u00f3 a gestiones que se est\u00e1n concretando con el Banco Ciudad y otras entidades para fortalecer el acceso al cr\u00e9dito en la provincia. &#8220;<strong>Aspiramos a inyectar en los pr\u00f3ximos meses financiamiento para todo el sector productivo de $ 40.000 millones<\/strong>, con tasas bonificadas, para lo cual el gobierno provincial destinar\u00e1 unos $6.000 millones&#8221;.<\/p>\n\n\n\n<h2 class=\"wp-block-heading\">El Primer Foro Agroindustrial Pyme<\/h2>\n\n\n\n<p>El&nbsp;<strong>Ministerio de Producci\u00f3n<\/strong>, en conjunto con la&nbsp;<strong>Federaci\u00f3n Econ\u00f3mica de Mendoza (FEM)<\/strong>, la&nbsp;<strong>Confederaci\u00f3n Argentina de la Mediana Empresa (CAME)<\/strong>&nbsp;y el&nbsp;<strong>Instituto de Desarrollo Industrial, Tecnol\u00f3gico y de Servicios (IDITS)<\/strong>&nbsp;organizaron el&nbsp;<strong>Primer Foro Agroindustrial Pyme<\/strong>.<\/p>\n\n\n\n<p>El comenz\u00f3 este mi\u00e9rcoles a las 8.30 en el auditorio \u00c1ngel Bustelo, bajo el objetivo de &#8220;conocer los desaf\u00edos y tendencias del mundo agroindustrial&#8221; y concretar\u00a0<strong>rondas de negocios<\/strong>\u00a0entre empresas locales y jugadores internacionales como\u00a0<strong>Arcor, Quilmes, Nestl\u00e9, Molinos R\u00edo de la Plata, Unilever y Ledesma<\/strong>.<\/p>\n\n\n\n<p><strong>Fuente: www.diariouno.com.ar<\/strong><\/p>\n","protected":false},"excerpt":{"rendered":"<p>El ministro de Producci\u00f3n de Mendoza,\u00a0Rodolfo Vargas Arizu, confirm\u00f3 este mi\u00e9rcoles que el Gobierno pretende inyectar un total de\u00a0$40 mil millones en cr\u00e9ditos para empresarios locales. Y uno de los ejes de esta pol\u00edtica, seg\u00fan destac\u00f3, es el apoyo a los productores que quieran colocar\u00a0mallas antigranizo. Con ello, el ministro ratific\u00f3 algo que ya era [&hellip;]<\/p>\n","protected":false},"author":2,"featured_media":8384,"comment_status":"open","ping_status":"open","sticky":false,"template":"","format":"standard","meta":[],"categories":[87],"tags":[],"_links":{"self":[{"href":"https:\/\/pasaenmendoza.com\/index.php?rest_route=\/wp\/v2\/posts\/8383"}],"collection":[{"href":"https:\/\/pasaenmendoza.com\/index.php?rest_route=\/wp\/v2\/posts"}],"about":[{"href":"https:\/\/pasaenmendoza.com\/index.php?rest_route=\/wp\/v2\/types\/post"}],"author":[{"embeddable":true,"href":"https:\/\/pasaenmendoza.com\/index.php?rest_route=\/wp\/v2\/users\/2"}],"replies":[{"embeddable":true,"href":"https:\/\/pasaenmendoza.com\/index.php?rest_route=%2Fwp%2Fv2%2Fcomments&post=8383"}],"version-history":[{"count":1,"href":"https:\/\/pasaenmendoza.com\/index.php?rest_route=\/wp\/v2\/posts\/8383\/revisions"}],"predecessor-version":[{"id":8385,"href":"https:\/\/pasaenmendoza.com\/index.php?rest_route=\/wp\/v2\/posts\/8383\/revisions\/8385"}],"wp:featuredmedia":[{"embeddable":true,"href":"https:\/\/pasaenmendoza.com\/index.php?rest_route=\/wp\/v2\/media\/8384"}],"wp:attachment":[{"href":"https:\/\/pasaenmendoza.com\/index.php?rest_route=%2Fwp%2Fv2%2Fmedia&parent=8383"}],"wp:term":[{"taxonomy":"category","embeddable":true,"href":"https:\/\/pasaenmendoza.com\/index.php?rest_route=%2Fwp%2Fv2%2Fcategories&post=8383"},{"taxonomy":"post_tag","embeddable":true,"href":"https:\/\/pasaenmendoza.com\/index.php?rest_route=%2Fwp%2Fv2%2Ftags&post=8383"}],"curies":[{"name":"wp","href":"https:\/\/api.w.org\/{rel}","templated":true}]}}